{"id":67404,"date":"2025-01-21T06:45:14","date_gmt":"2025-01-21T11:45:14","guid":{"rendered":"https:\/\/esreviral.com\/?p=67404"},"modified":"2025-01-21T08:14:18","modified_gmt":"2025-01-21T13:14:18","slug":"el-canciller-colombiano-confirmo-su-salida-del-cargo-quien-sera-el-reemplazo","status":"publish","type":"post","link":"https:\/\/esreviral.com\/?p=67404","title":{"rendered":"Petro hace cambios estrat\u00e9gicos en su pol\u00edtica exterior que podr\u00eda afectar a Venezuela"},"content":{"rendered":"\n<p><strong>Gustavo Petro, presidente de Colombia, tom\u00f3 una decisi\u00f3n que impactar\u00e1 su pol\u00edtica internacional, especialmente en relaci\u00f3n con Venezuela. Entre los cambios en su gabinete, destaca la salida del canciller colombiano, Luis Gilberto Murillo, quien ha sido un defensor de la democracia en el pa\u00eds y una voz cr\u00edtica sobre el proceso electoral en Venezuela el pasado 28 de julio. Este cambio podr\u00eda afectar a los venezolanos, ya que la nueva canciller, Laura Sarabia, podr\u00eda no seguir la misma l\u00ednea en pol\u00edtica internacional.<\/strong><\/p>\n\n\n\n<p>\u201c<strong><em>He presentado mi renuncia como canciller de Colombia. Agradezco al presidente Gustavo Petro por la oportunidad de ser parte de este momento hist\u00f3rico\u201d<\/em><\/strong>, expres\u00f3 Murillo en X. Su gesti\u00f3n concluir\u00e1 el pr\u00f3ximo 31 de enero, tras casi un a\u00f1o en el Ministerio de Relaciones Exteriores.<\/p>\n\n\n\n<p class=\"has-text-align-center\"><em><strong><em><strong><em><strong><em><strong><a href=\"https:\/\/t.me\/esreviral\">\u00daNETE A NUESTRO CANAL DE TELEGRAM PARA ESTAR INFORMADO<\/a><\/strong><\/em><\/strong><\/em><\/strong><\/em><\/strong><\/em><\/p>\n\n\n\n<h3 class=\"wp-block-heading\"><strong><mark style=\"background-color:rgba(0, 0, 0, 0)\" class=\"has-inline-color has-vivid-red-color\">Balance de la gesti\u00f3n de Murillo<\/mark><\/strong><\/h3>\n\n\n\n<p>En su mensaje, el saliente canciller destac\u00f3 los avances alcanzados durante su periodo, resaltando la consolidaci\u00f3n de Colombia como un \u00abpoder intermedio\u00bb en el escenario internacional. Subray\u00f3 el fortalecimiento de alianzas estrat\u00e9gicas y una visi\u00f3n multilateral que ha posicionado al pa\u00eds como un actor clave tanto en el Sur como en el Norte Global.<\/p>\n\n\n\n<p>\u201c<strong><em>Colombia es hoy un referente en la promoci\u00f3n del di\u00e1logo y la cooperaci\u00f3n internacional. Enfrentamos con firmeza prioridades estrat\u00e9gicas como la paz, la defensa de los derechos humanos, el Derecho Internacional Humanitario, la democracia, y los desaf\u00edos migratorios y clim\u00e1ticos<\/em><\/strong>\u201d, afirm\u00f3.<\/p>\n\n\n\n<p>Murillo tambi\u00e9n destac\u00f3 la diplomacia como un servicio centrado en la ciudadan\u00eda, logrando una mayor cooperaci\u00f3n internacional para atender a comunidades en el exterior y en los territorios afectados por eventos clim\u00e1ticos. \u201c<strong><em>En medio de coincidencias y diferencias, demostramos que, con di\u00e1logo y consenso, es posible avanzar hacia un pa\u00eds mejor<\/em><\/strong>\u201d, concluy\u00f3.<\/p>\n\n\n\n<blockquote class=\"twitter-tweet\"><p lang=\"es\" dir=\"ltr\">He presentado mi renuncia como Canciller de Colombia, agradezco al presidente <a href=\"https:\/\/twitter.com\/petrogustavo?ref_src=twsrc%5Etfw\">@PetroGustavo<\/a> por la oportunidad de ser parte de este momento hist\u00f3rico.<br><br>Dejamos un pa\u00eds encaminado a consolidarse como un poder intermedio, fortaleciendo alianzas estrat\u00e9gicas y ampliando nuestra\u2026<\/p>&mdash; Luis Gilberto Murillo (@LuisGMurillo) <a href=\"https:\/\/twitter.com\/LuisGMurillo\/status\/1881513965143949802?ref_src=twsrc%5Etfw\">January 21, 2025<\/a><\/blockquote> <script async src=\"https:\/\/platform.twitter.com\/widgets.js\" charset=\"utf-8\"><\/script>\n\n\n\n<h3 class=\"wp-block-heading\"><strong><mark style=\"background-color:rgba(0, 0, 0, 0)\" class=\"has-inline-color has-vivid-red-color\">Laura Sarabia: el relevo en Canciller\u00eda<\/mark><\/strong><\/h3>\n\n\n\n<p><strong>Laura Sarabia,<\/strong> abogada bogotana nacida en 1994, <strong>asumir\u00e1 el cargo de canciller tras convertirse en una de las personas m\u00e1s cercanas al presidente Petro<\/strong>. A lo largo de los \u00faltimos dos a\u00f1os, Sarabia ha ocupado roles clave como jefa de gabinete y directora del Dapre, consolid\u00e1ndose como una figura de confianza en el equipo presidencial.<\/p>\n\n\n\n<p>Sarabia estuvo envuelta en un esc\u00e1ndalo en mayo de 2023, cuando fue acusada de realizar escuchas ilegales a una empleada tras la desaparici\u00f3n de un malet\u00edn con dinero en su residencia. Este episodio la llev\u00f3 a dimitir como jefa de gabinete y apartarse temporalmente del Gobierno. Sin embargo, la confianza del presidente Petro permiti\u00f3 su regreso, primero como directora del Departamento de Prosperidad Social (DPS) y luego nuevamente en el Dapre.<\/p>\n\n\n\n<h2 class=\"wp-block-heading\"><strong><mark style=\"background-color:rgba(0, 0, 0, 0)\" class=\"has-inline-color has-vivid-red-color\">Cambios en el gabinete<\/mark><\/strong><\/h2>\n\n\n\n<p>El nombramiento de Sarabia como canciller se suma a otros cambios en el gabinete anunciados este lunes, incluyendo la salida de Mauricio Lizcano del Ministerio de Tecnolog\u00edas de la Informaci\u00f3n y las Comunicaciones (TIC) y de Mar\u00eda Constanza Garc\u00eda del Ministerio de Transporte.<\/p>\n\n\n\n<p>Estos movimientos se producen en un contexto pol\u00edtico marcado por las elecciones parlamentarias y presidenciales previstas para el pr\u00f3ximo a\u00f1o. Seg\u00fan la legislaci\u00f3n colombiana, quienes hayan ocupado cargos p\u00fablicos con manejo de presupuesto no pueden postularse en los 12 meses previos a la inscripci\u00f3n electoral.<\/p>\n\n\n\n<p>Con la prohibici\u00f3n constitucional de la reelecci\u00f3n presidencial, los recientes cambios en el gabinete podr\u00edan perfilar a los posibles sucesores de Petro dentro del Pacto Hist\u00f3rico, el partido oficialista.<\/p>\n\n\n\n<p class=\"has-text-align-center\"><strong><a href=\"https:\/\/chat.whatsapp.com\/KWkTmakY3I05kNdd2oZl6d\"><em>\u00daNETE A NUESTRO GRUPO DE WHATSAPP PARA ESTAR INFORMADO<\/em><\/a><\/strong><\/p>\n","protected":false},"excerpt":{"rendered":"<p>El ministro de Relaciones Exteriores saliente destac\u00f3 que durante su gesti\u00f3n, Colombia se empez\u00f3 a consolidar \u00abcomo un poder intermedio, fortaleciendo alianzas estrat\u00e9gicas\u00bb y ampliando su \u00abvisi\u00f3n multilateral\u00bb<\/p>\n","protected":false},"author":3,"featured_media":67405,"comment_status":"closed","ping_status":"closed","sticky":false,"template":"","format":"standard","meta":{"jnews-multi-image_gallery":[],"jnews_single_post":{"format":"standard"},"jnews_primary_category":[],"jnews_social_meta":[],"jnews_review":[],"enable_review":"","type":"","name":"","summary":"","brand":"","sku":"","good":[],"bad":[],"score_override":"","override_value":"","rating":[],"price":[],"jnews_override_counter":[],"jnews_post_split":[],"footnotes":""},"categories":[88],"tags":[17026,283,23334,17028,45],"class_list":["post-67404","post","type-post","status-publish","format-standard","has-post-thumbnail","hentry","category-internacionales","tag-canciller-colombiano","tag-colombia","tag-laura-sarabia","tag-luis-gilberto-murillo","tag-noticias"],"amp_enabled":true,"_links":{"self":[{"href":"https:\/\/esreviral.com\/index.php?rest_route=\/wp\/v2\/posts\/67404"}],"collection":[{"href":"https:\/\/esreviral.com\/index.php?rest_route=\/wp\/v2\/posts"}],"about":[{"href":"https:\/\/esreviral.com\/index.php?rest_route=\/wp\/v2\/types\/post"}],"author":[{"embeddable":true,"href":"https:\/\/esreviral.com\/index.php?rest_route=\/wp\/v2\/users\/3"}],"replies":[{"embeddable":true,"href":"https:\/\/esreviral.com\/index.php?rest_route=%2Fwp%2Fv2%2Fcomments&post=67404"}],"version-history":[{"count":0,"href":"https:\/\/esreviral.com\/index.php?rest_route=\/wp\/v2\/posts\/67404\/revisions"}],"wp:featuredmedia":[{"embeddable":true,"href":"https:\/\/esreviral.com\/index.php?rest_route=\/wp\/v2\/media\/67405"}],"wp:attachment":[{"href":"https:\/\/esreviral.com\/index.php?rest_route=%2Fwp%2Fv2%2Fmedia&parent=67404"}],"wp:term":[{"taxonomy":"category","embeddable":true,"href":"https:\/\/esreviral.com\/index.php?rest_route=%2Fwp%2Fv2%2Fcategories&post=67404"},{"taxonomy":"post_tag","embeddable":true,"href":"https:\/\/esreviral.com\/index.php?rest_route=%2Fwp%2Fv2%2Ftags&post=67404"}],"curies":[{"name":"wp","href":"https:\/\/api.w.org\/{rel}","templated":true}]}}