{"id":67400,"date":"2025-01-20T14:53:28","date_gmt":"2025-01-20T19:53:28","guid":{"rendered":"https:\/\/esreviral.com\/?p=67400"},"modified":"2025-01-20T14:53:29","modified_gmt":"2025-01-20T19:53:29","slug":"los-ministros-de-seguridad-de-caba-y-pba-acordaron-medidas-en-conjunto-tras-los-asesinatos-de-policias","status":"publish","type":"post","link":"https:\/\/esreviral.com\/?p=67400","title":{"rendered":"Los ministros de Seguridad de CABA y PBA acordaron medidas en conjunto tras los asesinatos de polic\u00edas"},"content":{"rendered":"\n<p>Tras semanas de tensiones y acusaciones cruzadas, los ministros de Seguridad de la Provincia de Buenos Aires, Javier Alonso, y de la Ciudad, Waldo Wolff, se reunieron este lunes en el comando de Puente 12 de la Polic\u00eda Bonaerense, en La Matanza. El encuentro tuvo como objetivo coordinar un plan de acci\u00f3n frente a los reiterados hechos de inseguridad en el conurbano bonaerense, donde varios polic\u00edas porte\u00f1os han perdido la vida en ataques violentos.<\/p>\n\n\n\n<p>Wolff destac\u00f3 en su cuenta de X que el compromiso de su gesti\u00f3n est\u00e1 enfocado en solucionar los problemas cotidianos de la poblaci\u00f3n, sin importar divisiones territoriales o pol\u00edticas. \u00abEs con orden\u00bb, enfatiz\u00f3 el ministro.<\/p>\n\n\n\n<p class=\"has-text-align-center\"><em><strong><em><strong><em><strong><em><strong><a href=\"https:\/\/t.me\/esreviral\">\u00daNETE A NUESTRO CANAL DE TELEGRAM PARA ESTAR INFORMADO<\/a><\/strong><\/em><\/strong><\/em><\/strong><\/em><\/strong><\/em><\/p>\n\n\n\n<h3 class=\"wp-block-heading\"><strong><mark style=\"background-color:rgba(0, 0, 0, 0)\" class=\"has-inline-color has-vivid-red-color\">Contexto de la reuni\u00f3n<\/mark><\/strong><\/h3>\n\n\n\n<p>La cita fue convocada tras un acuerdo entre el jefe de Gobierno porte\u00f1o, Jorge Macri, y el gobernador bonaerense, Axel Kicillof, a ra\u00edz de varios ataques contra efectivos de la Polic\u00eda de la Ciudad en el Gran Buenos Aires. Los casos m\u00e1s graves incluyen el asesinato del oficial Brian Coria en Castelar, a manos de motochorros, y un enfrentamiento en Isidro Casanova donde un oficial mayor abati\u00f3 a dos ladrones y detuvo a un tercero.<\/p>\n\n\n\n<p>Seg\u00fan datos del Gobierno porte\u00f1o, en lo que va de 2025 se han registrado 16 enfrentamientos en la Provincia contra polic\u00edas de la Ciudad, con un promedio de un ataque cada 27 horas. Diez de estos incidentes ocurrieron en La Matanza.<\/p>\n\n\n\n<h3 class=\"wp-block-heading\"><strong><mark style=\"background-color:rgba(0, 0, 0, 0)\" class=\"has-inline-color has-vivid-red-color\">Cruces entre funcionarios<\/mark><\/strong><\/h3>\n\n\n\n<p>A pesar del acuerdo para trabajar en conjunto, las tensiones entre ambas administraciones no han cesado. Javier Alonso acus\u00f3 a la dirigencia del PRO de utilizar estos episodios de violencia para distraer a la opini\u00f3n p\u00fablica. \u201cEs una estrategia para evitar que se vean sus propios problemas pol\u00edticos\u201d, afirm\u00f3 en una entrevista radial, se\u00f1alando que la Ciudad enfrenta desaf\u00edos como la limpieza urbana y la competencia electoral con La Libertad Avanza.<\/p>\n\n\n\n<p>Por su parte, Wolff cuestion\u00f3 la respuesta provincial, se\u00f1alando que la inseguridad en la Provincia est\u00e1 descontrolada. \u201cNos est\u00e1n cagando a tiros. Hoy mataron a uno, pero ya hubo otro tiroteo en La Matanza. La matem\u00e1tica muestra que el delito est\u00e1 aumentando exponencialmente\u201d, asegur\u00f3 en declaraciones a CNN Radio.<\/p>\n\n\n\n<h3 class=\"wp-block-heading\"><strong><mark style=\"background-color:rgba(0, 0, 0, 0)\" class=\"has-inline-color has-vivid-red-color\">Debate sobre jurisdicciones<\/mark><\/strong><\/h3>\n\n\n\n<p>Uno de los puntos de conflicto ha sido la jurisdicci\u00f3n. Alonso critic\u00f3 a Wolff por intervenir en temas fuera de su competencia. Sin embargo, el ministro porte\u00f1o defendi\u00f3 su postura: \u201cEl 50% de las personas que est\u00e1n en la Ciudad vienen del Conurbano, y viceversa. La jurisdicci\u00f3n no termina en la General Paz\u201d.<\/p>\n\n\n\n<p>El cruce se intensific\u00f3 cuando Alonso arremeti\u00f3 contra la gesti\u00f3n porte\u00f1a, acus\u00e1ndola de no difundir la fuga de presos y atribuy\u00e9ndose la captura de algunos de ellos. Wolff, en cambio, se\u00f1al\u00f3: \u201cYo me hago cargo de los presos de la Ciudad de Buenos Aires. La pregunta es, \u00bfustedes se hacen cargo de que a los bonaerenses los est\u00e1n cagando a tiros?\u201d.<\/p>\n\n\n\n<h3 class=\"wp-block-heading\"><strong><mark style=\"background-color:rgba(0, 0, 0, 0)\" class=\"has-inline-color has-vivid-red-color\">Expectativas a futuro<\/mark><\/strong><\/h3>\n\n\n\n<p>Pese a las acusaciones, ambas partes coincidieron en la necesidad de trabajar en conjunto para enfrentar la ola de violencia en la regi\u00f3n. Sin embargo, el trasfondo pol\u00edtico y electoral amenaza con dificultar la implementaci\u00f3n de soluciones efectivas. La inseguridad, mientras tanto, contin\u00faa siendo una de las principales preocupaciones de los habitantes del conurbano bonaerense y de la Ciudad de Buenos Aires.<\/p>\n\n\n\n<p class=\"has-text-align-center\"><strong><a href=\"https:\/\/chat.whatsapp.com\/KWkTmakY3I05kNdd2oZl6d\"><em>\u00daNETE A NUESTRO GRUPO DE WHATSAPP PARA ESTAR INFORMADO<\/em><\/a><\/strong><\/p>\n","protected":false},"excerpt":{"rendered":"<p>Javier Alonso se reuni\u00f3 con su par porte\u00f1o, Waldo Wolff, en el comando de Puente 12 de la Polic\u00eda Bonaerense en La Matanza.<\/p>\n","protected":false},"author":3,"featured_media":67401,"comment_status":"closed","ping_status":"closed","sticky":false,"template":"","format":"standard","meta":{"jnews-multi-image_gallery":[],"jnews_single_post":{"format":"standard"},"jnews_primary_category":[],"jnews_social_meta":[],"jnews_review":[],"enable_review":"","type":"","name":"","summary":"","brand":"","sku":"","good":[],"bad":[],"score_override":"","override_value":"","rating":[],"price":[],"jnews_override_counter":[],"jnews_post_split":[],"footnotes":""},"categories":[58,59],"tags":[44,23323,894,940,23322,45,363,5953],"class_list":["post-67400","post","type-post","status-publish","format-standard","has-post-thumbnail","hentry","category-argentina","category-politica","tag-argentina","tag-asesinatos-de-policias","tag-ciudad-de-buenos-aires","tag-inseguridad","tag-javier-alonso","tag-noticias","tag-provincia-de-buenos-aires","tag-waldo-wolff"],"amp_enabled":true,"_links":{"self":[{"href":"https:\/\/esreviral.com\/index.php?rest_route=\/wp\/v2\/posts\/67400"}],"collection":[{"href":"https:\/\/esreviral.com\/index.php?rest_route=\/wp\/v2\/posts"}],"about":[{"href":"https:\/\/esreviral.com\/index.php?rest_route=\/wp\/v2\/types\/post"}],"author":[{"embeddable":true,"href":"https:\/\/esreviral.com\/index.php?rest_route=\/wp\/v2\/users\/3"}],"replies":[{"embeddable":true,"href":"https:\/\/esreviral.com\/index.php?rest_route=%2Fwp%2Fv2%2Fcomments&post=67400"}],"version-history":[{"count":0,"href":"https:\/\/esreviral.com\/index.php?rest_route=\/wp\/v2\/posts\/67400\/revisions"}],"wp:featuredmedia":[{"embeddable":true,"href":"https:\/\/esreviral.com\/index.php?rest_route=\/wp\/v2\/media\/67401"}],"wp:attachment":[{"href":"https:\/\/esreviral.com\/index.php?rest_route=%2Fwp%2Fv2%2Fmedia&parent=67400"}],"wp:term":[{"taxonomy":"category","embeddable":true,"href":"https:\/\/esreviral.com\/index.php?rest_route=%2Fwp%2Fv2%2Fcategories&post=67400"},{"taxonomy":"post_tag","embeddable":true,"href":"https:\/\/esreviral.com\/index.php?rest_route=%2Fwp%2Fv2%2Ftags&post=67400"}],"curies":[{"name":"wp","href":"https:\/\/api.w.org\/{rel}","templated":true}]}}