{"id":67387,"date":"2025-01-20T13:31:36","date_gmt":"2025-01-20T18:31:36","guid":{"rendered":"https:\/\/esreviral.com\/?p=67387"},"modified":"2025-01-20T13:31:37","modified_gmt":"2025-01-20T18:31:37","slug":"amanda-dudamel-se-casa-conoce-al-afortunado-que-conquisto-a-la-virreina-universal","status":"publish","type":"post","link":"https:\/\/esreviral.com\/?p=67387","title":{"rendered":"\u00a1Amanda Dudamel se casa! Conoce al afortunado que conquist\u00f3 a la virreina universal"},"content":{"rendered":"\n<p><strong>Amanda Dudamel, virreina universal 2022, <\/strong>sorprendi\u00f3 a sus seguidores al anunciar su compromiso matrimonial con <strong>Daniel Roa<\/strong>, su novio de toda la vida, tenista y empresario. La feliz noticia fue compartida la noche del 19 de enero a trav\u00e9s de las<strong> redes sociales<\/strong> de Dudamel, donde public\u00f3 una imagen junto a Roa, acompa\u00f1ada de un anillo y la fecha \u201c19.01.25\u201d.<\/p>\n\n\n\n<p>Aunque la modelo y dise\u00f1adora no ofreci\u00f3 declaraciones al respecto, la publicaci\u00f3n dej\u00f3 entrever que se prepara para dar el gran paso. Esto desat\u00f3 rumores sobre una <strong>posible boda<\/strong> en el futuro cercano, aunque los detalles del compromiso a\u00fan no se han revelado.<\/p>\n\n\n\n<p class=\"has-text-align-center\"><em><strong><em><strong><em><strong><em><strong><a href=\"https:\/\/t.me\/esreviral\">\u00daNETE A NUESTRO CANAL DE TELEGRAM PARA ESTAR INFORMADO<\/a><\/strong><\/em><\/strong><\/em><\/strong><\/em><\/strong><\/em><\/p>\n\n\n\n<figure class=\"wp-block-image size-large\"><img decoding=\"async\" src=\"https:\/\/ultimasnoticias.com.ve\/wp-content\/uploads\/2025\/01\/AMANDA-DUDAMEL-1-596x1024.jpg\" alt=\"\"\/><\/figure>\n\n\n\n<p><\/p>\n\n\n\n<h3 class=\"wp-block-heading\"><strong><mark style=\"background-color:rgba(0, 0, 0, 0)\" class=\"has-inline-color has-vivid-red-color\">Un amor que naci\u00f3 en M\u00e9rida<\/mark><\/strong><\/h3>\n\n\n\n<p>La historia de Amanda y Daniel comenz\u00f3 en M\u00e9rida, cuando ella ten\u00eda 13 a\u00f1os y \u00e9l 15. Seg\u00fan cont\u00f3 Roa en el programa <em>Shirley Radio<\/em>, en Uni\u00f3n Radio, ambos se conocieron mientras jugaban tenis. \u201c<strong><em>Yo estaba en el equipo de competencia y, por una circunstancia, termin\u00e9 siendo su entrenador. Desde ese momento me dej\u00f3 flechado<\/em><\/strong>\u201d, record\u00f3 Roa.<\/p>\n\n\n\n<p>Amanda, por su parte, admiti\u00f3 que en aquel entonces su mayor temor era contarle a su padre, el exfutbolista Rafael Dudamel, que estaba iniciando una relaci\u00f3n. \u201cDaniel fue persistente, y bueno, aqu\u00ed estamos\u201d, coment\u00f3 la dise\u00f1adora.<\/p>\n\n\n\n<h3 class=\"wp-block-heading\"><strong><mark style=\"background-color:rgba(0, 0, 0, 0)\" class=\"has-inline-color has-vivid-red-color\">Un romance a prueba de distancia<\/mark><\/strong><\/h3>\n\n\n\n<p>Con el tiempo, la relaci\u00f3n enfrent\u00f3 desaf\u00edos, incluyendo un periodo a distancia: Amanda estudiaba dise\u00f1o en Roma, Italia, mientras Daniel resid\u00eda en Houston, Estados Unidos. Incluso estuvieron separados por dos a\u00f1os antes de retomar su romance en Venezuela.<\/p>\n\n\n\n<p>Daniel ha sido un apoyo fundamental en la vida de Amanda, acompa\u00f1\u00e1ndola durante su preparaci\u00f3n para el Miss Universo 2022 y gestionando su carrera actualmente. Adem\u00e1s, juntos fundaron <em>Tributo Coffee House<\/em>, un proyecto dedicado al procesamiento de caf\u00e9 de especialidad venezolano.<\/p>\n\n\n\n<p>Con esta noticia, la pareja da un nuevo paso en su relaci\u00f3n, consolidando una historia de amor que ha trascendido el tiempo y la distancia. <\/p>\n\n\n\n<p class=\"has-text-align-center\"><strong><a href=\"https:\/\/chat.whatsapp.com\/KWkTmakY3I05kNdd2oZl6d\"><em>\u00daNETE A NUESTRO GRUPO DE WHATSAPP PARA ESTAR INFORMADO<\/em><\/a><\/strong><\/p>\n","protected":false},"excerpt":{"rendered":"<p>La exreina de belleza decidi\u00f3 dar un nuevo paso en su relaci\u00f3n y dijo \u00abS\u00cd\u00bb al matrimonio con su novio de la adolescencia<\/p>\n","protected":false},"author":3,"featured_media":67388,"comment_status":"closed","ping_status":"closed","sticky":false,"template":"","format":"standard","meta":{"jnews-multi-image_gallery":[],"jnews_single_post":{"format":"standard"},"jnews_primary_category":[],"jnews_social_meta":[],"jnews_review":[],"enable_review":"","type":"","name":"","summary":"","brand":"","sku":"","good":[],"bad":[],"score_override":"","override_value":"","rating":[],"price":[],"jnews_override_counter":[],"jnews_post_split":[],"footnotes":""},"categories":[50],"tags":[1272,23316,23317,45,23318,1714,56],"class_list":["post-67387","post","type-post","status-publish","format-standard","has-post-thumbnail","hentry","category-entretenimiento","tag-amanda-dudamel","tag-compromiso-matrimonial","tag-daniel-roa","tag-noticias","tag-posible-boda","tag-redes-sociales","tag-venezuela"],"amp_enabled":true,"_links":{"self":[{"href":"https:\/\/esreviral.com\/index.php?rest_route=\/wp\/v2\/posts\/67387"}],"collection":[{"href":"https:\/\/esreviral.com\/index.php?rest_route=\/wp\/v2\/posts"}],"about":[{"href":"https:\/\/esreviral.com\/index.php?rest_route=\/wp\/v2\/types\/post"}],"author":[{"embeddable":true,"href":"https:\/\/esreviral.com\/index.php?rest_route=\/wp\/v2\/users\/3"}],"replies":[{"embeddable":true,"href":"https:\/\/esreviral.com\/index.php?rest_route=%2Fwp%2Fv2%2Fcomments&post=67387"}],"version-history":[{"count":0,"href":"https:\/\/esreviral.com\/index.php?rest_route=\/wp\/v2\/posts\/67387\/revisions"}],"wp:featuredmedia":[{"embeddable":true,"href":"https:\/\/esreviral.com\/index.php?rest_route=\/wp\/v2\/media\/67388"}],"wp:attachment":[{"href":"https:\/\/esreviral.com\/index.php?rest_route=%2Fwp%2Fv2%2Fmedia&parent=67387"}],"wp:term":[{"taxonomy":"category","embeddable":true,"href":"https:\/\/esreviral.com\/index.php?rest_route=%2Fwp%2Fv2%2Fcategories&post=67387"},{"taxonomy":"post_tag","embeddable":true,"href":"https:\/\/esreviral.com\/index.php?rest_route=%2Fwp%2Fv2%2Ftags&post=67387"}],"curies":[{"name":"wp","href":"https:\/\/api.w.org\/{rel}","templated":true}]}}