{"id":67347,"date":"2025-01-20T06:13:00","date_gmt":"2025-01-20T11:13:00","guid":{"rendered":"https:\/\/esreviral.com\/?p=67347"},"modified":"2025-01-20T06:22:01","modified_gmt":"2025-01-20T11:22:01","slug":"trump-prometio-actuar-con-rapidez-contra-la-migracion-ilegal","status":"publish","type":"post","link":"https:\/\/esreviral.com\/?p=67347","title":{"rendered":"Trump prometi\u00f3 actuar con rapidez contra la migraci\u00f3n ilegal"},"content":{"rendered":"\n<p>Este lunes,<strong> Donald Trump asumir\u00e1 la presidencia de Estados Unidos por segunda vez<\/strong>, tras su primer mandato entre 2017 y 2021. Con 78 a\u00f1os de edad, se convertir\u00e1 en el 47.\u00ba presidente de la naci\u00f3n al suceder al dem\u00f3crata Joe Biden, en una ceremonia bajo la c\u00fapula del Capitolio, el mismo lugar que fue escenario del asalto del 6 de enero de 2021 por parte de sus seguidores.<\/p>\n\n\n\n<p>Trump jurar\u00e1 \u00abproteger la Constituci\u00f3n\u00bb con una mano sobre una Biblia familiar y promete actuar \u00abcon una rapidez y fuerza hist\u00f3ricas\u00bb para abordar lo que califica como las principales crisis del pa\u00eds. Entre sus prioridades, <strong>destac\u00f3 detener la inmigraci\u00f3n ilegal, reforzar la producci\u00f3n petrolera y combatir las \u00abideolog\u00edas de izquierda\u00bb.<\/strong><\/p>\n\n\n\n<p class=\"has-text-align-center\"><strong><em>\u00daNETE A NUESTRO CANAL DE TELEGRAM PARA ESTAR INFORMADO<\/em><\/strong><\/p>\n\n\n\n<h3 class=\"wp-block-heading\"><strong><mark style=\"background-color:rgba(0, 0, 0, 0)\" class=\"has-inline-color has-vivid-red-color\">\u00abNo nos invadir\u00e1n\u00bb: discurso en\u00e9rgico en Washington<\/mark><\/strong><\/h3>\n\n\n\n<p>En un mitin realizado el domingo en el Capital One Arena de Washington, Trump reafirm\u00f3 su compromiso de \u00ab<strong><em>detener la invasi\u00f3n de nuestras fronteras<\/em><\/strong>\u00ab. Entre v\u00edtores, asegur\u00f3 que, para el d\u00eda siguiente, todos los migrantes que crucen ilegalmente \u00abestar\u00e1n de vuelta a casa\u00bb. Sin ofrecer pruebas, calific\u00f3 a \u00abmuchos\u00bb migrantes como \u00abasesinos\u00bb y prometi\u00f3 medidas m\u00e1s estrictas para frenar la inmigraci\u00f3n.<\/p>\n\n\n\n<blockquote class=\"twitter-tweet\"><p lang=\"es\" dir=\"ltr\"><a href=\"https:\/\/twitter.com\/hashtag\/20Ene?src=hash&amp;ref_src=twsrc%5Etfw\">#20Ene<\/a> Donald Trump, durante su mitin en Washington, lanz\u00f3 una declaraci\u00f3n contundente: &quot;Hemos permitido la entrada de millones de personas en nuestro pa\u00eds con nuestras fronteras abiertas, sin ning\u00fan tipo de revisi\u00f3n. Muchas de ellas son asesinas&#8230; <a href=\"https:\/\/t.co\/urfme8qwA5\">pic.twitter.com\/urfme8qwA5<\/a><\/p>&mdash; ES RE VIRAL (@esreviral) <a href=\"https:\/\/twitter.com\/esreviral\/status\/1881298480028868750?ref_src=twsrc%5Etfw\">January 20, 2025<\/a><\/blockquote> <script async src=\"https:\/\/platform.twitter.com\/widgets.js\" charset=\"utf-8\"><\/script>\n\n\n\n<p><\/p>\n\n\n\n<p>\u00abConstruiremos nuestro pa\u00eds, defenderemos nuestras fronteras y protegeremos a nuestros ciudadanos. No nos invadir\u00e1n, no nos ocupar\u00e1n, no nos infestar\u00e1n\u00bb, enfatiz\u00f3 Trump.<\/p>\n\n\n\n<p>Su plan incluye la declaraci\u00f3n de un estado de emergencia en la frontera con M\u00e9xico, la designaci\u00f3n de los carteles del narcotr\u00e1fico como organizaciones terroristas y la reinstauraci\u00f3n del programa \u00abQu\u00e9date en M\u00e9xico\u00bb.<\/p>\n\n\n\n<h3 class=\"wp-block-heading\"><strong><mark style=\"background-color:rgba(0, 0, 0, 0)\" class=\"has-inline-color has-vivid-red-color\">Promesas en pol\u00edtica energ\u00e9tica y controversias<\/mark><\/strong><\/h3>\n\n\n\n<p>Trump tambi\u00e9n anticip\u00f3 levantar restricciones a la explotaci\u00f3n petrolera y reducir programas federales enfocados en diversidad. En un gesto que provoc\u00f3 fuertes reacciones, prometi\u00f3 indultar a personas condenadas por el asalto al Capitolio en 2021, lo que gener\u00f3 cr\u00edticas desde diversos sectores, incluido el papa Francisco, quien calific\u00f3 como \u00abuna desgracia\u00bb las pol\u00edticas de expulsi\u00f3n masiva propuestas.<\/p>\n\n\n\n<p>El magnate, quien iniciar\u00e1 su mandato firmando un n\u00famero r\u00e9cord de decretos presidenciales, asegur\u00f3 que su nueva administraci\u00f3n buscar\u00e1 hacer a Estados Unidos fuerte \u00abdurante siglos\u00bb.<\/p>\n\n\n\n<blockquote class=\"twitter-tweet\"><p lang=\"es\" dir=\"ltr\"><a href=\"https:\/\/twitter.com\/hashtag\/20Ene?src=hash&amp;ref_src=twsrc%5Etfw\">#20Ene<\/a> Donald Trump expulsar\u00e1 a los delincuentes extranjeros de EEUU: &quot;Vamos a sacar esa banda salvaje del Tren de Aragua&quot;<br><br>Video Cortes\u00eda <a href=\"https:\/\/t.co\/vijQBt3GFi\">pic.twitter.com\/vijQBt3GFi<\/a><\/p>&mdash; ES RE VIRAL (@esreviral) <a href=\"https:\/\/twitter.com\/esreviral\/status\/1881300975451058397?ref_src=twsrc%5Etfw\">January 20, 2025<\/a><\/blockquote> <script async src=\"https:\/\/platform.twitter.com\/widgets.js\" charset=\"utf-8\"><\/script>\n\n\n\n<h3 class=\"wp-block-heading\"><strong><mark style=\"background-color:rgba(0, 0, 0, 0)\" class=\"has-inline-color has-vivid-red-color\">Apoyo empresarial y criptomonedas<\/mark><\/strong><\/h3>\n\n\n\n<p>Durante el mitin, Trump cont\u00f3 con el respaldo del empresario Elon Musk, quien subi\u00f3 al escenario y anunci\u00f3 su colaboraci\u00f3n para auditar el gasto p\u00fablico y reducir el d\u00e9ficit fiscal. Adem\u00e1s, Trump lanz\u00f3 una nueva criptomoneda que promete aumentar su fortuna personal, mientras el bitc\u00f3in alcanz\u00f3 un r\u00e9cord hist\u00f3rico de m\u00e1s de 109.000 d\u00f3lares, impulsado por la expectativa de regulaciones m\u00e1s flexibles en el sector financiero bajo su administraci\u00f3n.<\/p>\n\n\n\n<h3 class=\"wp-block-heading\"><strong><mark style=\"background-color:rgba(0, 0, 0, 0)\" class=\"has-inline-color has-vivid-red-color\">Respuestas internacionales<\/mark><\/strong><\/h3>\n\n\n\n<p>El retorno de Trump al poder ha generado reacciones inmediatas en el extranjero. Claudia Sheinbaum, presidenta de M\u00e9xico, declar\u00f3 que su pa\u00eds \u00abno es colonia de nadie\u00bb y asegur\u00f3 que defender\u00e1 a los mexicanos residentes en Estados Unidos ante cualquier pol\u00edtica hostil.<\/p>\n\n\n\n<p>La jornada termin\u00f3 con una presentaci\u00f3n de los Village People interpretando su \u00e9xito \u00abYMCA\u00bb, convertido en un s\u00edmbolo de la campa\u00f1a del republicano. Trump inicia su segundo mandato en medio de controversias, promesas ambiciosas y un escenario pol\u00edtico polarizado que pone a prueba su capacidad de liderar una vez m\u00e1s la primera potencia mundial.<\/p>\n\n\n\n<p class=\"has-text-align-center\"><strong><a href=\"https:\/\/chat.whatsapp.com\/KWkTmakY3I05kNdd2oZl6d\"><em>\u00daNETE A NUESTRO GRUPO DE WHATSAPP PARA ESTAR INFORMADO<\/em><\/a><\/strong><\/p>\n","protected":false},"excerpt":{"rendered":"<p>Durante su primer mandato, el presidente electo aplic\u00f3 una pol\u00edtica de tolerancia cero que incluy\u00f3 la separaci\u00f3n de miles de ni\u00f1os de sus padres migrantes<\/p>\n","protected":false},"author":3,"featured_media":67348,"comment_status":"closed","ping_status":"closed","sticky":false,"template":"","format":"standard","meta":{"jnews-multi-image_gallery":[],"jnews_single_post":{"format":"standard"},"jnews_primary_category":[],"jnews_social_meta":[],"jnews_review":[],"enable_review":"","type":"","name":"","summary":"","brand":"","sku":"","good":[],"bad":[],"score_override":"","override_value":"","rating":[],"price":[],"jnews_override_counter":[],"jnews_post_split":[],"footnotes":""},"categories":[88],"tags":[2088,136,23297,19510,185,4947],"class_list":["post-67347","post","type-post","status-publish","format-standard","has-post-thumbnail","hentry","category-internacionales","tag-donald-trump","tag-estados-unidos","tag-migracion-ilegal","tag-presidencia-de-estados-unidos","tag-trump","tag-washington"],"amp_enabled":true,"_links":{"self":[{"href":"https:\/\/esreviral.com\/index.php?rest_route=\/wp\/v2\/posts\/67347"}],"collection":[{"href":"https:\/\/esreviral.com\/index.php?rest_route=\/wp\/v2\/posts"}],"about":[{"href":"https:\/\/esreviral.com\/index.php?rest_route=\/wp\/v2\/types\/post"}],"author":[{"embeddable":true,"href":"https:\/\/esreviral.com\/index.php?rest_route=\/wp\/v2\/users\/3"}],"replies":[{"embeddable":true,"href":"https:\/\/esreviral.com\/index.php?rest_route=%2Fwp%2Fv2%2Fcomments&post=67347"}],"version-history":[{"count":0,"href":"https:\/\/esreviral.com\/index.php?rest_route=\/wp\/v2\/posts\/67347\/revisions"}],"wp:featuredmedia":[{"embeddable":true,"href":"https:\/\/esreviral.com\/index.php?rest_route=\/wp\/v2\/media\/67348"}],"wp:attachment":[{"href":"https:\/\/esreviral.com\/index.php?rest_route=%2Fwp%2Fv2%2Fmedia&parent=67347"}],"wp:term":[{"taxonomy":"category","embeddable":true,"href":"https:\/\/esreviral.com\/index.php?rest_route=%2Fwp%2Fv2%2Fcategories&post=67347"},{"taxonomy":"post_tag","embeddable":true,"href":"https:\/\/esreviral.com\/index.php?rest_route=%2Fwp%2Fv2%2Ftags&post=67347"}],"curies":[{"name":"wp","href":"https:\/\/api.w.org\/{rel}","templated":true}]}}