{"id":67214,"date":"2025-01-16T07:52:30","date_gmt":"2025-01-16T12:52:30","guid":{"rendered":"https:\/\/esreviral.com\/?p=67214"},"modified":"2025-01-16T07:52:31","modified_gmt":"2025-01-16T12:52:31","slug":"excarcelaron-con-regimen-de-presentacion-al-periodista-carlos-correa","status":"publish","type":"post","link":"https:\/\/esreviral.com\/?p=67214","title":{"rendered":"Excarcelaron con r\u00e9gimen de presentaci\u00f3n al periodista Carlos Correa"},"content":{"rendered":"\n<p><strong>Carlos Correa, periodista y director de la ONG Espacio P\u00fablico, fue excarcelado este  jueves 16 de enero<\/strong>, seg\u00fan inform\u00f3 la organizaci\u00f3n a trav\u00e9s de sus redes sociales. En su comunicado, la ONG expres\u00f3:<br>\u201cEn las primeras horas de este #16Ene, nuestro director Carlos Correa fue excarcelado. Agradecemos a todas las personas, organizaciones, gobiernos y colectivos que se sumaron a la voz por la liberaci\u00f3n. Seguimos trabajando por la defensa de la dignidad humana\u201d.<\/p>\n\n\n\n<p><\/p>\n\n\n\n<p class=\"has-text-align-center\"><em><strong><em><strong><em><strong><em><strong><a href=\"https:\/\/t.me\/esreviral\">\u00daNETE A NUESTRO CANAL DE TELEGRAM PARA ESTAR INFORMADO<\/a><\/strong><\/em><\/strong><\/em><\/strong><\/em><\/strong><\/em><\/p>\n\n\n\n<blockquote class=\"twitter-tweet\"><p lang=\"es\" dir=\"ltr\">En las primeras horas de este <a href=\"https:\/\/twitter.com\/hashtag\/16ene?src=hash&amp;ref_src=twsrc%5Etfw\">#16ene<\/a>, nuestro director Carlos Correa fue excarcelado. <br><br>Agradecemos a todas las personas, organizaciones, gobiernos y colectivos que se sumaron a la voz por la liberaci\u00f3n. <br><br>Seguimos el trabajo por la defensa de la dignidad humana.<a href=\"https:\/\/twitter.com\/hashtag\/LibertadPlena?src=hash&amp;ref_src=twsrc%5Etfw\">#LibertadPlena<\/a> <a href=\"https:\/\/t.co\/Hjl0KEsWCk\">pic.twitter.com\/Hjl0KEsWCk<\/a><\/p>&mdash; Espacio P\u00fablico (@espaciopublico) <a href=\"https:\/\/twitter.com\/espaciopublico\/status\/1879824400062751059?ref_src=twsrc%5Etfw\">January 16, 2025<\/a><\/blockquote> <script async src=\"https:\/\/platform.twitter.com\/widgets.js\" charset=\"utf-8\"><\/script>\n\n\n\n<h4 class=\"wp-block-heading\"><strong><mark style=\"background-color:rgba(0, 0, 0, 0)\" class=\"has-inline-color has-vivid-red-color\">Detenci\u00f3n e incertidumbre<\/mark><\/strong><\/h4>\n\n\n\n<p>Correa fue detenido el 7 de enero cerca del <strong>Palacio de Justicia en Caracas<\/strong> por hombres encapuchados. Desde su captura y hasta su liberaci\u00f3n, su paradero fue desconocido, pese a los esfuerzos de <strong>Espacio P\u00fablico<\/strong>, su esposa Mabel Calder\u00edn y su equipo legal, quienes visitaron diversas sedes de seguridad sin obtener informaci\u00f3n.<\/p>\n\n\n\n<p>El 15 de enero, Calder\u00edn inform\u00f3 que un fiscal hab\u00eda comunicado que Correa fue presentado el 9 de enero en el Tribunal Cuarto de Control contra el Terrorismo, pero se neg\u00f3 a revelar d\u00f3nde estaba detenido. \u201c<strong><em>La salud de Carlos se agrava cada d\u00eda. Exijo a las autoridades que permitan acceso a su ubicaci\u00f3n para que reciba medicamentos y atenci\u00f3n m\u00e9dica<\/em><\/strong>\u201d, declar\u00f3 Calder\u00edn.<\/p>\n\n\n\n<h4 class=\"wp-block-heading\"><strong><mark style=\"background-color:rgba(0, 0, 0, 0)\" class=\"has-inline-color has-vivid-red-color\">Reacciones nacionales e internacionales<\/mark><\/strong><\/h4>\n\n\n\n<p>La detenci\u00f3n de Correa gener\u00f3 condena por parte de organizaciones nacionales e internacionales de derechos humanos, incluyendo la Oficina del Alto Comisionado de la ONU para los Derechos Humanos. Adem\u00e1s, se denunci\u00f3 que Correa fue asistido por un abogado de la defensa p\u00fablica, en violaci\u00f3n del art\u00edculo 49 de la Constituci\u00f3n venezolana, que garantiza el derecho a un abogado de libre elecci\u00f3n.<\/p>\n\n\n\n<p>Hasta ahora, las autoridades no han divulgado los delitos imputados ni las razones de su arresto. Sin embargo, el primer vicepresidente del PSUV, Diosdado Cabello, lo se\u00f1al\u00f3 como parte de una supuesta conspiraci\u00f3n d\u00edas antes de su detenci\u00f3n.<\/p>\n\n\n\n<h4 class=\"wp-block-heading\"><strong><mark style=\"background-color:rgba(0, 0, 0, 0)\" class=\"has-inline-color has-vivid-red-color\">Sobre Espacio P\u00fablico<\/mark><\/strong><\/h4>\n\n\n\n<p>Fundada en enero de 2015, Espacio P\u00fablico es una ONG con sede en Caracas dedicada a promover el derecho a la informaci\u00f3n, fortalecer la democracia y realizar un periodismo responsable y cre\u00edble.<\/p>\n\n\n\n<p class=\"has-text-align-center\"><strong><a href=\"https:\/\/chat.whatsapp.com\/KWkTmakY3I05kNdd2oZl6d\"><em>\u00daNETE A NUESTRO GRUPO DE WHATSAPP PARA ESTAR INFORMADO<\/em><\/a><\/strong><\/p>\n\n\n\n<p><\/p>\n","protected":false},"excerpt":{"rendered":"<p>Correa hab\u00eda sido detenido el martes 7 de enero por hombres encapuchados mientras se encontraba en las cercan\u00edas del Palacio de Justicia en Caracas.<\/p>\n","protected":false},"author":3,"featured_media":67215,"comment_status":"closed","ping_status":"closed","sticky":false,"template":"","format":"standard","meta":{"jnews-multi-image_gallery":[],"jnews_single_post":{"format":"standard"},"jnews_primary_category":[],"jnews_social_meta":[],"jnews_review":[],"enable_review":"","type":"","name":"","summary":"","brand":"","sku":"","good":[],"bad":[],"score_override":"","override_value":"","rating":[],"price":[],"jnews_override_counter":[],"jnews_post_split":[],"footnotes":""},"categories":[59,66],"tags":[23140,3085,45,23141,56],"class_list":["post-67214","post","type-post","status-publish","format-standard","has-post-thumbnail","hentry","category-politica","category-venezuela","tag-carlos-correa","tag-espacio-publico","tag-noticias","tag-palacio-de-justicia-en-caracas","tag-venezuela"],"amp_enabled":true,"_links":{"self":[{"href":"https:\/\/esreviral.com\/index.php?rest_route=\/wp\/v2\/posts\/67214"}],"collection":[{"href":"https:\/\/esreviral.com\/index.php?rest_route=\/wp\/v2\/posts"}],"about":[{"href":"https:\/\/esreviral.com\/index.php?rest_route=\/wp\/v2\/types\/post"}],"author":[{"embeddable":true,"href":"https:\/\/esreviral.com\/index.php?rest_route=\/wp\/v2\/users\/3"}],"replies":[{"embeddable":true,"href":"https:\/\/esreviral.com\/index.php?rest_route=%2Fwp%2Fv2%2Fcomments&post=67214"}],"version-history":[{"count":0,"href":"https:\/\/esreviral.com\/index.php?rest_route=\/wp\/v2\/posts\/67214\/revisions"}],"wp:featuredmedia":[{"embeddable":true,"href":"https:\/\/esreviral.com\/index.php?rest_route=\/wp\/v2\/media\/67215"}],"wp:attachment":[{"href":"https:\/\/esreviral.com\/index.php?rest_route=%2Fwp%2Fv2%2Fmedia&parent=67214"}],"wp:term":[{"taxonomy":"category","embeddable":true,"href":"https:\/\/esreviral.com\/index.php?rest_route=%2Fwp%2Fv2%2Fcategories&post=67214"},{"taxonomy":"post_tag","embeddable":true,"href":"https:\/\/esreviral.com\/index.php?rest_route=%2Fwp%2Fv2%2Ftags&post=67214"}],"curies":[{"name":"wp","href":"https:\/\/api.w.org\/{rel}","templated":true}]}}