{"id":67207,"date":"2025-01-16T07:18:59","date_gmt":"2025-01-16T12:18:59","guid":{"rendered":"https:\/\/esreviral.com\/?p=67207"},"modified":"2025-01-16T08:30:59","modified_gmt":"2025-01-16T13:30:59","slug":"calor-y-cortes-de-luz-un-combo-letal-que-afecta-a-mas-de-40-mil-usuarios","status":"publish","type":"post","link":"https:\/\/esreviral.com\/?p=67207","title":{"rendered":"Calor y cortes de luz: Un combo letal que afecta a m\u00e1s de 40 mil usuarios"},"content":{"rendered":"\n<p>En una jornada marcada po<strong>r temperaturas sofocantes y cortes de electricidad<\/strong>, miles de vecinos de la Ciudad de Buenos Aires y el conurbano bonaerense enfrentaron un panorama complicado este jueves. Con una m\u00e1xima prevista de 36\u00b0, <strong>m\u00e1s de 20.000 usuarios continuaban sin suministro el\u00e9ctrico, agravando la situaci\u00f3n para quienes buscan aliviar el intenso calor.<\/strong><\/p>\n\n\n\n<h4 class=\"wp-block-heading\"><strong><mark style=\"background-color:rgba(0, 0, 0, 0)\" class=\"has-inline-color has-vivid-red-color\">Ma\u00f1ana calurosa y ca\u00f3tica<\/mark><\/strong><\/h4>\n\n\n\n<p>El d\u00eda comenz\u00f3 con cielo parcialmente nublado y una temperatura de 25\u00b0, que fue escalando r\u00e1pidamente. Seg\u00fan recomendaciones de las autoridades, se aconseja evitar la exposici\u00f3n al sol, hidratarse constantemente y no realizar actividad f\u00edsica durante las horas de mayor calor.<\/p>\n\n\n\n<p>A las 7 de la ma\u00f1ana, m\u00e1s de 50.000 usuarios estaban sin luz, seg\u00fan el Ente Nacional Regulador de la Electricidad (ENRE). Entre los barrios porte\u00f1os afectados se encontraban <strong>Flores, Floresta, Mataderos, Parque Chacabuco, Villa Crespo, Villa Lugano, Villa Luro, Caballito y Parque Avellaneda<\/strong>, donde tambi\u00e9n se reportaron sem\u00e1foros fuera de servicio en avenida Directorio, complicando el tr\u00e1nsito.<\/p>\n\n\n\n<p class=\"has-text-align-center\"><em><strong><em><strong><em><strong><em><strong><a href=\"https:\/\/t.me\/esreviral\">\u00daNETE A NUESTRO CANAL DE TELEGRAM PARA ESTAR INFORMADO<\/a><\/strong><\/em><\/strong><\/em><\/strong><\/em><\/strong><\/em><\/p>\n\n\n\n<h4 class=\"wp-block-heading\"><strong><mark style=\"background-color:rgba(0, 0, 0, 0)\" class=\"has-inline-color has-vivid-red-color\">Incidente t\u00e9cnico y avances en la restituci\u00f3n del servicio<\/mark><\/strong><\/h4>\n\n\n\n<p>Edesur inform\u00f3 sobre un principio de incendio en un t\u00fanel de cables de media tensi\u00f3n en Parque Avellaneda durante la madrugada. \u201cUna vez extinguido el incendio, nuestro personal t\u00e9cnico inici\u00f3 las tareas de verificaci\u00f3n de da\u00f1os\u201d, detallaron a trav\u00e9s de la red social X. Este incidente dej\u00f3 a miles de usuarios sin servicio, aunque los trabajos permitieron reducir el n\u00famero de afectados a 35.900.<\/p>\n\n\n\n<p>Pasadas las 9:30, el panorama mejor\u00f3 parcialmente, con poco m\u00e1s de 20.000 usuarios sin suministro: <strong>23.000 de Edesur y 706 de Edenor<\/strong>.<\/p>\n\n\n\n<h4 class=\"wp-block-heading\"><strong><mark style=\"background-color:rgba(0, 0, 0, 0)\" class=\"has-inline-color has-vivid-red-color\">Demanda el\u00e9ctrica y r\u00e9cord hist\u00f3rico<\/mark><\/strong><\/h4>\n\n\n\n<p>La Compa\u00f1\u00eda Administradora del Mercado Mayorista El\u00e9ctrico (CAMMESA) inform\u00f3 que se esperaba un pico de demanda de <strong>29.303 megavatios<\/strong> alrededor de las 15 horas, apenas 349 megavatios por debajo del r\u00e9cord hist\u00f3rico de <strong>29.652 megavatios<\/strong>, registrado el 1\u00b0 de febrero de 2024.<\/p>\n\n\n\n<h4 class=\"wp-block-heading\"><strong><mark style=\"background-color:rgba(0, 0, 0, 0)\" class=\"has-inline-color has-vivid-red-color\">Ola de calor en todo el pa\u00eds<\/mark><\/strong><\/h4>\n\n\n\n<p>El <strong>Servicio Meteorol\u00f3gico Nacional (SMN)<\/strong> mantiene alertas por temperaturas extremas en varias regiones del pa\u00eds. Los niveles de alerta var\u00edan entre amarillo, naranja y rojo en provincias como Buenos Aires, C\u00f3rdoba, San Luis, Mendoza y San Juan. Adem\u00e1s, se emitieron alertas por tormentas en la cordillera, desde Mendoza hasta Jujuy.<\/p>\n\n\n\n<p>En los destinos tur\u00edsticos, las altas temperaturas tambi\u00e9n se hacen sentir. En <strong>Mar del Plata<\/strong>, la m\u00ednima de 21\u00b0 y una m\u00e1xima de 28\u00b0 ofrecieron un leve respiro, mientras que en <strong>C\u00f3rdoba<\/strong> las m\u00e1ximas superan los 35\u00b0, con alertas por tormentas en la zona serrana.<\/p>\n\n\n\n<p class=\"has-text-align-center\"><strong><a href=\"https:\/\/chat.whatsapp.com\/KWkTmakY3I05kNdd2oZl6d\"><em>\u00daNETE A NUESTRO GRUPO DE WHATSAPP PARA ESTAR INFORMADO<\/em><\/a><\/strong><\/p>\n","protected":false},"excerpt":{"rendered":"<p>La falta de suministro afecta desde anoche a varios barrios de Capital Federal y el conurbano.<br \/>\nRigen alertas amarilla y naranja en diferentes puntos de Buenos Aires por las altas temperaturas<\/p>\n","protected":false},"author":3,"featured_media":67209,"comment_status":"closed","ping_status":"closed","sticky":false,"template":"","format":"standard","meta":{"jnews-multi-image_gallery":[],"jnews_single_post":{"format":"standard"},"jnews_primary_category":[],"jnews_social_meta":[],"jnews_review":[],"enable_review":"","type":"","name":"","summary":"","brand":"","sku":"","good":[],"bad":[],"score_override":"","override_value":"","rating":[],"price":[],"jnews_override_counter":[],"jnews_post_split":[],"footnotes":""},"categories":[43,58],"tags":[44,894,2512,3754,5164,2092,45,1261],"class_list":["post-67207","post","type-post","status-publish","format-standard","has-post-thumbnail","hentry","category-actualidad","category-argentina","tag-argentina","tag-ciudad-de-buenos-aires","tag-conurbano-bonaerense","tag-cortes-de-luz","tag-edesur","tag-enre","tag-noticias","tag-ola-de-calor"],"amp_enabled":true,"_links":{"self":[{"href":"https:\/\/esreviral.com\/index.php?rest_route=\/wp\/v2\/posts\/67207"}],"collection":[{"href":"https:\/\/esreviral.com\/index.php?rest_route=\/wp\/v2\/posts"}],"about":[{"href":"https:\/\/esreviral.com\/index.php?rest_route=\/wp\/v2\/types\/post"}],"author":[{"embeddable":true,"href":"https:\/\/esreviral.com\/index.php?rest_route=\/wp\/v2\/users\/3"}],"replies":[{"embeddable":true,"href":"https:\/\/esreviral.com\/index.php?rest_route=%2Fwp%2Fv2%2Fcomments&post=67207"}],"version-history":[{"count":0,"href":"https:\/\/esreviral.com\/index.php?rest_route=\/wp\/v2\/posts\/67207\/revisions"}],"wp:featuredmedia":[{"embeddable":true,"href":"https:\/\/esreviral.com\/index.php?rest_route=\/wp\/v2\/media\/67209"}],"wp:attachment":[{"href":"https:\/\/esreviral.com\/index.php?rest_route=%2Fwp%2Fv2%2Fmedia&parent=67207"}],"wp:term":[{"taxonomy":"category","embeddable":true,"href":"https:\/\/esreviral.com\/index.php?rest_route=%2Fwp%2Fv2%2Fcategories&post=67207"},{"taxonomy":"post_tag","embeddable":true,"href":"https:\/\/esreviral.com\/index.php?rest_route=%2Fwp%2Fv2%2Ftags&post=67207"}],"curies":[{"name":"wp","href":"https:\/\/api.w.org\/{rel}","templated":true}]}}