{"id":67157,"date":"2025-01-15T08:14:41","date_gmt":"2025-01-15T13:14:41","guid":{"rendered":"https:\/\/esreviral.com\/?p=67157"},"modified":"2025-01-15T08:26:57","modified_gmt":"2025-01-15T13:26:57","slug":"canciller-italiano-convoco-al-encargado-de-negocios-de-venezuela-tras-la-expulsion-de-diplomaticos","status":"publish","type":"post","link":"https:\/\/esreviral.com\/?p=67157","title":{"rendered":"Canciller Italiano convoc\u00f3 al encargado de negocios de Venezuela, tras la expulsi\u00f3n de diplom\u00e1ticos"},"content":{"rendered":"\n<p>El ministro de Relaciones Exteriores de Italia, <strong>Antonio Tajani<\/strong>, convoc\u00f3 este mi\u00e9rcoles al encargado de negocios de Venezuela para expresar su protesta por la decisi\u00f3n del gobierno venezolano de restringir el n\u00famero de diplom\u00e1ticos en la legaci\u00f3n italiana.<\/p>\n\n\n\n<p>\u00ab<strong><em>He convocado esta ma\u00f1ana al encargado de negocios de Venezuela (\u2026) para responder a la expulsi\u00f3n de tres de nuestros diplom\u00e1ticos en Caracas\u00bb<\/em><\/strong>, escribi\u00f3 Tajani en la red social X.<\/p>\n\n\n\n<p class=\"has-text-align-center\"><em><strong><em><strong><em><strong><em><strong><a href=\"https:\/\/t.me\/esreviral\">\u00daNETE A NUESTRO CANAL DE TELEGRAM PARA ESTAR INFORMADO<\/a><\/strong><\/em><\/strong><\/em><\/strong><\/em><\/strong><\/em><\/p>\n\n\n\n<blockquote class=\"twitter-tweet\"><p lang=\"it\" dir=\"ltr\">Ho fatto convocare stamani l\u2019incaricato d\u2019affari del <a href=\"https:\/\/twitter.com\/hashtag\/Venezuela?src=hash&amp;ref_src=twsrc%5Etfw\">#Venezuela<\/a> per protestare con forza per la mancanza di informazioni sulla detenzione del cittadino italiano Alberto Trentini e per contestare l\u2019espulsione di 3 nostri diplomatici da Caracas. L\u2019Italia continuer\u00e0 a chiedere al\u2026<\/p>&mdash; Antonio Tajani (@Antonio_Tajani) <a href=\"https:\/\/twitter.com\/Antonio_Tajani\/status\/1879447329326932002?ref_src=twsrc%5Etfw\">January 15, 2025<\/a><\/blockquote> <script async src=\"https:\/\/platform.twitter.com\/widgets.js\" charset=\"utf-8\"><\/script>\n\n\n\n<p><\/p>\n\n\n\n<p>La medida tomada por el gobierno de Nicol\u00e1s Maduro limita a tres el n\u00famero de diplom\u00e1ticos autorizados de Italia, Francia y Pa\u00edses Bajos en Venezuela, acusando a estos pa\u00edses de mantener una \u00abconducta hostil\u00bb. La decisi\u00f3n se produce pocos d\u00edas despu\u00e9s de la juramentaci\u00f3n de Maduro para un tercer mandato, tras unas elecciones ampliamente cuestionadas por la comunidad internacional, que las consider\u00f3 fraudulentas.<\/p>\n\n\n\n<p>Adem\u00e1s, Tajani aprovech\u00f3 la ocasi\u00f3n para exigir explicaciones sobre la situaci\u00f3n del ciudadano italiano Alberto Trentini, un cooperante de 45 a\u00f1os detenido en noviembre. Trentini, quien trabaja para una ONG que presta apoyo a personas con discapacidad, estar\u00eda recluido en una c\u00e1rcel en Caracas, seg\u00fan reportes de la prensa italiana.<\/p>\n\n\n\n<p>El gobierno italiano manifest\u00f3 su firme protesta tanto por las <strong>restricciones diplom\u00e1ticas<\/strong> como por la falta de informaci\u00f3n sobre el caso de Trentini, subrayando la preocupaci\u00f3n por los derechos y la seguridad de sus ciudadanos en Venezuela.<\/p>\n\n\n\n<p class=\"has-text-align-center\"><strong><em><mark style=\"background-color:rgba(0, 0, 0, 0)\" class=\"has-inline-color has-vivid-red-color\"><a href=\"https:\/\/esreviral.com\/?p=67160\" data-type=\"link\" data-id=\"https:\/\/esreviral.com\/?p=67160\">Lea Tambi\u00e9n: La Uni\u00f3n Europea rechaza dr\u00e1stica reducci\u00f3n diplom\u00e1tica impuesta por Venezuela<\/a><\/mark><\/em><\/strong><\/p>\n\n\n\n<p class=\"has-text-align-center\"><strong><a href=\"https:\/\/chat.whatsapp.com\/KWkTmakY3I05kNdd2oZl6d\"><em>\u00daNETE A NUESTRO GRUPO DE WHATSAPP PARA ESTAR INFORMADO<\/em><\/a><\/strong><\/p>\n","protected":false},"excerpt":{"rendered":"<p>El gobierno de Maduro decidi\u00f3 el martes limitar a tres por pa\u00eds el n\u00famero de diplom\u00e1ticos de Francia, Pa\u00edses Bajos e Italia autorizados en Venezuela<\/p>\n","protected":false},"author":3,"featured_media":67158,"comment_status":"closed","ping_status":"closed","sticky":false,"template":"","format":"standard","meta":{"jnews-multi-image_gallery":[],"jnews_single_post":{"format":"standard"},"jnews_primary_category":[],"jnews_social_meta":[],"jnews_review":[],"enable_review":"","type":"","name":"","summary":"","brand":"","sku":"","good":[],"bad":[],"score_override":"","override_value":"","rating":[],"price":[],"jnews_override_counter":[],"jnews_post_split":[],"footnotes":""},"categories":[88],"tags":[23082,23080,23081,45,23083,56],"class_list":["post-67157","post","type-post","status-publish","format-standard","has-post-thumbnail","hentry","category-internacionales","tag-antonio-tajani","tag-canciller-de-italia","tag-expulsion-de-diplomaticos","tag-noticias","tag-restricciones-diplomaticas","tag-venezuela"],"amp_enabled":true,"_links":{"self":[{"href":"https:\/\/esreviral.com\/index.php?rest_route=\/wp\/v2\/posts\/67157"}],"collection":[{"href":"https:\/\/esreviral.com\/index.php?rest_route=\/wp\/v2\/posts"}],"about":[{"href":"https:\/\/esreviral.com\/index.php?rest_route=\/wp\/v2\/types\/post"}],"author":[{"embeddable":true,"href":"https:\/\/esreviral.com\/index.php?rest_route=\/wp\/v2\/users\/3"}],"replies":[{"embeddable":true,"href":"https:\/\/esreviral.com\/index.php?rest_route=%2Fwp%2Fv2%2Fcomments&post=67157"}],"version-history":[{"count":0,"href":"https:\/\/esreviral.com\/index.php?rest_route=\/wp\/v2\/posts\/67157\/revisions"}],"wp:featuredmedia":[{"embeddable":true,"href":"https:\/\/esreviral.com\/index.php?rest_route=\/wp\/v2\/media\/67158"}],"wp:attachment":[{"href":"https:\/\/esreviral.com\/index.php?rest_route=%2Fwp%2Fv2%2Fmedia&parent=67157"}],"wp:term":[{"taxonomy":"category","embeddable":true,"href":"https:\/\/esreviral.com\/index.php?rest_route=%2Fwp%2Fv2%2Fcategories&post=67157"},{"taxonomy":"post_tag","embeddable":true,"href":"https:\/\/esreviral.com\/index.php?rest_route=%2Fwp%2Fv2%2Ftags&post=67157"}],"curies":[{"name":"wp","href":"https:\/\/api.w.org\/{rel}","templated":true}]}}