{"id":671,"date":"2020-10-19T22:47:41","date_gmt":"2020-10-19T22:47:41","guid":{"rendered":"http:\/\/esreviral.com\/?p=671"},"modified":"2020-10-19T22:47:41","modified_gmt":"2020-10-19T22:47:41","slug":"alberto-fernandez-la-unidad-de-todos-es-importantisima-para-que-la-argentina-levante-cabeza","status":"publish","type":"post","link":"https:\/\/esreviral.com\/?p=671","title":{"rendered":"Alberto Fern\u00e1ndez: \u201cLa unidad de todos es important\u00edsima para que la Argentina levante cabeza\u201d"},"content":{"rendered":"\n<p>El presidente Alberto Fern\u00e1ndez encabez\u00f3 esta tarde, desde la residencia de Olivos, la presentaci\u00f3n del programa federal Municipios de Pie, que contempla la asistencia directa a intendencias por 1.086 millones de pesos para impulsar la econom\u00eda, la integraci\u00f3n regional y la inclusi\u00f3n social en todo el territorio nacional.<\/p>\n\n\n\n<p>\u201cNos ha tocado gobernar en un tiempo muy dif\u00edcil, donde la unidad de todos nosotros es important\u00edsima para que la Argentina levante cabeza\u201d, afirm\u00f3 el Presidente ante 160 intendentes e intendentas de todo el pa\u00eds que se comunicaron por videoconferencia.<\/p>\n\n\n\n<p>Acompa\u00f1ado por el ministro del Interior, Eduardo de Pedro, destac\u00f3: \u201cNo me importa de d\u00f3nde vienen, si son radicales, si son socialistas, si son peronistas o son independientes o son Cambiemos. Lo \u00fanico que quiero saber es si quieren el mismo pa\u00eds que yo, que es un pa\u00eds m\u00e1s justo, m\u00e1s solidario y m\u00e1s integrado, si es as\u00ed abrac\u00e9monos y caminemos juntos\u201d.<\/p>\n\n\n\n<p>Fern\u00e1ndez explic\u00f3 que el programa \u201ctiene como \u00faltimo prop\u00f3sito ayudar a los intendentes a gobernar mejor sus ciudades y sus pueblos, que puedan llegar los recursos directamente a esos municipios, que puedan disponer de esos recursos para las cosas que m\u00e1s necesitan y puedan resolverlas\u201d.<\/p>\n\n\n\n<p>\u201cA ustedes este plan les est\u00e1 cambiando la vida, y eso es lo que le plante\u00e9 a Wado: \u2018And\u00e1 a preguntar a cada municipio qu\u00e9 es lo que necesitan, c\u00f3mo podemos ayudarlos a concretar sus urgencias inmediatas\u2019\u201d, sostuvo.<\/p>\n\n\n\n<p>El mandatario adem\u00e1s destac\u00f3 la tarea de los intendentes \u201cporque cuando un vecino tiene un problema no viene a golpear la puerta del Presidente, va a golpear la puerta del intendente y es al intendente al que le piden la soluci\u00f3n de los problemas m\u00e1s inmediatos\u201d.<\/p>\n\n\n\n<p>Por su parte, el ministro del Interior remarc\u00f3 que \u201ceste programa busca unir el proyecto federal con necesidades concretas y espec\u00edficas que cada municipio tiene\u201d. \u201cEl proyecto de una Argentina federal tiene que ver con una Argentina que d\u00e9 igualdad de oportunidades en cada uno de los rincones de nuestro pa\u00eds, y esas oportunidades tienen que ver generalmente con poder acceder a un trabajo digno, a una vivienda digna y a una educaci\u00f3n digna\u201d, expres\u00f3.<\/p>\n\n\n\n<p>Participaron tambi\u00e9n de la presentaci\u00f3n del programa el secretario de Municipios, Avelino Zurro; el subsecretario de Relaciones Municipales, Pablo Giles; la directora de Asuntos Municipales, Johanna Fare, y la directora del Observatorio Municipal, Mariana Alcoba.<\/p>\n\n\n\n<p>La iniciativa, articulada a trav\u00e9s de la Secretar\u00eda de Municipios y la Subsecretar\u00eda de Relaciones Municipales de la cartera de Interior, brinda asistencia t\u00e9cnica y financiera para la adquisici\u00f3n de equipamiento, insumos y otros bienes de capital para potenciar el rol de cada comuna.<\/p>\n\n\n\n<p>Los gobiernos locales que forman parte del programa fueron seleccionados de acuerdo a una previa construcci\u00f3n del \u00cdndice Federal de Inequidad Territorial (IFIT), e incluyen 24 municipios de la provincia de Buenos Aires, 52 de la zona centro del pa\u00eds, 14 de la regi\u00f3n cuyana, 23 del Noreste, 14 del Noroeste, 23 de Patagonia norte y 10 de Patagonia sur.<\/p>\n\n\n\n<p>Pertenecen a las provincias de Buenos Aires (24); C\u00f3rdoba (23); Entre R\u00edos (15); Santa Fe (14); La Rioja (2); San Juan (1); Mendoza (5); San Luis (6); Chaco (13); Corrientes (10); Catamarca (1); Jujuy (6); Salta (2); Tucum\u00e1n (5); La Pampa (1); Neuqu\u00e9n (12); R\u00edo Negro (10); Chubut (7); y Tierra del Fuego (3).<\/p>\n\n\n\n<p class=\"has-text-align-right\"><strong>Prensa casa Rosada.-<\/strong><\/p>\n","protected":false},"excerpt":{"rendered":"<p>El presidente Alberto Fern\u00e1ndez encabez\u00f3 esta tarde, desde la residencia de Olivos, la presentaci\u00f3n del programa federal Municipios de Pie, que contempla la asistencia directa a intendencias por 1.086 millones de pesos para impulsar la econom\u00eda, la integraci\u00f3n regional y la inclusi\u00f3n social en todo el territorio nacional. \u201cNos ha tocado gobernar en un tiempo [&hellip;]<\/p>\n","protected":false},"author":2,"featured_media":672,"comment_status":"open","ping_status":"open","sticky":false,"template":"","format":"standard","meta":{"jnews-multi-image_gallery":[],"jnews_single_post":[],"jnews_primary_category":[],"jnews_social_meta":[],"jnews_review":[],"enable_review":"","type":"","name":"","summary":"","brand":"","sku":"","good":[],"bad":[],"score_override":"","override_value":"","rating":[],"price":[],"jnews_override_counter":[],"jnews_post_split":[],"footnotes":""},"categories":[58],"tags":[86,44,123,45],"class_list":["post-671","post","type-post","status-publish","format-standard","has-post-thumbnail","hentry","category-argentina","tag-alberto-fernandez","tag-argentina","tag-informacion","tag-noticias"],"amp_enabled":true,"_links":{"self":[{"href":"https:\/\/esreviral.com\/index.php?rest_route=\/wp\/v2\/posts\/671"}],"collection":[{"href":"https:\/\/esreviral.com\/index.php?rest_route=\/wp\/v2\/posts"}],"about":[{"href":"https:\/\/esreviral.com\/index.php?rest_route=\/wp\/v2\/types\/post"}],"author":[{"embeddable":true,"href":"https:\/\/esreviral.com\/index.php?rest_route=\/wp\/v2\/users\/2"}],"replies":[{"embeddable":true,"href":"https:\/\/esreviral.com\/index.php?rest_route=%2Fwp%2Fv2%2Fcomments&post=671"}],"version-history":[{"count":0,"href":"https:\/\/esreviral.com\/index.php?rest_route=\/wp\/v2\/posts\/671\/revisions"}],"wp:featuredmedia":[{"embeddable":true,"href":"https:\/\/esreviral.com\/index.php?rest_route=\/"}],"wp:attachment":[{"href":"https:\/\/esreviral.com\/index.php?rest_route=%2Fwp%2Fv2%2Fmedia&parent=671"}],"wp:term":[{"taxonomy":"category","embeddable":true,"href":"https:\/\/esreviral.com\/index.php?rest_route=%2Fwp%2Fv2%2Fcategories&post=671"},{"taxonomy":"post_tag","embeddable":true,"href":"https:\/\/esreviral.com\/index.php?rest_route=%2Fwp%2Fv2%2Ftags&post=671"}],"curies":[{"name":"wp","href":"https:\/\/api.w.org\/{rel}","templated":true}]}}