{"id":67070,"date":"2025-01-13T13:35:42","date_gmt":"2025-01-13T18:35:42","guid":{"rendered":"https:\/\/esreviral.com\/?p=67070"},"modified":"2025-01-13T13:38:46","modified_gmt":"2025-01-13T18:38:46","slug":"fiscalia-venezolana-pide-orden-de-captura-contra-leopoldo-lopez-por-instigar-acciones-armadas-en-contra-de-venezuela","status":"publish","type":"post","link":"https:\/\/esreviral.com\/?p=67070","title":{"rendered":"Fiscal\u00eda venezolana pidi\u00f3 orden de captura contra Leopoldo L\u00f3pez por \u00abapoyar idea de intervenci\u00f3n militar\u00bb"},"content":{"rendered":"\n<p>El fiscal general de Venezuela, <strong>Tarek William Saab<\/strong>, anunci\u00f3 el inicio de una investigaci\u00f3n contra el l\u00edder opositor <strong>Leopoldo L\u00f3pez<\/strong> por presuntamente <strong>instigar acciones armadas en contra del pa\u00eds<\/strong>. Durante una rueda de prensa, Saab inform\u00f3 que se ha solicitado una <strong>orden de captura y una alerta roja ante Interpol contra L\u00f3pez, quien reside en Madrid desde 2020.<\/strong><\/p>\n\n\n\n<p>\u201c<strong><em>El Ministerio P\u00fablico ha abierto una investigaci\u00f3n y hemos solicitado una orden de aprehensi\u00f3n contra el pr\u00f3fugo de la justicia, reincidente en acciones criminales, Leopoldo L\u00f3pez. Tambi\u00e9n estamos tramitando una alerta roja por los delitos de instigaci\u00f3n a acciones armadas contra la Rep\u00fablica, traici\u00f3n a la patria, conspiraci\u00f3n y asociaci\u00f3n para delinquir\u201d<\/em><\/strong>, declar\u00f3 Saab.<\/p>\n\n\n\n<p>El fiscal acus\u00f3 a L\u00f3pez de<strong> promover una intervenci\u00f3n militar extranjera<\/strong>, respaldando la propuesta del expresidente colombiano \u00c1lvaro Uribe V\u00e9lez, quien pidi\u00f3 en C\u00facuta, ciudad fronteriza con Venezuela, \u00abuna intervenci\u00f3n internacional avalada por la ONU para derrocar al gobierno venezolano y convocar elecciones libres\u00bb.<\/p>\n\n\n\n<p class=\"has-text-align-center\"><em><strong><em><strong><em><strong><em><strong><a href=\"https:\/\/t.me\/esreviral\">\u00daNETE A NUESTRO CANAL DE TELEGRAM PARA ESTAR INFORMADO<\/a><\/strong><\/em><\/strong><\/em><\/strong><\/em><\/strong><\/em><\/p>\n\n\n\n<blockquote class=\"twitter-tweet\"><p lang=\"es\" dir=\"ltr\"><a href=\"https:\/\/twitter.com\/hashtag\/13Ene?src=hash&amp;ref_src=twsrc%5Etfw\">#13Ene<\/a> \ud83c\uddfb\ud83c\uddea El fiscal general de Venezuela, Tarek William Saab, solicit\u00f3 la detenci\u00f3n de Leopoldo L\u00f3pez por instigar acciones armadas. <a href=\"https:\/\/t.co\/E8jh5WIyv9\">pic.twitter.com\/E8jh5WIyv9<\/a><\/p>&mdash; ES RE VIRAL (@esreviral) <a href=\"https:\/\/twitter.com\/esreviral\/status\/1878862515138072944?ref_src=twsrc%5Etfw\">January 13, 2025<\/a><\/blockquote> <script async src=\"https:\/\/platform.twitter.com\/widgets.js\" charset=\"utf-8\"><\/script>\n\n\n\n<p><\/p>\n\n\n\n<p>Por su parte, Saab calific\u00f3 a Uribe como \u201cun asesino serial\u201d y lo acus\u00f3 de estar vinculado a la muerte de miles de ciudadanos en Colombia. Adem\u00e1s, acus\u00f3 a L\u00f3pez de utilizar como aliados pol\u00edticos a Uribe y al expresidente colombiano Iv\u00e1n Duque para \u201cba\u00f1ar de sangre\u201d a Venezuela.<\/p>\n\n\n\n<h3 class=\"wp-block-heading\"><strong><mark style=\"background-color:rgba(0, 0, 0, 0)\" class=\"has-inline-color has-vivid-red-color\">Caso del motorizado vinculado a Mar\u00eda Corina Machado<\/mark><\/strong><\/h3>\n\n\n\n<p>En la misma rueda de prensa, Saab se refiri\u00f3 a las denuncias realizadas por la l\u00edder opositora Mar\u00eda Corina Machado sobre un supuesto ataque contra un miembro de su equipo durante una movilizaci\u00f3n. Asegur\u00f3 que las investigaciones desmintieron estas acusaciones.<\/p>\n\n\n\n<p>\u201cLa persona que ella se\u00f1al\u00f3 como herida mortalmente, secuestrada y desaparecida, est\u00e1 sana y salva, declarando ante el Ministerio P\u00fablico. No solo no estaba desaparecida, sino que fue resguardada por la Polic\u00eda Nacional Bolivariana (PNB) para protegerla de factores extremistas\u201d, afirm\u00f3.<\/p>\n\n\n\n<p>El fiscal reiter\u00f3 que los medios internacionales que divulgaron esta versi\u00f3n tergiversada siguen alimentando narrativas que buscan justificar intervenciones extranjeras contra Venezuela. \u201cRepudiamos a quienes usan estas noticias falsas para intentar legitimar acciones militares internacionales contra nuestro pa\u00eds\u201d, concluy\u00f3.<\/p>\n\n\n\n<h3 class=\"wp-block-heading\"><strong><mark style=\"background-color:rgba(0, 0, 0, 0)\" class=\"has-inline-color has-vivid-red-color\">Contexto<\/mark><\/strong><\/h3>\n\n\n\n<p>La acusaci\u00f3n contra Leopoldo L\u00f3pez se enmarca en un contexto de tensiones pol\u00edticas, donde sectores del gobierno venezolano acusan a la oposici\u00f3n de promover desestabilizaci\u00f3n. Por otro lado, figuras internacionales como Uribe han intensificado sus cr\u00edticas hacia el gobierno de Nicol\u00e1s Maduro, generando repercusiones diplom\u00e1ticas.<\/p>\n\n\n\n<p class=\"has-text-align-center\"><strong><a href=\"https:\/\/chat.whatsapp.com\/KWkTmakY3I05kNdd2oZl6d\"><em>\u00daNETE A NUESTRO GRUPO DE WHATSAPP PARA ESTAR INFORMADO<\/em><\/a><\/strong><\/p>\n","protected":false},"excerpt":{"rendered":"<p>El ente acusa al opositor de los delitos de instigar acciones armadas contra la Rep\u00fablica, traici\u00f3n a la patria, conspiraci\u00f3n y asociaci\u00f3n para delinquir.<\/p>\n","protected":false},"author":3,"featured_media":67071,"comment_status":"closed","ping_status":"closed","sticky":false,"template":"","format":"standard","meta":{"jnews-multi-image_gallery":[],"jnews_single_post":{"format":"standard"},"jnews_primary_category":[],"jnews_social_meta":[],"jnews_review":[],"enable_review":"","type":"","name":"","summary":"","brand":"","sku":"","good":[],"bad":[],"score_override":"","override_value":"","rating":[],"price":[],"jnews_override_counter":[],"jnews_post_split":[],"footnotes":""},"categories":[59,66],"tags":[17653,17876,12273,45,22952,6401,56],"class_list":["post-67070","post","type-post","status-publish","format-standard","has-post-thumbnail","hentry","category-politica","category-venezuela","tag-fiscalia-venezolana","tag-intervencion-militar","tag-leopoldo-lopez-3","tag-noticias","tag-opositor","tag-orden-de-captura","tag-venezuela"],"_links":{"self":[{"href":"https:\/\/esreviral.com\/index.php?rest_route=\/wp\/v2\/posts\/67070","targetHints":{"allow":["GET"]}}],"collection":[{"href":"https:\/\/esreviral.com\/index.php?rest_route=\/wp\/v2\/posts"}],"about":[{"href":"https:\/\/esreviral.com\/index.php?rest_route=\/wp\/v2\/types\/post"}],"author":[{"embeddable":true,"href":"https:\/\/esreviral.com\/index.php?rest_route=\/wp\/v2\/users\/3"}],"replies":[{"embeddable":true,"href":"https:\/\/esreviral.com\/index.php?rest_route=%2Fwp%2Fv2%2Fcomments&post=67070"}],"version-history":[{"count":0,"href":"https:\/\/esreviral.com\/index.php?rest_route=\/wp\/v2\/posts\/67070\/revisions"}],"wp:featuredmedia":[{"embeddable":true,"href":"https:\/\/esreviral.com\/index.php?rest_route=\/wp\/v2\/media\/67071"}],"wp:attachment":[{"href":"https:\/\/esreviral.com\/index.php?rest_route=%2Fwp%2Fv2%2Fmedia&parent=67070"}],"wp:term":[{"taxonomy":"category","embeddable":true,"href":"https:\/\/esreviral.com\/index.php?rest_route=%2Fwp%2Fv2%2Fcategories&post=67070"},{"taxonomy":"post_tag","embeddable":true,"href":"https:\/\/esreviral.com\/index.php?rest_route=%2Fwp%2Fv2%2Ftags&post=67070"}],"curies":[{"name":"wp","href":"https:\/\/api.w.org\/{rel}","templated":true}]}}