{"id":67013,"date":"2025-01-13T06:42:40","date_gmt":"2025-01-13T11:42:40","guid":{"rendered":"https:\/\/esreviral.com\/?p=67013"},"modified":"2025-01-13T06:42:41","modified_gmt":"2025-01-13T11:42:41","slug":"reanudaron-los-vuelos-entre-colombia-y-venezuela-tras-el-fin-de-las-restricciones-del-gobierno-de-maduro","status":"publish","type":"post","link":"https:\/\/esreviral.com\/?p=67013","title":{"rendered":"Reanudaron los vuelos entre Colombia y Venezuela tras el fin de las restricciones del gobierno de Maduro"},"content":{"rendered":"\n<p>Con motivo de la juramentaci\u00f3n de Nicol\u00e1s Maduro para un tercer per\u00edodo presidencial el pasado viernes 10 de enero, las autoridades venezolanas ordenaron el <strong>cierre del espacio a\u00e9reo y fronteras terrestres<\/strong>, afectando las operaciones internacionales. Este domingo, la <strong>Aeron\u00e1utica Civil de Colombia (Aerocivil)<\/strong> anunci\u00f3 la <strong>normalizaci\u00f3n de los vuelos entre ambos pa\u00edses<\/strong>.<\/p>\n\n\n\n<p><strong><mark style=\"background-color:rgba(0, 0, 0, 0)\" class=\"has-inline-color has-vivid-red-color\">A trav\u00e9s de su cuenta en X, Aerocivil inform\u00f3:<\/mark><\/strong><\/p>\n\n\n\n<blockquote class=\"wp-block-quote is-layout-flow wp-block-quote-is-layout-flow\">\n<p>\u00abLa @AerocivilCol fue informada del levantamiento de la restricci\u00f3n de cierre del espacio a\u00e9reo en Venezuela. Con ello, las operaciones aerocomerciales regresar\u00e1n a la normalidad. Recomendamos consultar con su aerol\u00ednea para detalles de itinerario\u00bb.<\/p>\n\n\n\n<p class=\"has-text-align-center\"><em><strong><em><strong><em><strong><em><strong><a href=\"https:\/\/t.me\/esreviral\">\u00daNETE A NUESTRO CANAL DE TELEGRAM PARA ESTAR INFORMADO<\/a><\/strong><\/em><\/strong><\/em><\/strong><\/em><\/strong><\/em><\/p>\n\n\n\n<blockquote class=\"twitter-tweet\"><p lang=\"es\" dir=\"ltr\">\ud83d\udce2 La <a href=\"https:\/\/twitter.com\/AerocivilCol?ref_src=twsrc%5Etfw\">@AerocivilCol<\/a> fue informada del levantamiento de la restricci\u00f3n de cierre del espacio a\u00e9reo en Venezuela.<br><br>\u2708\ufe0f Con ello, las operaciones aerocomerciales regresar\u00e1n a la normalidad. <br><br>Recomendamos consultar con su aerol\u00ednea para detalles de itinerarios.<\/p>&mdash; Aeron\u00e1utica Civil (@AerocivilCol) <a href=\"https:\/\/twitter.com\/AerocivilCol\/status\/1878269601357656453?ref_src=twsrc%5Etfw\">January 12, 2025<\/a><\/blockquote> <script async src=\"https:\/\/platform.twitter.com\/widgets.js\" charset=\"utf-8\"><\/script>\n<\/blockquote>\n\n\n\n<h3 class=\"wp-block-heading\"><strong><mark style=\"background-color:rgba(0, 0, 0, 0)\" class=\"has-inline-color has-vivid-red-color\">Cierre de fronteras y vuelo bloqueado<\/mark><\/strong><\/h3>\n\n\n\n<p>La decisi\u00f3n del gobierno de Maduro, implementada unilateralmente desde las <strong>5:00 am del 10 de enero<\/strong> y con una duraci\u00f3n de 72 horas, tambi\u00e9n incluy\u00f3 el cierre de las fronteras terrestres. Como resultado, el vuelo del l\u00edder opositor <strong>Edmundo Gonz\u00e1lez<\/strong>, reconocido por varios pa\u00edses como el leg\u00edtimo presidente de Venezuela, no pudo aterrizar en Caracas desde Panam\u00e1.<\/p>\n\n\n\n<p>Ese mismo d\u00eda, la Canciller\u00eda colombiana inform\u00f3, mediante un comunicado en X, que hab\u00eda sido notificada por canales diplom\u00e1ticos de la medida, calificada como una acci\u00f3n unilateral por razones internas.<\/p>\n\n\n\n<blockquote class=\"wp-block-quote is-layout-flow wp-block-quote-is-layout-flow\">\n<p>\u00abEl Ministerio de Relaciones Exteriores de Colombia fue informado ayer por parte del gobierno de la Rep\u00fablica Bolivariana de Venezuela que, de manera unilateral y por razones internas, cerrar\u00e1n la frontera con Colombia y su espacio a\u00e9reo por 72 horas contadas a partir de las 5:00 am del d\u00eda de hoy, 10 de enero de 2025\u00bb.<\/p>\n<\/blockquote>\n\n\n\n<h3 class=\"wp-block-heading\"><strong><mark style=\"background-color:rgba(0, 0, 0, 0)\" class=\"has-inline-color has-vivid-red-color\">Tensi\u00f3n en la frontera<\/mark><\/strong><\/h3>\n\n\n\n<p>El gobernador del estado T\u00e1chira, <strong>Fredy Bernal<\/strong>, reforz\u00f3 las restricciones al anunciar el <strong>bloqueo del puente Sim\u00f3n Bol\u00edvar<\/strong>, el paso fronterizo m\u00e1s importante entre ambos pa\u00edses, junto con otros cruces internacionales. A pesar de esto, se habilit\u00f3 un corredor humanitario para emergencias m\u00e9dicas y el transporte de insumos esenciales.<\/p>\n\n\n\n<p>Bernal justific\u00f3 la medida se\u00f1alando un supuesto complot internacional para desestabilizar la paz en Venezuela, especialmente en la zona fronteriza.<\/p>\n\n\n\n<blockquote class=\"wp-block-quote is-layout-flow wp-block-quote-is-layout-flow\">\n<p>\u00abTenemos informaci\u00f3n de una conspiraci\u00f3n internacional para perturbar la paz de los venezolanos y, en especial, de esta zona fronteriza. En ese sentido, hago un llamado a la comprensi\u00f3n de todos los sectores de la sociedad, ganaderos, empresarios, emprendedores y el pueblo que circula entre Colombia y Venezuela. Vamos a ordenar el cierre de la frontera con Colombia\u00bb, declar\u00f3.<\/p>\n<\/blockquote>\n\n\n\n<h3 class=\"wp-block-heading\"><strong><mark style=\"background-color:rgba(0, 0, 0, 0)\" class=\"has-inline-color has-vivid-red-color\">Obstrucci\u00f3n en puentes clave<\/mark><\/strong><\/h3>\n\n\n\n<p>El puente <strong>Atanasio Girardot<\/strong> amaneci\u00f3 bloqueado con contenedores, aunque estos fueron retirados a las pocas horas. Por otro lado, el puente <strong>Francisco de Paula Santander<\/strong>, que conecta con el municipio Pedro Mar\u00eda Ure\u00f1a, permaneci\u00f3 obstruido con vallas.<\/p>\n\n\n\n<p>Con el fin de las restricciones, las operaciones a\u00e9reas y la movilidad fronteriza empiezan a recuperarse, pero el incidente refleja las tensiones pol\u00edticas y sociales en la regi\u00f3n.<\/p>\n\n\n\n<p class=\"has-text-align-center\"><strong><a href=\"https:\/\/chat.whatsapp.com\/KWkTmakY3I05kNdd2oZl6d\"><em>\u00daNETE A NUESTRO GRUPO DE WHATSAPP PARA ESTAR INFORMADO<\/em><\/a><\/strong><\/p>\n","protected":false},"excerpt":{"rendered":"<p>Por una decisi\u00f3n unilateral del gobierno venezolano, desde las 5:00 am del 10 de enero y durante 72 horas, se cerr\u00f3 la frontera y el espacio a\u00e9reo compartido<\/p>\n","protected":false},"author":3,"featured_media":67015,"comment_status":"closed","ping_status":"closed","sticky":false,"template":"","format":"standard","meta":{"jnews-multi-image_gallery":[],"jnews_single_post":{"format":"standard"},"jnews_primary_category":[],"jnews_social_meta":[],"jnews_review":[],"enable_review":"","type":"","name":"","summary":"","brand":"","sku":"","good":[],"bad":[],"score_override":"","override_value":"","rating":[],"price":[],"jnews_override_counter":[],"jnews_post_split":[],"footnotes":""},"categories":[59,66],"tags":[283,2918,1068,45,56,22915],"class_list":["post-67013","post","type-post","status-publish","format-standard","has-post-thumbnail","hentry","category-politica","category-venezuela","tag-colombia","tag-gobierno-de-maduro","tag-nicolas-maduro","tag-noticias","tag-venezuela","tag-vuelos-entre-colombia-y-venezuela"],"_links":{"self":[{"href":"https:\/\/esreviral.com\/index.php?rest_route=\/wp\/v2\/posts\/67013","targetHints":{"allow":["GET"]}}],"collection":[{"href":"https:\/\/esreviral.com\/index.php?rest_route=\/wp\/v2\/posts"}],"about":[{"href":"https:\/\/esreviral.com\/index.php?rest_route=\/wp\/v2\/types\/post"}],"author":[{"embeddable":true,"href":"https:\/\/esreviral.com\/index.php?rest_route=\/wp\/v2\/users\/3"}],"replies":[{"embeddable":true,"href":"https:\/\/esreviral.com\/index.php?rest_route=%2Fwp%2Fv2%2Fcomments&post=67013"}],"version-history":[{"count":0,"href":"https:\/\/esreviral.com\/index.php?rest_route=\/wp\/v2\/posts\/67013\/revisions"}],"wp:featuredmedia":[{"embeddable":true,"href":"https:\/\/esreviral.com\/index.php?rest_route=\/wp\/v2\/media\/67015"}],"wp:attachment":[{"href":"https:\/\/esreviral.com\/index.php?rest_route=%2Fwp%2Fv2%2Fmedia&parent=67013"}],"wp:term":[{"taxonomy":"category","embeddable":true,"href":"https:\/\/esreviral.com\/index.php?rest_route=%2Fwp%2Fv2%2Fcategories&post=67013"},{"taxonomy":"post_tag","embeddable":true,"href":"https:\/\/esreviral.com\/index.php?rest_route=%2Fwp%2Fv2%2Ftags&post=67013"}],"curies":[{"name":"wp","href":"https:\/\/api.w.org\/{rel}","templated":true}]}}