{"id":66863,"date":"2025-01-08T10:30:20","date_gmt":"2025-01-08T15:30:20","guid":{"rendered":"https:\/\/esreviral.com\/?p=66863"},"modified":"2025-01-08T10:30:21","modified_gmt":"2025-01-08T15:30:21","slug":"petro-confirmo-que-no-asistira-a-investidura-de-maduro-las-elecciones-no-fueron-libres","status":"publish","type":"post","link":"https:\/\/esreviral.com\/?p=66863","title":{"rendered":"Petro confirm\u00f3 que no asistir\u00e1 a investidura de Maduro: \u00abLas elecciones no fueron libres\u00bb"},"content":{"rendered":"\n<p>El <strong>presidente colombiano<\/strong>, <strong>Gustavo Petro<\/strong>, confirm\u00f3 este mi\u00e9rcoles <strong>que no asistir\u00e1 a la investidura de Nicol\u00e1s Maduro el pr\u00f3ximo viernes y asever\u00f3 que las elecciones del pasado 28 de julio en Venezuela \u00abno fueron libres\u00bb por diversas razones, por lo que Colombia no las puede reconocer.<\/strong><\/p>\n\n\n\n<p>Colombia estar\u00e1 representada en la investidura de Maduro por el embajador colombiano en Caracas, Milton Rengifo, seg\u00fan confirmaron a EFE desde Presidencia.<\/p>\n\n\n\n<p>\u00abLas elecciones pasadas en Venezuela no fueron libres. No hay elecciones libres bajo bloqueos (\u2026) No podemos reconocer las elecciones que no fueron libres y esperamos que estas puedan realizarse pronto sin bloqueos ni intimidaciones internas\u00bb, asegur\u00f3 Petro en su cuenta de X, donde afirm\u00f3 que no va a romper relaciones diplom\u00e1ticas con ese pa\u00eds con el que Colombia comparte una frontera de 2.219 kil\u00f3metros.<\/p>\n\n\n\n<p class=\"has-text-align-center\"><em><strong><em><strong><em><strong><em><strong><a href=\"https:\/\/t.me\/esreviral\">\u00daNETE A NUESTRO CANAL DE TELEGRAM PARA ESTAR INFORMADO<\/a><\/strong><\/em><\/strong><\/em><\/strong><\/em><\/strong><\/em><\/p>\n\n\n\n<blockquote class=\"twitter-tweet\"><p lang=\"es\" dir=\"ltr\">Igual que nuestro amigo Enrique M\u00e1rquez, destacado progresista venezolano, ha sido detenido Carlos Correa, destacado defensor de derechos humanos en Venezuela. Esto, y otros hechos, impide mi asistencia personal al acto de posesi\u00f3n de Nicol\u00e1s Maduro.<br><br>La solicitud de Colombia no\u2026 <a href=\"https:\/\/t.co\/adAA51R8VL\">https:\/\/t.co\/adAA51R8VL<\/a><\/p>&mdash; Gustavo Petro (@petrogustavo) <a href=\"https:\/\/twitter.com\/petrogustavo\/status\/1876993689379033308?ref_src=twsrc%5Etfw\">January 8, 2025<\/a><\/blockquote> <script async src=\"https:\/\/platform.twitter.com\/widgets.js\" charset=\"utf-8\"><\/script>\n\n\n\n<p><\/p>\n\n\n\n<p>En ese sentido, el presidente colombiano, que ha intentado mediar en la crisis abierta entre el Gobierno Venezolano y la oposici\u00f3n tras las elecciones, que la oposici\u00f3n alega que gan\u00f3 su candidato, Edmundo Gonz\u00e1lez Urrutia, afirm\u00f3 que \u00abcualquier desaveniencia entre los gobiernos no debe serlo entre nuestros pueblos\u00bb.<\/p>\n\n\n\n<p>\u00ab<strong><em>Colombia no romper\u00e1 relaciones diplom\u00e1ticas con Venezuela<\/em><\/strong>, <strong><em>ni intervendr\u00e1 en los asuntos internos de ese pa\u00eds, sin invitaci\u00f3n. Pero solicitamos desde nuestra propia lucha por los derechos humanos en Colombia, se respeten para todos y todas en Venezuela<\/em><\/strong>\u00bb, dijo Petro.<\/p>\n\n\n\n<p>El presidente mantuvo que \u00ablas fuerzas progresistas de Colombia mantendr\u00e1n su relaci\u00f3n de colaboraci\u00f3n y amistad con todas las fuerzas progresistas de Venezuela\u00bb.<\/p>\n\n\n\n<p>Adem\u00e1s, el presidente colombiano conden\u00f3 la detenci\u00f3n ayer de Carlos Correa, un destacado defensor de derechos humanos y director de la ONG Espacio P\u00fablico en Venezuela, que se suma a la del excandidato presidencial Enrique M\u00e1rquez, a quien se refiri\u00f3 como \u00abamigo\u00bb suyo.<\/p>\n\n\n\n<p>En los \u00faltimos meses Colombia actu\u00f3 como mediadora, junto a Brasil y en menor medida M\u00e9xico, exigiendo a Venezuela una verificaci\u00f3n independiente de los resultados de las elecciones del 28 de julio como condici\u00f3n para reconocer la victoria de Maduro, avalada por el Consejo Nacional Electoral (CNE).<\/p>\n\n\n\n<p>Tras fracasar esta mediaci\u00f3n, ninguna de estas tres potencias regionales gobernadas por la izquierda reconocieron el triunfo de Maduro, pero anunciaron que enviar\u00e1n representantes de bajo nivel a su toma de posesi\u00f3n.&nbsp;<\/p>\n\n\n\n<p class=\"has-text-align-center\"><strong><a href=\"https:\/\/chat.whatsapp.com\/KWkTmakY3I05kNdd2oZl6d\"><em>\u00daNETE A NUESTRO GRUPO DE WHATSAPP PARA ESTAR INFORMADO<\/em><\/a><\/strong><\/p>\n","protected":false},"excerpt":{"rendered":"<p>A\u00fan as\u00ed, el presidente colombiano no se plantea romper las relaciones diplom\u00e1ticas con Venezuela<\/p>\n","protected":false},"author":3,"featured_media":66864,"comment_status":"closed","ping_status":"closed","sticky":false,"template":"","format":"standard","meta":{"jnews-multi-image_gallery":[],"jnews_single_post":{"format":"standard"},"jnews_primary_category":[],"jnews_social_meta":[],"jnews_review":[],"enable_review":"","type":"","name":"","summary":"","brand":"","sku":"","good":[],"bad":[],"score_override":"","override_value":"","rating":[],"price":[],"jnews_override_counter":[],"jnews_post_split":[],"footnotes":""},"categories":[88,59],"tags":[283,1549,22700,45,2725,22701],"class_list":["post-66863","post","type-post","status-publish","format-standard","has-post-thumbnail","hentry","category-internacionales","category-politica","tag-colombia","tag-gustavo-petro","tag-investidura-de-maduro","tag-noticias","tag-petro","tag-presidente-colombiano"],"amp_enabled":true,"_links":{"self":[{"href":"https:\/\/esreviral.com\/index.php?rest_route=\/wp\/v2\/posts\/66863"}],"collection":[{"href":"https:\/\/esreviral.com\/index.php?rest_route=\/wp\/v2\/posts"}],"about":[{"href":"https:\/\/esreviral.com\/index.php?rest_route=\/wp\/v2\/types\/post"}],"author":[{"embeddable":true,"href":"https:\/\/esreviral.com\/index.php?rest_route=\/wp\/v2\/users\/3"}],"replies":[{"embeddable":true,"href":"https:\/\/esreviral.com\/index.php?rest_route=%2Fwp%2Fv2%2Fcomments&post=66863"}],"version-history":[{"count":0,"href":"https:\/\/esreviral.com\/index.php?rest_route=\/wp\/v2\/posts\/66863\/revisions"}],"wp:featuredmedia":[{"embeddable":true,"href":"https:\/\/esreviral.com\/index.php?rest_route=\/wp\/v2\/media\/66864"}],"wp:attachment":[{"href":"https:\/\/esreviral.com\/index.php?rest_route=%2Fwp%2Fv2%2Fmedia&parent=66863"}],"wp:term":[{"taxonomy":"category","embeddable":true,"href":"https:\/\/esreviral.com\/index.php?rest_route=%2Fwp%2Fv2%2Fcategories&post=66863"},{"taxonomy":"post_tag","embeddable":true,"href":"https:\/\/esreviral.com\/index.php?rest_route=%2Fwp%2Fv2%2Ftags&post=66863"}],"curies":[{"name":"wp","href":"https:\/\/api.w.org\/{rel}","templated":true}]}}