{"id":66851,"date":"2025-01-08T08:07:18","date_gmt":"2025-01-08T13:07:18","guid":{"rendered":"https:\/\/esreviral.com\/?p=66851"},"modified":"2025-01-08T08:07:19","modified_gmt":"2025-01-08T13:07:19","slug":"aumentaron-las-tarifas-de-luz-en-pba-como-queda-el-cuadro-tarifario-en-enero","status":"publish","type":"post","link":"https:\/\/esreviral.com\/?p=66851","title":{"rendered":"Aumentaron las tarifas de luz en PBA: C\u00f3mo queda el cuadro tarifario en enero"},"content":{"rendered":"\n<p>El gobierno de Axel Kicillof oficializ\u00f3 un <strong>aumento adicional del 2,5% promedio<\/strong> en las tarifas de luz para usuarios residenciales, que entrar\u00e1 en vigencia en enero y se reflejar\u00e1 en las boletas de febrero. La medida fue publicada en el Bolet\u00edn Oficial bonaerense mediante la resoluci\u00f3n 4.<\/p>\n\n\n\n<p class=\"has-text-align-center\"><em><strong><em><strong><em><strong><em><strong><a href=\"https:\/\/t.me\/esreviral\">\u00daNETE A NUESTRO CANAL DE TELEGRAM PARA ESTAR INFORMADO<\/a><\/strong><\/em><\/strong><\/em><\/strong><\/em><\/strong><\/em><\/p>\n\n\n\n<h3 class=\"wp-block-heading\"><strong><mark style=\"background-color:rgba(0, 0, 0, 0)\" class=\"has-inline-color has-vivid-red-color\">Detalles del ajuste<\/mark><\/strong><\/h3>\n\n\n\n<p>El incremento corresponde a una actualizaci\u00f3n del <strong>Valor Agregado de Distribuci\u00f3n (VAD)<\/strong>, autorizado por el Ente Nacional Regulador de la Electricidad (ENRE) y depende de la administraci\u00f3n provincial. Este ajuste afectar\u00e1 a los clientes de <strong>Edelap, Edea, Eden, Edes<\/strong> y las cooperativas el\u00e9ctricas de la provincia.<\/p>\n\n\n\n<p>El aumento se suma al \u00faltimo ajuste del 4% aplicado en noviembre, que impact\u00f3 en las facturas de diciembre.<\/p>\n\n\n\n<p>A nivel nacional, el gobierno de Javier Milei tambi\u00e9n implement\u00f3 subas en los servicios de energ\u00eda el\u00e9ctrica (1,6%) y gas natural (1,8%).<\/p>\n\n\n\n<figure class=\"wp-block-image size-large\"><img decoding=\"async\" src=\"https:\/\/tn.com.ar\/resizer\/v2\/en-el-territorio-bonaerense-hay-5194157-usuarios-de-energia-electrica-foto-gpba-5FLMD2PNLRFEBJPQCJSEKAXDNE.PNG?auth=cee72281ae6dd5bdca0cc9761095c94b8d2b30beede8de3145acab62d48114d6&amp;width=1440\" alt=\"\"\/><\/figure>\n\n\n\n<h3 class=\"wp-block-heading\"><strong><mark style=\"background-color:rgba(0, 0, 0, 0)\" class=\"has-inline-color has-vivid-red-color\">\u00bfCu\u00e1nto se pagar\u00e1 por el servicio el\u00e9ctrico en enero?<\/mark><\/strong><\/h3>\n\n\n\n<p>De acuerdo con el nuevo cuadro tarifario, las tarifas estimadas para enero son:<\/p>\n\n\n\n<ul class=\"wp-block-list\">\n<li><strong>Usuarios de altos ingresos (N1)<\/strong> con un consumo mensual de 150 kWh: entre <strong>$24.000 y $27.500<\/strong>, dependiendo de la distribuidora.<\/li>\n\n\n\n<li><strong>Usuarios de bajos ingresos (N2)<\/strong> con el mismo consumo: entre <strong>$13.000 y $17.500<\/strong>, seg\u00fan la empresa proveedora.<\/li>\n<\/ul>\n\n\n\n<h3 class=\"wp-block-heading\"><strong><mark style=\"background-color:rgba(0, 0, 0, 0)\" class=\"has-inline-color has-vivid-red-color\">Panorama de los usuarios de luz en Buenos Aires<\/mark><\/strong><\/h3>\n\n\n\n<p>La provincia cuenta con <strong>5.194.157 usuarios de energ\u00eda el\u00e9ctrica<\/strong>, distribuidos entre:<\/p>\n\n\n\n<ul class=\"wp-block-list\">\n<li><strong>204 empresas locales:<\/strong> 4 provinciales y 200 municipales que abastecen al 41% de los usuarios.<\/li>\n\n\n\n<li><strong>Edenor y Edesur:<\/strong> de jurisdicci\u00f3n nacional, atienden al 59% restante (3.067.644 usuarios).<\/li>\n<\/ul>\n\n\n\n<p>En cuanto a la segmentaci\u00f3n de subsidios:<\/p>\n\n\n\n<ul class=\"wp-block-list\">\n<li>El <strong>49%<\/strong> de los usuarios residenciales bonaerenses pertenece al nivel 2 (bajos ingresos).<\/li>\n\n\n\n<li>El <strong>33%<\/strong> se encuentra en el nivel 1 (altos ingresos).<\/li>\n\n\n\n<li>El <strong>18%<\/strong> restante est\u00e1 en el nivel 3 (ingresos medios).<\/li>\n<\/ul>\n\n\n\n<p>En el conurbano bonaerense, donde operan Edenor y Edesur, el <strong>54%<\/strong> de los usuarios son de ingresos bajos (N2), el <strong>27%<\/strong> de ingresos altos (N1) y el <strong>19%<\/strong> de ingresos medios (N3).<\/p>\n\n\n\n<p>Este nuevo aumento en las tarifas refuerza el impacto del ajuste en el costo de los servicios p\u00fablicos, en un contexto de segmentaci\u00f3n y eliminaci\u00f3n progresiva de subsidios.<\/p>\n\n\n\n<p class=\"has-text-align-center\"><strong><a href=\"https:\/\/chat.whatsapp.com\/KWkTmakY3I05kNdd2oZl6d\"><em>\u00daNETE A NUESTRO GRUPO DE WHATSAPP PARA ESTAR INFORMADO<\/em><\/a><\/strong><\/p>\n","protected":false},"excerpt":{"rendered":"<p>La gesti\u00f3n bonaerense aplic\u00f3 un alza de 2,5% para los usuarios residenciales. Aplica a todos los usuarios de Edelap, Edea, Eden, Edes y las cooperativas de luz. Los nuevos valores.<\/p>\n","protected":false},"author":3,"featured_media":66852,"comment_status":"closed","ping_status":"closed","sticky":false,"template":"","format":"standard","meta":{"jnews-multi-image_gallery":[],"jnews_single_post":{"format":"standard"},"jnews_primary_category":[],"jnews_social_meta":[],"jnews_review":[],"enable_review":"","type":"","name":"","summary":"","brand":"","sku":"","good":[],"bad":[],"score_override":"","override_value":"","rating":[],"price":[],"jnews_override_counter":[],"jnews_post_split":[],"footnotes":""},"categories":[58,61],"tags":[888,22694,22695,427,363,9706,316,5165],"class_list":["post-66851","post","type-post","status-publish","format-standard","has-post-thumbnail","hentry","category-argentina","category-economia","tag-axel-kicillof","tag-cuadro-tarifario","tag-gobierno-de-axel-kicillof","tag-luz","tag-provincia-de-buenos-aires","tag-servicio-electrico-2","tag-tarifas","tag-tarifas-de-luz"],"_links":{"self":[{"href":"https:\/\/esreviral.com\/index.php?rest_route=\/wp\/v2\/posts\/66851","targetHints":{"allow":["GET"]}}],"collection":[{"href":"https:\/\/esreviral.com\/index.php?rest_route=\/wp\/v2\/posts"}],"about":[{"href":"https:\/\/esreviral.com\/index.php?rest_route=\/wp\/v2\/types\/post"}],"author":[{"embeddable":true,"href":"https:\/\/esreviral.com\/index.php?rest_route=\/wp\/v2\/users\/3"}],"replies":[{"embeddable":true,"href":"https:\/\/esreviral.com\/index.php?rest_route=%2Fwp%2Fv2%2Fcomments&post=66851"}],"version-history":[{"count":0,"href":"https:\/\/esreviral.com\/index.php?rest_route=\/wp\/v2\/posts\/66851\/revisions"}],"wp:featuredmedia":[{"embeddable":true,"href":"https:\/\/esreviral.com\/index.php?rest_route=\/wp\/v2\/media\/66852"}],"wp:attachment":[{"href":"https:\/\/esreviral.com\/index.php?rest_route=%2Fwp%2Fv2%2Fmedia&parent=66851"}],"wp:term":[{"taxonomy":"category","embeddable":true,"href":"https:\/\/esreviral.com\/index.php?rest_route=%2Fwp%2Fv2%2Fcategories&post=66851"},{"taxonomy":"post_tag","embeddable":true,"href":"https:\/\/esreviral.com\/index.php?rest_route=%2Fwp%2Fv2%2Ftags&post=66851"}],"curies":[{"name":"wp","href":"https:\/\/api.w.org\/{rel}","templated":true}]}}