{"id":668,"date":"2020-10-19T19:51:52","date_gmt":"2020-10-19T19:51:52","guid":{"rendered":"http:\/\/esreviral.com\/?p=668"},"modified":"2020-10-19T19:51:52","modified_gmt":"2020-10-19T19:51:52","slug":"temporada-de-verano-en-argentina-sera-del-11-de-diciembre-al-4-de-abril-2021","status":"publish","type":"post","link":"https:\/\/esreviral.com\/?p=668","title":{"rendered":"Temporada de verano en Argentina ser\u00e1 del 11 de diciembre al 4 de abril 2021"},"content":{"rendered":"\n<p>CIS.- El gobernador bonaerense Axel Kicillof, anunci\u00f3 c\u00f3mo ser\u00e1 la nueva temporada de verano en medio de la pandemia, la cual ser\u00e1 del 11 de diciembre al 4 de abril 2021.<\/p>\n\n\n\n<p>desde mar del plata, Kicillof, confirm\u00f3 que los boliches estar\u00e1n cerrados asi como tambi\u00e9n los teatros.<\/p>\n\n\n\n<p>Por su parte, Augusto Costa, ministro de Producci\u00f3n, Ciencia y Tecnolog\u00eda, inform\u00f3 que\u00a0\u00aben principio los campings no van a poder funcionar, porque al disponer de instalaciones comunes, como ba\u00f1os, el riesgo de contagio es alto y no es conveniente\u00bb.<\/p>\n\n\n\n<p>\u00abRespecto a actividades y tipos de protocolos, estas son las principales definiciones, y para poder desplazarse en la PBA los turistas deber\u00e1n bajarse la una aplicaci\u00f3n especial, como estamos acostumbrados, a la app Cuidar, habr\u00e1 una App Cuidar\u00a0Verano, espec\u00edfica para la PBA, donde estar\u00e1n todos datos de quien se va a desplazar, d\u00f3nde va a vacacionar, con qui\u00e9n, transporte, domicilio donde se alojar\u00e1, comprobante, y toda esa informaci\u00f3n va a permitir que los municipios validen el certificado para poder viajar\u00bb.<\/p>\n\n\n\n<p>Lo que a\u00fan est\u00e1 en discusi\u00f3n es si se pedir\u00e1, de forma obligatoria, un hisopado o un test previo para poder entrar a las mismas.<\/p>\n\n\n\n<p>Por otro lado, cada una de las personas que ingresen a\u00a0Mar del Plata\u00a0como a otras ciudades balnearias, van a necesitar un\u00a0<em>\u00abcertificado de habilitaci\u00f3n\u00bb<\/em>.<\/p>\n","protected":false},"excerpt":{"rendered":"<p>Los viajeros deber\u00e1n usar el app Cuidar Verano<\/p>\n","protected":false},"author":2,"featured_media":669,"comment_status":"open","ping_status":"open","sticky":false,"template":"","format":"standard","meta":{"jnews-multi-image_gallery":[],"jnews_single_post":[],"jnews_primary_category":[],"jnews_social_meta":[],"jnews_review":[],"enable_review":"","type":"","name":"","summary":"","brand":"","sku":"","good":[],"bad":[],"score_override":"","override_value":"","rating":[],"price":[],"jnews_override_counter":[],"jnews_post_split":[],"footnotes":""},"categories":[58],"tags":[45,121,122],"class_list":["post-668","post","type-post","status-publish","format-standard","has-post-thumbnail","hentry","category-argentina","tag-noticias","tag-vacaciones","tag-verano"],"amp_enabled":true,"_links":{"self":[{"href":"https:\/\/esreviral.com\/index.php?rest_route=\/wp\/v2\/posts\/668"}],"collection":[{"href":"https:\/\/esreviral.com\/index.php?rest_route=\/wp\/v2\/posts"}],"about":[{"href":"https:\/\/esreviral.com\/index.php?rest_route=\/wp\/v2\/types\/post"}],"author":[{"embeddable":true,"href":"https:\/\/esreviral.com\/index.php?rest_route=\/wp\/v2\/users\/2"}],"replies":[{"embeddable":true,"href":"https:\/\/esreviral.com\/index.php?rest_route=%2Fwp%2Fv2%2Fcomments&post=668"}],"version-history":[{"count":0,"href":"https:\/\/esreviral.com\/index.php?rest_route=\/wp\/v2\/posts\/668\/revisions"}],"wp:featuredmedia":[{"embeddable":true,"href":"https:\/\/esreviral.com\/index.php?rest_route=\/"}],"wp:attachment":[{"href":"https:\/\/esreviral.com\/index.php?rest_route=%2Fwp%2Fv2%2Fmedia&parent=668"}],"wp:term":[{"taxonomy":"category","embeddable":true,"href":"https:\/\/esreviral.com\/index.php?rest_route=%2Fwp%2Fv2%2Fcategories&post=668"},{"taxonomy":"post_tag","embeddable":true,"href":"https:\/\/esreviral.com\/index.php?rest_route=%2Fwp%2Fv2%2Ftags&post=668"}],"curies":[{"name":"wp","href":"https:\/\/api.w.org\/{rel}","templated":true}]}}