{"id":66678,"date":"2025-01-06T05:01:21","date_gmt":"2025-01-06T10:01:21","guid":{"rendered":"https:\/\/esreviral.com\/?p=66678"},"modified":"2025-01-06T05:01:22","modified_gmt":"2025-01-06T10:01:22","slug":"dia-de-los-reyes-magos-por-que-se-celebra-y-quienes-eran-realmente","status":"publish","type":"post","link":"https:\/\/esreviral.com\/?p=66678","title":{"rendered":"D\u00eda de los Reyes Magos: \u00bfPor qu\u00e9 se celebra y qui\u00e9nes eran realmente?"},"content":{"rendered":"\n<p>El 6 de enero marca el<strong> D\u00eda de los Reyes Magos<\/strong>, una festividad que<strong> cierra el ciclo de Navidad y A\u00f1o Nuevo<\/strong> con un especial enfoque en tradiciones culturales y religiosas. Celebrada principalmente en pa\u00edses de influencia hisp\u00e1nica y cat\u00f3lica, esta fecha conmemora la visita de los Reyes Magos al ni\u00f1o Jes\u00fas, un episodio que entrelaza historia, religi\u00f3n y costumbres populares.<\/p>\n\n\n\n<h3 class=\"wp-block-heading\"><strong><mark style=\"background-color:rgba(0, 0, 0, 0)\" class=\"has-inline-color has-vivid-red-color\">\u00bfQui\u00e9nes fueron los Reyes Magos?<\/mark><\/strong><\/h3>\n\n\n\n<p>Mencionados exclusivamente en el Evangelio de San Mateo (Mateo 2:1-12), los Reyes Magos no eran reyes seg\u00fan el relato b\u00edblico, ni se menciona su n\u00famero o nombres. Se les describe como \u201cmagos\u201d de Oriente, t\u00e9rmino que alud\u00eda a sabios o astr\u00f3logos dedicados a interpretar los astros. En aquel tiempo, Oriente abarcaba regiones como Arabia, Persia o Caldea, y los \u201cmagos\u201d podr\u00edan haber sido sacerdotes del zoroastrismo, custodios de la tradici\u00f3n de Zaratustra.<\/p>\n\n\n\n<p class=\"has-text-align-center\"><em><strong><em><strong><em><strong><em><strong><a href=\"https:\/\/t.me\/esreviral\">\u00daNETE A NUESTRO CANAL DE TELEGRAM PARA ESTAR INFORMADO<\/a><\/strong><\/em><\/strong><\/em><\/strong><\/em><\/strong><\/em><\/p>\n\n\n\n<p>La tradici\u00f3n popular, enriquecida con influencias medievales y ap\u00f3crifas, asign\u00f3 a los Magos los nombres de<strong> Melchor, Gaspar y Baltasar.<\/strong> Esta identificaci\u00f3n aparece por primera vez en mosaicos del siglo VI en la bas\u00edlica de San Apolinar el Nuevo, en R\u00e1vena, Italia, donde se les representa con atuendos persas y llevando regalos. Posteriormente, se les vincul\u00f3 con las tres edades del hombre (<strong>juventud, madurez y vejez<\/strong>) y las razas conocidas en Europa (europea, asi\u00e1tica y africana).<\/p>\n\n\n\n<figure class=\"wp-block-image size-large\"><img decoding=\"async\" src=\"https:\/\/www.infobae.com\/resizer\/v2\/2HLAYKFNJBE2LCUWUDM4EPV7TI.jpg?auth=cbbe785c7ba8b9fe40adc2437f3d2dfa548bb06b1f4f82faf6d1003f9c8ce966&amp;smart=true&amp;width=992&amp;height=558&amp;quality=85\" alt=\"\"\/><\/figure>\n\n\n\n<p><\/p>\n\n\n\n<h3 class=\"wp-block-heading\"><strong><mark style=\"background-color:rgba(0, 0, 0, 0)\" class=\"has-inline-color has-vivid-red-color\">El simbolismo detr\u00e1s de la estrella y los regalos<\/mark><\/strong><\/h3>\n\n\n\n<p>Seg\u00fan los Evangelios Ap\u00f3crifos, los Magos siguieron una estrella excepcional que los condujo al humilde establo de Bel\u00e9n. All\u00ed ofrecieron oro, incienso y mirra, simbolizando la realeza, la divinidad y el sacrificio de Jes\u00fas. Advertidos en sue\u00f1os sobre las intenciones de Herodes, regresaron a sus tierras por otra ruta, mientras Mar\u00eda, Jos\u00e9 y Jes\u00fas hu\u00edan a Egipto para evitar la persecuci\u00f3n.<\/p>\n\n\n\n<p>Con el tiempo, el culto a los Reyes Magos se fortaleci\u00f3 en la Edad Media, cuando sus nombres y figuras se asociaron con poderes protectores y milagrosos. En Europa, era com\u00fan escribir las iniciales \u201cGBM\u201d en las puertas para alejar demonios y brujas.<\/p>\n\n\n\n<h3 class=\"wp-block-heading\"><strong><mark style=\"background-color:rgba(0, 0, 0, 0)\" class=\"has-inline-color has-vivid-red-color\">\u00bfPor qu\u00e9 se celebra el 6 de enero?<\/mark><\/strong><\/h3>\n\n\n\n<p>El 6 de enero est\u00e1 relacionado con la festividad cristiana de la Epifan\u00eda, palabra griega que significa \u201cmanifestaci\u00f3n\u201d. Este d\u00eda conmemora la revelaci\u00f3n de Jes\u00fas como el Mes\u00edas, especialmente a los no jud\u00edos, representados por los Reyes Magos.<\/p>\n\n\n\n<figure class=\"wp-block-image size-large is-resized\"><img decoding=\"async\" src=\"https:\/\/www.infobae.com\/resizer\/v2\/6EZA3Q442BBQZEUNZBYHAJE6LY.jpg?auth=b86c0702506cf6f56e9e33331d1323ad9452fa2f2929f961c2277ec22ab3a40e&amp;smart=true&amp;width=992&amp;height=558&amp;quality=85\" alt=\"\" style=\"width:1069px;height:auto\"\/><\/figure>\n\n\n\n<p><\/p>\n\n\n\n<p>La elecci\u00f3n de esta fecha tambi\u00e9n pudo haber sido una estrategia de la Iglesia para cristianizar celebraciones paganas. En el mundo grecorromano, el 6 de enero coincid\u00eda con festividades dedicadas a dioses como Dionisio en Grecia o Aion en Alejandr\u00eda, marcando un periodo de renovaci\u00f3n que fue reinterpretado en clave cristiana.<\/p>\n\n\n\n<h3 class=\"wp-block-heading\"><strong><mark style=\"background-color:rgba(0, 0, 0, 0)\" class=\"has-inline-color has-vivid-red-color\">Tradiciones en torno al D\u00eda de los Reyes Magos<\/mark><\/strong><\/h3>\n\n\n\n<p>En Espa\u00f1a y Am\u00e9rica Latina, esta festividad est\u00e1 cargada de tradiciones. La noche del 5 de enero, los ni\u00f1os suelen dejar pasto y agua para los camellos de los Reyes, junto con sus zapatos, esperando recibir regalos a cambio de su buen comportamiento.<\/p>\n\n\n\n<p>Uno de los eventos m\u00e1s emblem\u00e1ticos son las cabalgatas de Reyes, que se remontan a 1866 en Alcoy, Espa\u00f1a. En ellas, los Reyes recorren las calles en carrozas, repartiendo caramelos y alegr\u00eda entre los asistentes.<\/p>\n\n\n\n<p>Otra tradici\u00f3n destacada es el <em>rosc\u00f3n de reyes<\/em>, un bollo en forma de corona adornado con frutas confitadas que simbolizan las joyas de los Reyes. Esta costumbre tiene ra\u00edces en la antigua Roma, donde se compart\u00eda un pastel similar durante las celebraciones del Sol Invicto.<\/p>\n\n\n\n<h3 class=\"wp-block-heading\"><strong><mark style=\"background-color:rgba(0, 0, 0, 0)\" class=\"has-inline-color has-vivid-red-color\">El legado de los Reyes Magos<\/mark><\/strong><\/h3>\n\n\n\n<p>M\u00e1s all\u00e1 de su car\u00e1cter festivo, el D\u00eda de los Reyes Magos invita a reflexionar sobre el valor de la fe, la solidaridad y la conexi\u00f3n con nuestras ra\u00edces culturales. Esta celebraci\u00f3n, que ha perdurado a lo largo de los siglos, sigue siendo un s\u00edmbolo de uni\u00f3n y esperanza en el mundo hisp\u00e1nico.<\/p>\n\n\n\n<p class=\"has-text-align-center\"><strong><a href=\"https:\/\/chat.whatsapp.com\/KWkTmakY3I05kNdd2oZl6d\"><em>\u00daNETE A NUESTRO GRUPO DE WHATSAPP PARA ESTAR INFORMADO<\/em><\/a><\/strong><\/p>\n\n\n\n<figure class=\"wp-block-image size-large\"><img decoding=\"async\" src=\"https:\/\/www.infobae.com\/resizer\/v2\/FOWIZPUMJRDG3DZZIYYS6X4JTI.jpg?auth=3f7a8adbc414051055469db4c7cd720dcb68b488a9c25b9eeb7450f24fe09e3c&amp;smart=true&amp;width=992&amp;height=558&amp;quality=85\" alt=\"\"\/><\/figure>\n\n\n\n<p><\/p>\n","protected":false},"excerpt":{"rendered":"<p>Este lunes tiene lugar una festividad milenaria cargada de simbolismo. Desde regalos hasta rituales, se reviven las costumbres en familias y comunidades<\/p>\n","protected":false},"author":3,"featured_media":66679,"comment_status":"closed","ping_status":"closed","sticky":false,"template":"","format":"standard","meta":{"jnews-multi-image_gallery":[],"jnews_single_post":{"format":"standard"},"jnews_primary_category":[],"jnews_social_meta":[],"jnews_review":[],"enable_review":"","type":"","name":"","summary":"","brand":"","sku":"","good":[],"bad":[],"score_override":"","override_value":"","rating":[],"price":[],"jnews_override_counter":[],"jnews_post_split":[],"footnotes":""},"categories":[43],"tags":[22548,22545,3953,22547,22546,13157],"class_list":["post-66678","post","type-post","status-publish","format-standard","has-post-thumbnail","hentry","category-actualidad","tag-baltasar","tag-dia-de-los-reyes-magos","tag-efemerides-3","tag-gaspar","tag-melchor","tag-reyes-magos"],"amp_enabled":true,"_links":{"self":[{"href":"https:\/\/esreviral.com\/index.php?rest_route=\/wp\/v2\/posts\/66678"}],"collection":[{"href":"https:\/\/esreviral.com\/index.php?rest_route=\/wp\/v2\/posts"}],"about":[{"href":"https:\/\/esreviral.com\/index.php?rest_route=\/wp\/v2\/types\/post"}],"author":[{"embeddable":true,"href":"https:\/\/esreviral.com\/index.php?rest_route=\/wp\/v2\/users\/3"}],"replies":[{"embeddable":true,"href":"https:\/\/esreviral.com\/index.php?rest_route=%2Fwp%2Fv2%2Fcomments&post=66678"}],"version-history":[{"count":0,"href":"https:\/\/esreviral.com\/index.php?rest_route=\/wp\/v2\/posts\/66678\/revisions"}],"wp:featuredmedia":[{"embeddable":true,"href":"https:\/\/esreviral.com\/index.php?rest_route=\/wp\/v2\/media\/66679"}],"wp:attachment":[{"href":"https:\/\/esreviral.com\/index.php?rest_route=%2Fwp%2Fv2%2Fmedia&parent=66678"}],"wp:term":[{"taxonomy":"category","embeddable":true,"href":"https:\/\/esreviral.com\/index.php?rest_route=%2Fwp%2Fv2%2Fcategories&post=66678"},{"taxonomy":"post_tag","embeddable":true,"href":"https:\/\/esreviral.com\/index.php?rest_route=%2Fwp%2Fv2%2Ftags&post=66678"}],"curies":[{"name":"wp","href":"https:\/\/api.w.org\/{rel}","templated":true}]}}