{"id":6653,"date":"2021-05-18T13:47:16","date_gmt":"2021-05-18T16:47:16","guid":{"rendered":"http:\/\/esreviral.com\/?p=6653"},"modified":"2021-05-18T13:47:16","modified_gmt":"2021-05-18T16:47:16","slug":"conoce-quienes-se-postularon-para-ser-presidente-de-la-federcion-venezolana-de-futbol","status":"publish","type":"post","link":"https:\/\/esreviral.com\/?p=6653","title":{"rendered":"Conoce quienes se postularon para presidir la Federaci\u00f3n Venezolana de F\u00fatbol"},"content":{"rendered":"\n<p>Las elecciones de la nueva junta directiva de la<strong>&nbsp;Federaci\u00f3n Venezolana de F\u00fatbol<\/strong>&nbsp;(FVF) toman m\u00e1s forma porque ayer se presentaron los grupos interesados en poner un hombre en la m\u00e1xima instancia: la presidencia.<\/p>\n\n\n\n<p>Hubo sorpresas y decepciones. En primer lugar porque aparecieron no dos, sino tres grupos interesados en asumir el coroto, como se dice popularmente.<\/p>\n\n\n\n<p>El primero encabezado por<strong>&nbsp;Jorge Silva<\/strong>, el due\u00f1o del Deportivo T\u00e1chira, con su movimiento Evoluci\u00f3n Vinotinto. El segundo capitaneado por&nbsp;<strong>Jorge Gim\u00e9nez<\/strong>, propietario del Deportivo Lara, abanderado de F\u00fatbol Unido.<\/p>\n\n\n\n<p>El primero de ellos cuenta con respaldos de equipos de segunda divisi\u00f3n y con el presidente de la asociaci\u00f3n que los agrupa: Ernesto M\u00fcller.<\/p>\n\n\n\n<p>El otro cuenta entre sus agrupados como plancha a&nbsp;<strong>Pedro Infante<\/strong>, ex ministro de deportes y quien fungi\u00f3 como vicepresidente del organismo en el periodo anterior que condujo&nbsp;<strong>Laureano Gonz\u00e1lez<\/strong>, hoy cabeza de la llamada Comisi\u00f3n Regularizador que design\u00f3 la FIFA.<\/p>\n\n\n\n<p>Tambi\u00e9n integra esta agrupaci\u00f3n&nbsp;<strong>Akram Almatni,<\/strong>&nbsp;m\u00e1ximo directivo del Zamora y presidente de la Liga Futve que agrupo en su seno a los equipos de la m\u00e1xima categor\u00eda.<\/p>\n\n\n\n<p>Novedad. Lo inusual aunque esperado debido a los rumores que lo acompa\u00f1aron en d\u00edas pasados, fue la presencia del grupo liderado por Rafael Almarza, otro ex directivo de la FVF, quien al inicio del proceso se present\u00f3 como cabeza m\u00e1xima de F\u00fatbol Unido.<\/p>\n\n\n\n<p><span style=\"background-color:#9a1b22\" class=\"td_text_highlight_marker\"><strong>Es decir una escisi\u00f3n de este grupo<\/strong><\/span><\/p>\n\n\n\n<p>A Almarza lo acompa\u00f1an en la plancha en pos de la presidencia Adri\u00e1n Mayora, ligado al sector de entrenadores y el ex vinotinto Stalin Rivas.<\/p>\n\n\n\n<p>La fecha tope dej\u00f3 en el camino a uno de los iniciales aspirantes: Nelson Carrero, quien renunci\u00f3 a seguir en el proceso, previo comunicado.<\/p>\n\n\n\n<p>En el mismo calific\u00f3 como \u201cbatalla despiadada entre dos grupos aspirantes (sin mencionarlos)\u201d.<\/p>\n\n\n\n<p>La Comisi\u00f3n Electoral de la FVF decidir\u00e1 cu\u00e1les planchas cumplen con los requisitos para poder participar.<\/p>\n\n\n\n<p class=\"has-text-align-right\"><strong><em>Meridiano.-<\/em><\/strong><\/p>\n","protected":false},"excerpt":{"rendered":"<p>Las elecciones de la nueva junta directiva de la&nbsp;Federaci\u00f3n Venezolana de F\u00fatbol&nbsp;(FVF) toman m\u00e1s forma porque ayer se presentaron los grupos interesados en poner un hombre en la m\u00e1xima instancia: la presidencia. Hubo sorpresas y decepciones. En primer lugar porque aparecieron no dos, sino tres grupos interesados en asumir el coroto, como se dice popularmente. [&hellip;]<\/p>\n","protected":false},"author":2,"featured_media":6654,"comment_status":"open","ping_status":"open","sticky":false,"template":"","format":"standard","meta":{"jnews-multi-image_gallery":[],"jnews_single_post":[],"jnews_primary_category":[],"jnews_social_meta":[],"jnews_review":[],"enable_review":"","type":"","name":"","summary":"","brand":"","sku":"","good":[],"bad":[],"score_override":"","override_value":"","rating":[],"price":[],"jnews_override_counter":[],"jnews_post_split":[],"footnotes":""},"categories":[48],"tags":[734,146,45,56],"class_list":["post-6653","post","type-post","status-publish","format-standard","has-post-thumbnail","hentry","category-deportes","tag-futbol-2","tag-la-vinotinto","tag-noticias","tag-venezuela"],"amp_enabled":true,"_links":{"self":[{"href":"https:\/\/esreviral.com\/index.php?rest_route=\/wp\/v2\/posts\/6653"}],"collection":[{"href":"https:\/\/esreviral.com\/index.php?rest_route=\/wp\/v2\/posts"}],"about":[{"href":"https:\/\/esreviral.com\/index.php?rest_route=\/wp\/v2\/types\/post"}],"author":[{"embeddable":true,"href":"https:\/\/esreviral.com\/index.php?rest_route=\/wp\/v2\/users\/2"}],"replies":[{"embeddable":true,"href":"https:\/\/esreviral.com\/index.php?rest_route=%2Fwp%2Fv2%2Fcomments&post=6653"}],"version-history":[{"count":0,"href":"https:\/\/esreviral.com\/index.php?rest_route=\/wp\/v2\/posts\/6653\/revisions"}],"wp:featuredmedia":[{"embeddable":true,"href":"https:\/\/esreviral.com\/index.php?rest_route=\/"}],"wp:attachment":[{"href":"https:\/\/esreviral.com\/index.php?rest_route=%2Fwp%2Fv2%2Fmedia&parent=6653"}],"wp:term":[{"taxonomy":"category","embeddable":true,"href":"https:\/\/esreviral.com\/index.php?rest_route=%2Fwp%2Fv2%2Fcategories&post=6653"},{"taxonomy":"post_tag","embeddable":true,"href":"https:\/\/esreviral.com\/index.php?rest_route=%2Fwp%2Fv2%2Ftags&post=6653"}],"curies":[{"name":"wp","href":"https:\/\/api.w.org\/{rel}","templated":true}]}}