{"id":6650,"date":"2021-05-18T13:39:30","date_gmt":"2021-05-18T16:39:30","guid":{"rendered":"http:\/\/esreviral.com\/?p=6650"},"modified":"2021-05-18T13:39:30","modified_gmt":"2021-05-18T16:39:30","slug":"en-la-ciudad-de-buenos-aires-no-descartan-la-posibilidad-de-incrementar-las-restricciones","status":"publish","type":"post","link":"https:\/\/esreviral.com\/?p=6650","title":{"rendered":"En la Ciudad de Buenos Aires no descartan la posibilidad de incrementar las restricciones"},"content":{"rendered":"\n<p>El ministro de Salud de la Ciudad de Buenos Aires, Fern\u00e1n Quir\u00f3s, asegur\u00f3 este martes que\u00a0<strong>ese distrito atraviesa un momento \u00abextremadamente delicado\u00bb\u00a0<\/strong>en la pandemia de coronavirus \u00aben el que hay que hacer un esfuerzo muy particular\u00bb frente a un marco en el que\u00a0<strong>\u00abse ha detenido el descenso de casos de coronavirus\u00bb en los \u00faltimos d\u00edas,<\/strong>\u00a0lo que determina \u00abun claro cambio de tendencia\u00bb.<\/p>\n\n\n\n<p>En ese contexto, no descart\u00f3 que en\u00a0las reuniones que mantienen Naci\u00f3n, provincia de Buenos Aires y Ciudad,\u00a0el distrito porte\u00f1o acepte ahora aumentar las restricciones \u00aben t\u00e9rminos de darle un espacio al sistema de salud y en t\u00e9rminos de darle un espacio a la campa\u00f1a de vacunaci\u00f3n que se va intensificar significativamente a partir de la semana que viene\u00bb.<\/p>\n\n\n\n<p><strong>\u00abEs un momento muy particular en el que hay que hacer un esfuerzo muy particular, buscando la energ\u00eda donde la tengamos\u00bb,<\/strong>&nbsp;subray\u00f3 este martes el ministro Quir\u00f3s.<\/p>\n\n\n\n<blockquote class=\"wp-block-quote td_quote_box td_box_center is-layout-flow wp-block-quote-is-layout-flow\"><p>\u00abTodav\u00eda estamos procesando una ola en la antesala del invierno, el momento es extremadamente delicado y todos tenemos que hacer un esfuerzo enorme\u00bb<\/p><\/blockquote>\n\n\n\n<p>En este sentido, el ministro porte\u00f1o agreg\u00f3: \u00abTodav\u00eda estamos procesando una ola en la antesala del invierno, el momento es extremadamente delicado y todos tenemos que hacer un esfuerzo enorme, primero para poder empatizar con lo que nos pasa al conjunto y lo que nos pasa a cada uno de nosotros\u00bb.<\/p>\n\n\n\n<p>Adem\u00e1s, remarc\u00f3 que<strong>&nbsp;\u00aben los \u00faltimos tres o cuatro d\u00edas se ha detenido el descenso de casos de coronavirus\u00bb&nbsp;<\/strong>en el distrito, lo que implica \u00abun claro cambio de tendencia\u00bb.<\/p>\n","protected":false},"excerpt":{"rendered":"<p>El ministro de Salud de la Ciudad de Buenos Aires, Fern\u00e1n Quir\u00f3s, asegur\u00f3 este martes que\u00a0ese distrito atraviesa un momento \u00abextremadamente delicado\u00bb\u00a0en la pandemia de coronavirus \u00aben el que hay que hacer un esfuerzo muy particular\u00bb frente a un marco en el que\u00a0\u00abse ha detenido el descenso de casos de coronavirus\u00bb en los \u00faltimos d\u00edas,\u00a0lo [&hellip;]<\/p>\n","protected":false},"author":2,"featured_media":6651,"comment_status":"open","ping_status":"open","sticky":false,"template":"","format":"standard","meta":{"jnews-multi-image_gallery":[],"jnews_single_post":[],"jnews_primary_category":[],"jnews_social_meta":[],"jnews_review":[],"enable_review":"","type":"","name":"","summary":"","brand":"","sku":"","good":[],"bad":[],"score_override":"","override_value":"","rating":[],"price":[],"jnews_override_counter":[],"jnews_post_split":[],"footnotes":""},"categories":[76],"tags":[124,77,45],"class_list":["post-6650","post","type-post","status-publish","format-standard","has-post-thumbnail","hentry","category-coronavirus","tag-buenos-aires","tag-coronavirus","tag-noticias"],"amp_enabled":true,"_links":{"self":[{"href":"https:\/\/esreviral.com\/index.php?rest_route=\/wp\/v2\/posts\/6650"}],"collection":[{"href":"https:\/\/esreviral.com\/index.php?rest_route=\/wp\/v2\/posts"}],"about":[{"href":"https:\/\/esreviral.com\/index.php?rest_route=\/wp\/v2\/types\/post"}],"author":[{"embeddable":true,"href":"https:\/\/esreviral.com\/index.php?rest_route=\/wp\/v2\/users\/2"}],"replies":[{"embeddable":true,"href":"https:\/\/esreviral.com\/index.php?rest_route=%2Fwp%2Fv2%2Fcomments&post=6650"}],"version-history":[{"count":0,"href":"https:\/\/esreviral.com\/index.php?rest_route=\/wp\/v2\/posts\/6650\/revisions"}],"wp:featuredmedia":[{"embeddable":true,"href":"https:\/\/esreviral.com\/index.php?rest_route=\/"}],"wp:attachment":[{"href":"https:\/\/esreviral.com\/index.php?rest_route=%2Fwp%2Fv2%2Fmedia&parent=6650"}],"wp:term":[{"taxonomy":"category","embeddable":true,"href":"https:\/\/esreviral.com\/index.php?rest_route=%2Fwp%2Fv2%2Fcategories&post=6650"},{"taxonomy":"post_tag","embeddable":true,"href":"https:\/\/esreviral.com\/index.php?rest_route=%2Fwp%2Fv2%2Ftags&post=6650"}],"curies":[{"name":"wp","href":"https:\/\/api.w.org\/{rel}","templated":true}]}}