{"id":665,"date":"2020-10-19T19:21:06","date_gmt":"2020-10-19T19:21:06","guid":{"rendered":"http:\/\/esreviral.com\/?p=665"},"modified":"2020-10-19T19:21:06","modified_gmt":"2020-10-19T19:21:06","slug":"carlo-acutis-el-beato-milenial-tiene-familia-venezolana","status":"publish","type":"post","link":"https:\/\/esreviral.com\/?p=665","title":{"rendered":"Carlo Acutis, el beato milenial, tiene familia venezolana"},"content":{"rendered":"\n<p>El mundo cat\u00f3lico vivi\u00f3 con emoci\u00f3n la\u00a0beatificaci\u00f3n de Carlo Acutis \u00abpatr\u00f3n de internet\u00bb\u00a0un milenial de apenas 15 a\u00f1os\u00a0que hoy conmueve a su familia al conocerse sus ra\u00edces venezolanas\u00a0\u00a0\u00abDescubrimos el parentesco de Rosa Pellino, hermana de la abuela materna de\u00a0Carlo Acutis. Por lo que resulta ser t\u00eda abuela del joven\u00bb, sostiene una investigaci\u00f3n de la\u00a0<em>periodista Macky Arenas<\/em>\u00a0publicada en el Diario El Tiempo, de Trujillo.<\/p>\n\n\n\n<blockquote class=\"wp-block-quote td_quote_box td_box_center is-layout-flow wp-block-quote-is-layout-flow\"><p>Rosa est\u00e1 casada con el abogado Miguel Dao, educado por los jesuitas en el colegio San Ignacio de Caracas, una familia muy apreciada en la capital. Pedimos a Rosa conversar para Aleteia acerca de sus impresiones sobre el acto de beatificaci\u00f3n que apenas un d\u00eda antes se celebr\u00f3 en Italia y hab\u00edan podido seguir desde Venezuela a trav\u00e9s de las transmisiones.<\/p><p><\/p><\/blockquote>\n\n\n\n<p>\u201cEsto es algo muy grande, indescriptible. Hemos llorado mucho y tenemos sensaciones encontradas. Estamos muy felices pero habr\u00edamos querido poder estar presentes en Asis para vivir ese momento con nuestra familia, pero la restriccione que impone la cuarentena nos impidi\u00f3 viajar. Busqu\u00e9 entre la gente a los m\u00edos y pude ver a los padres de Carlo en la pantalla. Puedo imaginar la emoci\u00f3n que ten\u00edan porque nosotros, ac\u00e1 en Caracas, no hemos dejado de llorar\u201d.<\/p>\n\n\n\n<blockquote class=\"wp-block-quote td_quote_box td_box_center is-layout-flow wp-block-quote-is-layout-flow\"><p>Nos explic\u00f3 que el abuelo vino a Venezuela durante la Segunda Guerra Mundial, como tantos europeos. Pronto conoci\u00f3 a Luana y formaron un hogar. En ese hogar naci\u00f3 Antonella, quien contrajo matrimonio con Andrea Acutis y los padres de Carlo. As\u00ed que,&nbsp;<strong>siendo t\u00eda de Antonella, nuestra interlocutora Rosa es t\u00eda abuela del jovencito ejemplar, genio de la inform\u00e1tica, que acaba de subir a los altares.<\/strong><\/p><\/blockquote>\n\n\n\n<p>Cuenta que, de peque\u00f1o, lloraba por entrar a las iglesias, \u201cpataleaba si no lo dejaban\u201d y cada d\u00eda rezaba con fervor y tambi\u00e9n predicaba para quienes lo quisieran escuchar.<\/p>\n\n\n\n<p><strong>No eran una familia de la que se espere produzca religiosos ni santos. Son cat\u00f3licos, claro, pero del tipo que hoy llamar\u00edamos \u201clight\u201d, seg\u00fan Rosa. La pista puede ser la que ella misma asom\u00f3: \u201cTen\u00eda una ni\u00f1era que era muy cat\u00f3lica y la quer\u00eda mucho. Tal vez fue ella quien m\u00e1s lo inclin\u00f3 hacia todo ese mundo espiritual\u201d. Sin embargo, no cabe duda de que fue Dios, \u00abeso es un don\u00bb, apunta. Lo cierto es que Carlo ten\u00eda a Dios en sus teclas y a la Virgen en su coraz\u00f3n.<\/strong><\/p>\n\n\n\n<p>De mayorcito, de repente se levantaba de la mesa y corr\u00eda a llevar alimento y ropa a los indigentes. Dicen quienes lo conocieron que su bondad y cercan\u00eda era capaz de curar pues alg\u00fan encanto hab\u00eda en \u00e9l que aliviaba y animaba.<\/p>\n\n\n\n<p>\u00ab\u00a1Lamento tanto no haber podido verlos la \u00faltima vez que fuimos a Italia!. Ellos estaban de viaje en Londres y nosotros no pod\u00edamos ir hasta all\u00e1\u00bb dice Rosa.<\/p>\n\n\n\n<p>Rosa nos revela que un d\u00eda so\u00f1\u00f3 que su abuelo estaba en el purgatorio y rezaba mucho por \u00e9l. Lo que s\u00ed es claro para toda la familia es que ten\u00eda un don especial para ver y predecir, m\u00e1s all\u00e1 de lo comprensible.<\/p>\n\n\n\n<p><strong>\u201cCuando le diagnosticaron c\u00e1ncer fue un golpe muy fuerte para toda la familia. Pero \u00e9l siempre estuvo sereno y esperanzado en Dios. Yo tengo un hijo cercano a su edad y tiene un impresionante parecido con Carlo. Por ello la noticia fue a\u00fan m\u00e1s impactante\u201d.<\/strong><\/p>\n\n\n\n<p>El esposo de Rosa, Miguel Dao Dao (t\u00edo abuelo pol\u00edtico de Carlo)&nbsp;es muy conocido y respetado, no s\u00f3lo como profesional del Derecho sino por su labor como comisario y exdirector del Cuerpo de Investigaciones, Cient\u00edficas, Penales y Criminal\u00edsticas (Cicpc), en tiempos de los gobiernos democr\u00e1ticos en Venezuela. En aquel fat\u00eddico momento de agosto del 2018, formul\u00f3 unas declaraciones a la prensa destacando el amor que le brind\u00f3 su hijo: \u201cSi alguna carga he de tener es aquella del mucho amor que nos brind\u00f3 An\u00edbal y la llevo tambi\u00e9n con amor\u201d.<\/p>\n\n\n\n<blockquote class=\"wp-block-quote td_quote_box td_box_center is-layout-flow wp-block-quote-is-layout-flow\"><p>En un mensaje publicado en su cuenta de Twiter escribi\u00f3: \u201cFuerte y duro tr\u00e1nsito \u00e9ste, queridos hermanos. La voluntad de Dios quiero respetarla y solo le pido fortaleza para afrontar todo esto. Entiendo que no es ley de vida pero lo acepto con mucha humildad y me quedo con esos hermosos momentos que pas\u00e9 con mi muchacho\u201d. Y agreg\u00f3 una frase del poeta chileno Pablo Neruda: \u00abSi nada nos salva de la muerte, al menos que el amor nos salve de la vida\u00bb.<\/p><\/blockquote>\n\n\n\n<p>El amor era el hilo conductor de los sentimientos en aquellos tr\u00e1gicos tiempos. Como lo es ahora, con la experiencia vivida por la familia de Carlo. Los dej\u00f3 llenos de amor y de compasi\u00f3n y por esa raz\u00f3n los recuerdos, lejos de lascerar, deforestan y confortan.<\/p>\n\n\n\n<p>No podemos pensar otra cosa sino que Carlo fue un \u00e1ngel que estaba de paso para hacer el bien, influir en sus contempor\u00e1neos para traer esperanza, y dar testimonio de su fe. Nadie puede siquiera sospechar cu\u00e1ntas para cu\u00e1ntas cosas m\u00e1s estuvo en el mundo. S\u00f3lo nuestro Creador las sabe. \u00bfA cu\u00e1nta gente no habr\u00e1 tocado con su actividad en red? \u00bfCu\u00e1ntos no se habr\u00e1n sentido movidos por sus mensajes online? A pesar de ser un joven como cualquier otro, semejante a los chicos de su edad, no era un ser de este mundo, siempre fue m\u00e1s del Cielo. Misterios de Dios.<\/p>\n\n\n\n<p>Es dif\u00edcil comprender y aceptar la muerte de alguien que tiene la vida por delante pero \u201chay que confiar en los planes del Se\u00f1or\u201d. Por lo pronto, Rosa est\u00e1 segura de que Carlo llev\u00f3 a los suyos m\u00e1s cerca de Dios y de su religi\u00f3n. Y que, con este acontecimiento maravilloso de tener en beato en la familia, seguramente se ver\u00e1n bendecidos y Carlo har\u00e1 que su vivencia espiritual, la conversi\u00f3n en que tanto nos insiste el papa Francisco, sea mucho m\u00e1s fecunda y profunda.<\/p>\n\n\n\n<blockquote class=\"wp-block-quote td_quote_box td_box_center is-layout-flow wp-block-quote-is-layout-flow\"><p>Carlo Acutis se convirti\u00f3 oficialmente en beato de la Iglesia Cat\u00f3lica el pasado 10 de octubre de 2020.&nbsp;<\/p><\/blockquote>\n\n\n\n<p class=\"has-text-align-right\"><strong><em>Globovisi\u00f3n.-<\/em><\/strong><\/p>\n","protected":false},"excerpt":{"rendered":"<p>Carlo Acutis se convirti\u00f3 oficialmente en beato de la Iglesia Cat\u00f3lica el pasado 10 de octubre de 2020<\/p>\n","protected":false},"author":2,"featured_media":666,"comment_status":"open","ping_status":"open","sticky":false,"template":"","format":"standard","meta":{"jnews-multi-image_gallery":[],"jnews_single_post":[],"jnews_primary_category":[],"jnews_social_meta":[],"jnews_review":[],"enable_review":"","type":"","name":"","summary":"","brand":"","sku":"","good":[],"bad":[],"score_override":"","override_value":"","rating":[],"price":[],"jnews_override_counter":[],"jnews_post_split":[],"footnotes":""},"categories":[66],"tags":[120,45,56],"class_list":["post-665","post","type-post","status-publish","format-standard","has-post-thumbnail","hentry","category-venezuela","tag-beato","tag-noticias","tag-venezuela"],"amp_enabled":true,"_links":{"self":[{"href":"https:\/\/esreviral.com\/index.php?rest_route=\/wp\/v2\/posts\/665"}],"collection":[{"href":"https:\/\/esreviral.com\/index.php?rest_route=\/wp\/v2\/posts"}],"about":[{"href":"https:\/\/esreviral.com\/index.php?rest_route=\/wp\/v2\/types\/post"}],"author":[{"embeddable":true,"href":"https:\/\/esreviral.com\/index.php?rest_route=\/wp\/v2\/users\/2"}],"replies":[{"embeddable":true,"href":"https:\/\/esreviral.com\/index.php?rest_route=%2Fwp%2Fv2%2Fcomments&post=665"}],"version-history":[{"count":0,"href":"https:\/\/esreviral.com\/index.php?rest_route=\/wp\/v2\/posts\/665\/revisions"}],"wp:featuredmedia":[{"embeddable":true,"href":"https:\/\/esreviral.com\/index.php?rest_route=\/"}],"wp:attachment":[{"href":"https:\/\/esreviral.com\/index.php?rest_route=%2Fwp%2Fv2%2Fmedia&parent=665"}],"wp:term":[{"taxonomy":"category","embeddable":true,"href":"https:\/\/esreviral.com\/index.php?rest_route=%2Fwp%2Fv2%2Fcategories&post=665"},{"taxonomy":"post_tag","embeddable":true,"href":"https:\/\/esreviral.com\/index.php?rest_route=%2Fwp%2Fv2%2Ftags&post=665"}],"curies":[{"name":"wp","href":"https:\/\/api.w.org\/{rel}","templated":true}]}}