{"id":6646,"date":"2021-05-18T13:21:40","date_gmt":"2021-05-18T16:21:40","guid":{"rendered":"http:\/\/esreviral.com\/?p=6646"},"modified":"2021-05-18T13:21:40","modified_gmt":"2021-05-18T16:21:40","slug":"fernandez-afirma-que-el-problema-de-los-derechos-humanos-en-venezuela-fue-desapareciendo","status":"publish","type":"post","link":"https:\/\/esreviral.com\/?p=6646","title":{"rendered":"Fern\u00e1ndez afirma que \u201cel problema de los derechos humanos en Venezuela fue desapareciendo\u201d"},"content":{"rendered":"\n<p>Nuevamente Alberto Fern\u00e1ndez sali\u00f3 en defensa del r\u00e9gimen de Nicol\u00e1s Maduro en Venezuela y se refiri\u00f3 esta ma\u00f1ana a la situaci\u00f3n de los derechos humanos en Venezuela y se\u00f1al\u00f3 que ese \u201c<strong>problema<\/strong>\u201d estaba \u201c<strong>desapareciendo<\/strong>\u201d en el pa\u00eds que vive desde hace a\u00f1os una\u00a0<strong>grave<\/strong>\u00a0<strong>crisis humanitaria, pol\u00edtica y social\u00a0<\/strong>sin precedentes bajo la dictadura de\u00a0<strong>Nicol\u00e1s Maduro<\/strong>.<\/p>\n\n\n\n<blockquote class=\"wp-block-quote td_quote_box td_box_center is-layout-flow wp-block-quote-is-layout-flow\"><p>\u201c<strong>Lo digo con mucha franqueza: muchos de izquierda me criticaron porque apoy\u00e9 el informe de (Michelle) Bachelet (Alta Comisionada de las Naciones Unidas para los Derechos Humanos) cuando marc\u00f3 acciones del gobierno venezolano que atentaban contra los derechos humanos, pero tambi\u00e9n trabaj\u00e9 para ayudar a Bachelet para que encare en Venezuela una oficina permanente que haga un seguimiento sobre el funcionamiento de los derechos humanos.\u00a0<\/strong><mark><strong>Y ese problema poco a poco en Venezuela fue desapareciendo<\/strong><\/mark><strong>. Hay un camino para resolver los problemas que no pasa por meterse en los pa\u00edses ni de forma armada ni con bloqueos<\/strong>\u201d, dijo\u00a0<strong>Fern\u00e1ndez\u00a0<\/strong>en declaraciones a una estaci\u00f3n de radio de\u00a0<strong>Buenos Aires<\/strong>.<\/p><\/blockquote>\n\n\n\n<p><strong>Lea tambi\u00e9n: <\/strong><\/p>\n","protected":false},"excerpt":{"rendered":"<p>Nuevamente Alberto Fern\u00e1ndez sali\u00f3 en defensa del r\u00e9gimen de Nicol\u00e1s Maduro en Venezuela y se refiri\u00f3 esta ma\u00f1ana a la situaci\u00f3n de los derechos humanos en Venezuela y se\u00f1al\u00f3 que ese \u201cproblema\u201d estaba \u201cdesapareciendo\u201d en el pa\u00eds que vive desde hace a\u00f1os una\u00a0grave\u00a0crisis humanitaria, pol\u00edtica y social\u00a0sin precedentes bajo la dictadura de\u00a0Nicol\u00e1s Maduro. \u201cLo digo [&hellip;]<\/p>\n","protected":false},"author":2,"featured_media":6647,"comment_status":"open","ping_status":"open","sticky":false,"template":"","format":"standard","meta":{"jnews-multi-image_gallery":[],"jnews_single_post":[],"jnews_primary_category":[],"jnews_social_meta":[],"jnews_review":[],"enable_review":"","type":"","name":"","summary":"","brand":"","sku":"","good":[],"bad":[],"score_override":"","override_value":"","rating":[],"price":[],"jnews_override_counter":[],"jnews_post_split":[],"footnotes":""},"categories":[58,59],"tags":[86,45,67],"class_list":["post-6646","post","type-post","status-publish","format-standard","has-post-thumbnail","hentry","category-argentina","category-politica","tag-alberto-fernandez","tag-noticias","tag-venezolanos-en-argentina"],"amp_enabled":true,"_links":{"self":[{"href":"https:\/\/esreviral.com\/index.php?rest_route=\/wp\/v2\/posts\/6646"}],"collection":[{"href":"https:\/\/esreviral.com\/index.php?rest_route=\/wp\/v2\/posts"}],"about":[{"href":"https:\/\/esreviral.com\/index.php?rest_route=\/wp\/v2\/types\/post"}],"author":[{"embeddable":true,"href":"https:\/\/esreviral.com\/index.php?rest_route=\/wp\/v2\/users\/2"}],"replies":[{"embeddable":true,"href":"https:\/\/esreviral.com\/index.php?rest_route=%2Fwp%2Fv2%2Fcomments&post=6646"}],"version-history":[{"count":0,"href":"https:\/\/esreviral.com\/index.php?rest_route=\/wp\/v2\/posts\/6646\/revisions"}],"wp:featuredmedia":[{"embeddable":true,"href":"https:\/\/esreviral.com\/index.php?rest_route=\/"}],"wp:attachment":[{"href":"https:\/\/esreviral.com\/index.php?rest_route=%2Fwp%2Fv2%2Fmedia&parent=6646"}],"wp:term":[{"taxonomy":"category","embeddable":true,"href":"https:\/\/esreviral.com\/index.php?rest_route=%2Fwp%2Fv2%2Fcategories&post=6646"},{"taxonomy":"post_tag","embeddable":true,"href":"https:\/\/esreviral.com\/index.php?rest_route=%2Fwp%2Fv2%2Ftags&post=6646"}],"curies":[{"name":"wp","href":"https:\/\/api.w.org\/{rel}","templated":true}]}}