{"id":6643,"date":"2021-05-18T13:08:59","date_gmt":"2021-05-18T16:08:59","guid":{"rendered":"http:\/\/esreviral.com\/?p=6643"},"modified":"2021-05-18T13:08:59","modified_gmt":"2021-05-18T16:08:59","slug":"elisa-trotta-contra-alberto-fernandez-su-declaracion-es-una-ofensa-para-las-miles-de-victimas-de-maduro","status":"publish","type":"post","link":"https:\/\/esreviral.com\/?p=6643","title":{"rendered":"Elisa Trotta contra Alberto Fern\u00e1ndez: su declaraci\u00f3n es una ofensa para las miles de v\u00edctimas de Maduro"},"content":{"rendered":"\n<p>Tras las recientes declaraciones del presidente de Argentina, Alberto Fern\u00e1ndez, en las que asegur\u00f3 que , la representante de la Asamblea Nacional de la Unidad democr\u00e1tica en Argentina, Elisa Trotta sali\u00f3 al paso y dijo que \u00abes una afirmaci\u00f3n falsa que, adem\u00e1s, significa una ofensa para las decenas de miles de v\u00edctimas de la dictadura criminal de Maduro\u00bb.<\/p>\n\n\n\n<p>Desminti\u00f3 al presidente Fern\u00e1ndez, \u00abes falso que exista un bloqueo contra Venezuela. Existen sanciones contra corruptos, criminales y narcotraficantes. Si se leen datos y estudios, en vez de escuchar a miembros de la dictadura, este punto quedar\u00eda claro\u00bb.<\/p>\n\n\n\n<blockquote class=\"wp-block-quote td_quote_box td_box_center is-layout-flow wp-block-quote-is-layout-flow\"><p>No hay bloqueo, hay dictadura. Una que ha cometido y SIGUE COMETIENDO cr\u00edmenes de lesa humanidad. No hay democracia, ni libertad, ni mucho menos una disminuci\u00f3n en la violaci\u00f3n a los DD.HH. Asegurar tal cosa, es lavarle la cara un asesino y darle la espalda a los oprimidos.<\/p><\/blockquote>\n\n\n\n<p>Explic\u00f3 que \u00aben este preciso momento se est\u00e1 desarrollando un conflicto b\u00e9lico en la frontera colombo-venezolana, producto de la alianza entre el r\u00e9gimen de Maduro y grupos terroristas como el ELN y las disidencias de las FARC. Ello ha dejado civiles asesinados y miles de desplazadosE.<\/p>\n\n\n\n<p>Un informe de HRW, de hace apenas 22 d\u00edas, demuestra claramente que las distintas \u00abfuerzas de seguridad\u00bb de la dictadura, han cometido violaciones a los derechos humanos a la poblaci\u00f3n civil del estado Apure, en medio de sus operativos armados.<\/p>\n\n\n\n<p>En sus declaraciones, Trotta manifest\u00f3 que \u00abtodo lo que se denuncia en ese informe, es exactamente el mismo patr\u00f3n que ha usado el r\u00e9gimen contra los venezolanos, en distintos lugares, en diferentes situaciones y desde hace mucho tiempo. Lo ha dejado claro la Alta Comisionada Bachelet y la Misi\u00f3n Independiente de la ONU\u00bb.<\/p>\n\n\n\n<p>Parte de la violaci\u00f3n de derechos humanos que se han registrado en Venezuela son:<\/p>\n\n\n\n<p>\u2022Detenciones arbitrarias.<br>\u2022Desapariciones forzadas.<br>\u2022Ejecuciones extrajudiciales.<br>\u2022Torturas, tratos crueles e inhumanos.<\/p>\n\n\n\n<p>Inform\u00f3 Trotta que \u00abhoy en Venezuela, con el apoyo absoluto de Nicol\u00e1s Maduro, funciona el grupo de exterminio m\u00e1s letal que se haya visto en d\u00e9cadas: las FAES. Este grupo de tarea ha sido el responsable de al menos 19.000 ejecuciones extrajudiciales desde su creaci\u00f3n en el a\u00f1o 2016\u00bb.<\/p>\n\n\n\n<figure class=\"wp-block-embed-twitter wp-block-embed is-type-rich is-provider-twitter\"><div class=\"wp-block-embed__wrapper\">\n<blockquote class=\"twitter-tweet\" data-width=\"500\" data-dnt=\"true\"><p lang=\"es\" dir=\"ltr\">Repudiamos las recientes declaraciones del presidente <a href=\"https:\/\/twitter.com\/alferdez?ref_src=twsrc%5Etfw\">@alferdez<\/a>, donde asegur\u00f3 que &quot;el problema de DD.HH. ha ido desapareciendo&quot; en Venezuela. Es una afirmaci\u00f3n falsa que, adem\u00e1s, significa una ofensa para las decenas de miles de v\u00edctimas de la dictadura criminal de Maduro. <a href=\"https:\/\/t.co\/Ey0zuDmbjV\">https:\/\/t.co\/Ey0zuDmbjV<\/a><\/p>&mdash; Elisa Trotta (@EliTrotta) <a href=\"https:\/\/twitter.com\/EliTrotta\/status\/1394640438099853315?ref_src=twsrc%5Etfw\">May 18, 2021<\/a><\/blockquote><script async src=\"https:\/\/platform.twitter.com\/widgets.js\" charset=\"utf-8\"><\/script>\n<\/div><\/figure>\n","protected":false},"excerpt":{"rendered":"<p>Desminti\u00f3 a Fern\u00e1ndez y asegur\u00f3 que no hay un bloqueo en Venezuela<\/p>\n","protected":false},"author":2,"featured_media":6644,"comment_status":"open","ping_status":"open","sticky":false,"template":"","format":"standard","meta":{"jnews-multi-image_gallery":[],"jnews_single_post":[],"jnews_primary_category":[],"jnews_social_meta":[],"jnews_review":[],"enable_review":"","type":"","name":"","summary":"","brand":"","sku":"","good":[],"bad":[],"score_override":"","override_value":"","rating":[],"price":[],"jnews_override_counter":[],"jnews_post_split":[],"footnotes":""},"categories":[58,59],"tags":[86,523,154,67],"class_list":["post-6643","post","type-post","status-publish","format-standard","has-post-thumbnail","hentry","category-argentina","category-politica","tag-alberto-fernandez","tag-elisa-trotta","tag-guaido","tag-venezolanos-en-argentina"],"amp_enabled":true,"_links":{"self":[{"href":"https:\/\/esreviral.com\/index.php?rest_route=\/wp\/v2\/posts\/6643"}],"collection":[{"href":"https:\/\/esreviral.com\/index.php?rest_route=\/wp\/v2\/posts"}],"about":[{"href":"https:\/\/esreviral.com\/index.php?rest_route=\/wp\/v2\/types\/post"}],"author":[{"embeddable":true,"href":"https:\/\/esreviral.com\/index.php?rest_route=\/wp\/v2\/users\/2"}],"replies":[{"embeddable":true,"href":"https:\/\/esreviral.com\/index.php?rest_route=%2Fwp%2Fv2%2Fcomments&post=6643"}],"version-history":[{"count":0,"href":"https:\/\/esreviral.com\/index.php?rest_route=\/wp\/v2\/posts\/6643\/revisions"}],"wp:featuredmedia":[{"embeddable":true,"href":"https:\/\/esreviral.com\/index.php?rest_route=\/"}],"wp:attachment":[{"href":"https:\/\/esreviral.com\/index.php?rest_route=%2Fwp%2Fv2%2Fmedia&parent=6643"}],"wp:term":[{"taxonomy":"category","embeddable":true,"href":"https:\/\/esreviral.com\/index.php?rest_route=%2Fwp%2Fv2%2Fcategories&post=6643"},{"taxonomy":"post_tag","embeddable":true,"href":"https:\/\/esreviral.com\/index.php?rest_route=%2Fwp%2Fv2%2Ftags&post=6643"}],"curies":[{"name":"wp","href":"https:\/\/api.w.org\/{rel}","templated":true}]}}