{"id":66357,"date":"2024-12-23T07:43:51","date_gmt":"2024-12-23T12:43:51","guid":{"rendered":"https:\/\/esreviral.com\/?p=66357"},"modified":"2024-12-23T07:43:52","modified_gmt":"2024-12-23T12:43:52","slug":"comenzo-proceso-para-postular-a-la-hallaca-como-patrimonio-cultural-inmaterial-de-la-humanidad","status":"publish","type":"post","link":"https:\/\/esreviral.com\/?p=66357","title":{"rendered":"Comenz\u00f3 proceso para postular a la hallaca como patrimonio cultural inmaterial de la humanidad"},"content":{"rendered":"\n<p>Las autoridades venezolanas han iniciado el proceso para postular la hallaca como Patrimonio Cultural Inmaterial de la Humanidad ante la Unesco. Seg\u00fan Benito Irady, presidente del Centro de la Diversidad Cultural, ya comenz\u00f3 el levantamiento bibliogr\u00e1fico y las investigaciones necesarias para elaborar el expediente que ser\u00e1 presentado en diciembre de 2025.<\/p>\n\n\n\n<p>Irady destac\u00f3 que esta iniciativa busca resaltar el valor cultural de la hallaca, un platillo emblem\u00e1tico que representa la fusi\u00f3n de herencias ind\u00edgenas, africanas y europeas. Por su parte, Ernesto Villegas subray\u00f3 la riqueza cultural de este alimento tradicional, como se detalla en una nota de prensa a la que tuvo acceso la agencia EFE.<\/p>\n\n\n\n<p class=\"has-text-align-center\"><em><strong><em><strong><em><strong><em><strong><a href=\"https:\/\/t.me\/esreviral\">\u00daNETE A NUESTRO CANAL DE TELEGRAM PARA ESTAR INFORMADO<\/a><\/strong><\/em><\/strong><\/em><\/strong><\/em><\/strong><\/em><\/p>\n\n\n\n<h3 class=\"wp-block-heading\"><strong><mark style=\"background-color:rgba(0, 0, 0, 0)\" class=\"has-inline-color has-vivid-red-color\">La arepa tambi\u00e9n busca su lugar en la Unesco<\/mark><\/strong><\/h3>\n\n\n\n<p>En paralelo, Venezuela espera que la arepa, otro de sus platos m\u00e1s ic\u00f3nicos, obtenga el reconocimiento como Patrimonio Cultural Inmaterial de la Humanidad. En noviembre, Ernesto Villegas entreg\u00f3 un expediente en Par\u00eds que incluye registros fotogr\u00e1ficos y audiovisuales para respaldar la solicitud, seg\u00fan inform\u00f3 el canal estatal Venezolana de Televisi\u00f3n (VTV).<\/p>\n\n\n\n<p>La decisi\u00f3n de la Unesco sobre la arepa se conocer\u00e1 en noviembre de 2027. Este alimento, profundamente arraigado en la identidad venezolana, cuenta con un d\u00eda mundial desde 2012, celebrado el segundo s\u00e1bado de septiembre. Este d\u00eda busca promover la integraci\u00f3n de los venezolanos en el exterior y fomentar el di\u00e1logo sobre su cultura y tradiciones.<\/p>\n\n\n\n<h3 class=\"wp-block-heading\"><strong><mark style=\"background-color:rgba(0, 0, 0, 0)\" class=\"has-inline-color has-vivid-red-color\">Gastronom\u00eda venezolana en el escenario global<\/mark><\/strong><\/h3>\n\n\n\n<p>La postulaci\u00f3n de la hallaca y la arepa ante la Unesco no solo busca proteger estas tradiciones culinarias, sino tambi\u00e9n destacar su valor como s\u00edmbolos de la diversidad y riqueza cultural de Venezuela en el \u00e1mbito internacional.<\/p>\n\n\n\n<p class=\"has-text-align-center\"><strong><a href=\"https:\/\/chat.whatsapp.com\/KWkTmakY3I05kNdd2oZl6d\"><em>\u00daNETE A NUESTRO GRUPO DE WHATSAPP PARA ESTAR INFORMADO<\/em><\/a><\/strong><\/p>\n","protected":false},"excerpt":{"rendered":"<p>Benito Irady, presidente del Centro de la Diversidad Cultural, ente encargado de elaborar el expediente que se entregar\u00e1 a la Unesco en diciembre de 2025, inform\u00f3 que empezar\u00e1n el levantamiento bibliogr\u00e1fico y una investigaci\u00f3n sobre este alimento<\/p>\n","protected":false},"author":3,"featured_media":66358,"comment_status":"closed","ping_status":"closed","sticky":false,"template":"","format":"standard","meta":{"jnews-multi-image_gallery":[],"jnews_single_post":{"format":"standard"},"jnews_primary_category":[],"jnews_social_meta":[],"jnews_review":[],"enable_review":"","type":"","name":"","summary":"","brand":"","sku":"","good":[],"bad":[],"score_override":"","override_value":"","rating":[],"price":[],"jnews_override_counter":[],"jnews_post_split":[],"footnotes":""},"categories":[66],"tags":[21925,45,21926,56],"class_list":["post-66357","post","type-post","status-publish","format-standard","has-post-thumbnail","hentry","category-venezuela","tag-hallaca","tag-noticias","tag-patrimonio-cultural-inmaterial-de-la-humanidad","tag-venezuela"],"amp_enabled":true,"_links":{"self":[{"href":"https:\/\/esreviral.com\/index.php?rest_route=\/wp\/v2\/posts\/66357"}],"collection":[{"href":"https:\/\/esreviral.com\/index.php?rest_route=\/wp\/v2\/posts"}],"about":[{"href":"https:\/\/esreviral.com\/index.php?rest_route=\/wp\/v2\/types\/post"}],"author":[{"embeddable":true,"href":"https:\/\/esreviral.com\/index.php?rest_route=\/wp\/v2\/users\/3"}],"replies":[{"embeddable":true,"href":"https:\/\/esreviral.com\/index.php?rest_route=%2Fwp%2Fv2%2Fcomments&post=66357"}],"version-history":[{"count":0,"href":"https:\/\/esreviral.com\/index.php?rest_route=\/wp\/v2\/posts\/66357\/revisions"}],"wp:featuredmedia":[{"embeddable":true,"href":"https:\/\/esreviral.com\/index.php?rest_route=\/wp\/v2\/media\/66358"}],"wp:attachment":[{"href":"https:\/\/esreviral.com\/index.php?rest_route=%2Fwp%2Fv2%2Fmedia&parent=66357"}],"wp:term":[{"taxonomy":"category","embeddable":true,"href":"https:\/\/esreviral.com\/index.php?rest_route=%2Fwp%2Fv2%2Fcategories&post=66357"},{"taxonomy":"post_tag","embeddable":true,"href":"https:\/\/esreviral.com\/index.php?rest_route=%2Fwp%2Fv2%2Ftags&post=66357"}],"curies":[{"name":"wp","href":"https:\/\/api.w.org\/{rel}","templated":true}]}}