{"id":66353,"date":"2024-12-23T07:29:40","date_gmt":"2024-12-23T12:29:40","guid":{"rendered":"https:\/\/esreviral.com\/?p=66353"},"modified":"2024-12-23T07:29:41","modified_gmt":"2024-12-23T12:29:41","slug":"horror-en-el-metro-de-nueva-york-mujer-es-quemada-viva-en-un-vagon-la-policia-arresto-al-principal-sospechoso","status":"publish","type":"post","link":"https:\/\/esreviral.com\/?p=66353","title":{"rendered":"Horror en el metro de Nueva York: mujer es quemada viva en un vag\u00f3n, la polic\u00eda arrest\u00f3 al principal sospechoso"},"content":{"rendered":"\n<p>La ma\u00f1ana de este domingo estuvo marcada por un episodio atroz en el metro de Nueva York, cuando una mujer fue quemada viva de forma intencional dentro de un vag\u00f3n en la estaci\u00f3n de Coney Island, al sur de la ciudad. Por el crimen, las autoridades detuvieron a un ciudadano guatemalteco de 33 a\u00f1os de edad que, seg\u00fan testigos, observ\u00f3 desde un banco c\u00f3mo la v\u00edctima se consum\u00eda en llamas, sin intervenir.<\/p>\n\n\n\n<h3 class=\"wp-block-heading\"><strong><mark style=\"background-color:rgba(0, 0, 0, 0)\" class=\"has-inline-color has-vivid-red-color\">Detalles del ataque y la detenci\u00f3n del sospechoso<\/mark><\/strong><\/h3>\n\n\n\n<p>De acuerdo con la cadena ABC7, el detenido resid\u00eda en Estados Unidos desde hac\u00eda \u00abvarios a\u00f1os\u00bb, aunque su identidad no ha sido revelada. Tampoco se conoce la de la v\u00edctima, cuyo cuerpo qued\u00f3 \u00abtotalmente calcinado\u00bb, dificultando su reconocimiento.<\/p>\n\n\n\n<p>La Polic\u00eda inform\u00f3 que el ataque ocurri\u00f3 cerca de las 7:30 de la ma\u00f1ana, hora local, en la estaci\u00f3n Stillwell Avenue de la l\u00ednea F. Las primeras investigaciones indican que la mujer estaba dormida cuando el sospechoso se acerc\u00f3 y prendi\u00f3 fuego a su ropa con un encendedor. Un video capturado por c\u00e1maras de seguridad muestra c\u00f3mo el agresor observaba mientras las llamas consum\u00edan a la v\u00edctima.<\/p>\n\n\n\n<p class=\"has-text-align-center\"><em><strong><em><strong><em><strong><em><strong><a href=\"https:\/\/t.me\/esreviral\">\u00daNETE A NUESTRO CANAL DE TELEGRAM PARA ESTAR INFORMADO<\/a><\/strong><\/em><\/strong><\/em><\/strong><\/em><\/strong><\/em><\/p>\n\n\n\n<blockquote class=\"twitter-tweet\"><p lang=\"es\" dir=\"ltr\">\ud83c\uddfa\ud83c\uddf8 | Sebasti\u00e1n Zapeta, un hombre guatemalteco de 25 a\u00f1os de edad, fue arrestado tras ser acusado de quemar viva a una pasajera dormida en el metro de Nueva York. <a href=\"https:\/\/t.co\/nSMQj1PZWj\">pic.twitter.com\/nSMQj1PZWj<\/a><\/p>&mdash; ES RE VIRAL (@esreviral) <a href=\"https:\/\/twitter.com\/esreviral\/status\/1871015654448566374?ref_src=twsrc%5Etfw\">December 23, 2024<\/a><\/blockquote> <script async src=\"https:\/\/platform.twitter.com\/widgets.js\" charset=\"utf-8\"><\/script>\n\n\n\n<p><\/p>\n\n\n\n<p>Agentes que realizaban un patrullaje rutinario detectaron humo y hallaron a la mujer en llamas en el vag\u00f3n. Tras extinguir el fuego, el personal m\u00e9dico la declar\u00f3 muerta en el lugar. El sospechoso, que permaneci\u00f3 en la estaci\u00f3n, fue identificado gracias a c\u00e1maras corporales y detenido posteriormente en otro tren con un encendedor en el bolsillo.<\/p>\n\n\n\n<h3 class=\"wp-block-heading\"><strong><mark style=\"background-color:rgba(0, 0, 0, 0)\" class=\"has-inline-color has-vivid-red-color\">Tensi\u00f3n por la cuesti\u00f3n migratoria<\/mark><\/strong><\/h3>\n\n\n\n<p>El caso ha generado repercusiones en medio de un contexto de debates sobre inmigraci\u00f3n en Estados Unidos. La relaci\u00f3n del detenido con este tema podr\u00eda avivar la controversia, especialmente tras las declaraciones del presidente electo, Donald Trump, quien ha vinculado a inmigrantes indocumentados con el aumento de la criminalidad, aunque sin pruebas concluyentes.<\/p>\n\n\n\n<figure class=\"wp-block-image size-large\"><img fetchpriority=\"high\" decoding=\"async\" width=\"1024\" height=\"768\" src=\"https:\/\/esreviral.com\/wp-content\/uploads\/2024\/12\/AnyConv.com__b6f8zjEzj_2000x1500__1-1024x768.webp\" alt=\"\" class=\"wp-image-66355\" srcset=\"https:\/\/esreviral.com\/wp-content\/uploads\/2024\/12\/AnyConv.com__b6f8zjEzj_2000x1500__1-1024x768.webp 1024w, https:\/\/esreviral.com\/wp-content\/uploads\/2024\/12\/AnyConv.com__b6f8zjEzj_2000x1500__1-300x225.webp 300w, https:\/\/esreviral.com\/wp-content\/uploads\/2024\/12\/AnyConv.com__b6f8zjEzj_2000x1500__1-768x576.webp 768w, https:\/\/esreviral.com\/wp-content\/uploads\/2024\/12\/AnyConv.com__b6f8zjEzj_2000x1500__1-1536x1152.webp 1536w, https:\/\/esreviral.com\/wp-content\/uploads\/2024\/12\/AnyConv.com__b6f8zjEzj_2000x1500__1.webp 2000w\" sizes=\"(max-width: 1024px) 100vw, 1024px\" \/><\/figure>\n\n\n\n<h3 class=\"wp-block-heading\"><strong><mark style=\"background-color:rgba(0, 0, 0, 0)\" class=\"has-inline-color has-vivid-red-color\">Aumento de la inseguridad en el metro<\/mark><\/strong><\/h3>\n\n\n\n<p>Este asesinato fue el segundo ocurrido en el metro de Nueva York el mismo d\u00eda. Horas antes, en Queens, un hombre de 37 a\u00f1os muri\u00f3 apu\u00f1alado tras un altercado en la estaci\u00f3n 61st Street-Woodside. Adem\u00e1s, un hombre de 26 a\u00f1os result\u00f3 herido en el mismo incidente.<\/p>\n\n\n\n<p>El metro de Nueva York ha registrado varios episodios violentos en los \u00faltimos meses. En febrero, un conductor fue atacado en la l\u00ednea A, y semanas despu\u00e9s, la gobernadora Kathy Hochul despleg\u00f3 1.000 agentes adicionales para reforzar la seguridad en el sistema de transporte p\u00fablico.<\/p>\n\n\n\n<p>Este nuevo caso subraya la creciente preocupaci\u00f3n por la inseguridad en el metro y plantea interrogantes sobre las medidas necesarias para garantizar la seguridad de los usuarios.<\/p>\n\n\n\n<p class=\"has-text-align-center\"><strong><a href=\"https:\/\/chat.whatsapp.com\/KWkTmakY3I05kNdd2oZl6d\"><em>\u00daNETE A NUESTRO GRUPO DE WHATSAPP PARA ESTAR INFORMADO<\/em><\/a><\/strong><\/p>\n","protected":false},"excerpt":{"rendered":"<p>El principal sospechoso es un ciudadano guatemalteco de 33 a\u00f1os que viajaba en el mismo tren que la v\u00edctima.<br \/>\nLa Polic\u00eda neoyorquina calific\u00f3 el hecho como \u201cuno de los cr\u00edmenes m\u00e1s depravados que una persona puede cometer\u00bb.<\/p>\n","protected":false},"author":3,"featured_media":66354,"comment_status":"closed","ping_status":"closed","sticky":false,"template":"","format":"standard","meta":{"jnews-multi-image_gallery":[],"jnews_single_post":{"format":"standard"},"jnews_primary_category":[],"jnews_social_meta":[],"jnews_review":[],"enable_review":"","type":"","name":"","summary":"","brand":"","sku":"","good":[],"bad":[],"score_override":"","override_value":"","rating":[],"price":[],"jnews_override_counter":[],"jnews_post_split":[],"footnotes":""},"categories":[88,64],"tags":[13618,45,534],"class_list":["post-66353","post","type-post","status-publish","format-standard","has-post-thumbnail","hentry","category-internacionales","category-sucesos","tag-metro-de-nueva-york","tag-noticias","tag-nueva-york"],"amp_enabled":true,"_links":{"self":[{"href":"https:\/\/esreviral.com\/index.php?rest_route=\/wp\/v2\/posts\/66353"}],"collection":[{"href":"https:\/\/esreviral.com\/index.php?rest_route=\/wp\/v2\/posts"}],"about":[{"href":"https:\/\/esreviral.com\/index.php?rest_route=\/wp\/v2\/types\/post"}],"author":[{"embeddable":true,"href":"https:\/\/esreviral.com\/index.php?rest_route=\/wp\/v2\/users\/3"}],"replies":[{"embeddable":true,"href":"https:\/\/esreviral.com\/index.php?rest_route=%2Fwp%2Fv2%2Fcomments&post=66353"}],"version-history":[{"count":0,"href":"https:\/\/esreviral.com\/index.php?rest_route=\/wp\/v2\/posts\/66353\/revisions"}],"wp:featuredmedia":[{"embeddable":true,"href":"https:\/\/esreviral.com\/index.php?rest_route=\/wp\/v2\/media\/66354"}],"wp:attachment":[{"href":"https:\/\/esreviral.com\/index.php?rest_route=%2Fwp%2Fv2%2Fmedia&parent=66353"}],"wp:term":[{"taxonomy":"category","embeddable":true,"href":"https:\/\/esreviral.com\/index.php?rest_route=%2Fwp%2Fv2%2Fcategories&post=66353"},{"taxonomy":"post_tag","embeddable":true,"href":"https:\/\/esreviral.com\/index.php?rest_route=%2Fwp%2Fv2%2Ftags&post=66353"}],"curies":[{"name":"wp","href":"https:\/\/api.w.org\/{rel}","templated":true}]}}