{"id":66350,"date":"2024-12-23T06:53:25","date_gmt":"2024-12-23T11:53:25","guid":{"rendered":"https:\/\/esreviral.com\/?p=66350"},"modified":"2024-12-23T08:27:22","modified_gmt":"2024-12-23T13:27:22","slug":"el-fin-del-impuesto-pais-impacto-en-compras-al-exterior-plataformas-digitales-e-importaciones","status":"publish","type":"post","link":"https:\/\/esreviral.com\/?p=66350","title":{"rendered":"El fin del Impuesto PAIS: impacto en compras al exterior, plataformas digitales e importaciones"},"content":{"rendered":"\n<p>El Impuesto para una Argentina Inclusiva y Solidaria (PAIS) finaliza este lunes tras cinco a\u00f1os de vigencia. Creado en 2019, este gravamen dejar\u00e1 de aplicarse, generando una reducci\u00f3n en los costos asociados a compras en el exterior, servicios digitales e importaciones.<\/p>\n\n\n\n<h3 class=\"wp-block-heading\"><strong><mark style=\"background-color:rgba(0, 0, 0, 0)\" class=\"has-inline-color has-vivid-red-color\">Impacto en la recaudaci\u00f3n e inflaci\u00f3n<\/mark><\/strong><\/h3>\n\n\n\n<p>La eliminaci\u00f3n del Impuesto PAIS disminuir\u00e1 la recaudaci\u00f3n fiscal, pero tambi\u00e9n podr\u00eda contribuir a moderar la inflaci\u00f3n al abaratar los precios de productos importados. Sin embargo, este cambio presenta desaf\u00edos para mantener el equilibrio fiscal del Estado.<\/p>\n\n\n\n<h3 class=\"wp-block-heading\"><strong><mark style=\"background-color:rgba(0, 0, 0, 0)\" class=\"has-inline-color has-vivid-red-color\">D\u00f3lar tarjeta: nuevo esquema de costos<\/mark><\/strong><\/h3>\n\n\n\n<p>Desde este lunes, el recargo aplicado al d\u00f3lar tarjeta y al d\u00f3lar ahorro baja del 60% al 30%, seg\u00fan lo establecido en la Resoluci\u00f3n 5617\/24 de la Agencia de Recaudaci\u00f3n y Control Aduanero (ARCA). Este porcentaje continuar\u00e1 siendo a cuenta de Ganancias y podr\u00e1 solicitarse su devoluci\u00f3n al finalizar el a\u00f1o fiscal.<\/p>\n\n\n\n<p class=\"has-text-align-center\"><em><strong><em><strong><em><strong><em><strong><a href=\"https:\/\/t.me\/esreviral\">\u00daNETE A NUESTRO CANAL DE TELEGRAM PARA ESTAR INFORMADO<\/a><\/strong><\/em><\/strong><\/em><\/strong><\/em><\/strong><\/em><\/p>\n\n\n\n<p>Con este ajuste, el tipo de cambio para compras con tarjeta en el exterior pasar\u00e1 de $1671,20 a $1357,85, aunque seguir\u00e1 siendo superior al d\u00f3lar MEP, que cerr\u00f3 el viernes en $1142,20.<\/p>\n\n\n\n<figure class=\"wp-block-image size-large\"><img decoding=\"async\" src=\"https:\/\/tn.com.ar\/resizer\/v2\/la-cotizacion-banco-por-banco-del-dolar-solidario-y-el-dolar-tarjeta-para-este-jueves-29-de-agosto-foto-adobe-stock-6ZYU4XI76JDMBMQEU76DSBTTZQ.jpg?auth=a3a12133b455275103f78fdb23b23ac76a2c6324f439e53717432540849ccb3b&amp;width=1440\" alt=\"\"\/><\/figure>\n\n\n\n<h3 class=\"wp-block-heading\"><strong><mark style=\"background-color:rgba(0, 0, 0, 0)\" class=\"has-inline-color has-vivid-red-color\">Reducci\u00f3n de costos en plataformas digitales<\/mark><\/strong><\/h3>\n\n\n\n<p>La eliminaci\u00f3n del Impuesto PAIS tambi\u00e9n afectar\u00e1 los servicios digitales, como Netflix y Spotify, que estaban gravados con un 8%. Esto significa que habr\u00e1 una ligera reducci\u00f3n en los costos finales, aunque continuar\u00e1n aplic\u00e1ndose otros impuestos:<\/p>\n\n\n\n<ul class=\"wp-block-list\">\n<li><strong>IVA (21%)<\/strong><\/li>\n\n\n\n<li><strong>Percepci\u00f3n de Ganancias (30%)<\/strong><\/li>\n\n\n\n<li><strong>Ingresos Brutos (2% en algunos casos)<\/strong><\/li>\n<\/ul>\n\n\n\n<p>Por ejemplo, el plan b\u00e1sico de Netflix podr\u00eda bajar de $6921 a $6491, mientras que el plan premium pasar\u00eda de $15.615 a $14.645. En Spotify, el plan individual podr\u00eda reducirse de $4023 a $3773 mensuales.<\/p>\n\n\n\n<h3 class=\"wp-block-heading\"><strong><mark style=\"background-color:rgba(0, 0, 0, 0)\" class=\"has-inline-color has-vivid-red-color\">Efecto en las importaciones e inflaci\u00f3n<\/mark><\/strong><\/h3>\n\n\n\n<p>La finalizaci\u00f3n del impuesto tambi\u00e9n reducir\u00e1 los costos de bienes e insumos importados, que ten\u00edan una percepci\u00f3n del 7,5%. Esto facilitar\u00e1 la importaci\u00f3n y podr\u00eda moderar los \u00edndices de inflaci\u00f3n mayorista. Sin embargo, el impacto en los precios al consumidor ser\u00e1 desigual.<\/p>\n\n\n\n<figure class=\"wp-block-image size-large\"><img decoding=\"async\" src=\"https:\/\/tn.com.ar\/resizer\/v2\/fin-del-impuesto-pais-como-impacta-en-el-precio-de-netflix-spotify-y-otras-plataformas-de-streaming-foto-adobe-stock-3GFGJOONXZC3TNIEW34FFF5T6I.jpg?auth=32e5aee8fcb2c3d2522da5fceda96a65bc4534c91384e3322ebcd93d777cf775&amp;width=1440\" alt=\"\"\/><\/figure>\n\n\n\n<h3 class=\"wp-block-heading\"><strong><mark style=\"background-color:rgba(0, 0, 0, 0)\" class=\"has-inline-color has-vivid-red-color\">Riesgo para la industria local<\/mark><\/strong><\/h3>\n\n\n\n<p>Por otro lado, esta medida podr\u00eda perjudicar a las industrias nacionales, que enfrentan dificultades para competir con pa\u00edses vecinos como Brasil, cuyo reciente ajuste cambiario lo hace m\u00e1s atractivo por sus menores costos. Las empresas locales ya han manifestado su preocupaci\u00f3n por la falta de medidas que favorezcan su competitividad.<\/p>\n\n\n\n<p>El fin del Impuesto PAIS marca un punto de inflexi\u00f3n para la econom\u00eda argentina, con posibles beneficios para el consumo y la moderaci\u00f3n de la inflaci\u00f3n, pero tambi\u00e9n con desaf\u00edos significativos para las cuentas p\u00fablicas y la industria local.<\/p>\n\n\n\n<p class=\"has-text-align-center\"><strong><em><mark style=\"background-color:rgba(0, 0, 0, 0)\" class=\"has-inline-color has-vivid-red-color\"><a href=\"https:\/\/esreviral.com\/?p=66366\" data-type=\"link\" data-id=\"https:\/\/esreviral.com\/?p=66366\">Lea Tambi\u00e9n: D\u00f3lar tarjeta: A cu\u00e1nto arranc\u00f3 esa divisa tras la eliminaci\u00f3n del impuesto PAIS<\/a><\/mark><\/em><\/strong><\/p>\n\n\n\n<p class=\"has-text-align-center\"><strong><a href=\"https:\/\/chat.whatsapp.com\/KWkTmakY3I05kNdd2oZl6d\"><em>\u00daNETE A NUESTRO GRUPO DE WHATSAPP PARA ESTAR INFORMADO<\/em><\/a><\/strong><\/p>\n","protected":false},"excerpt":{"rendered":"<p>Este lunes deja de estar vigente el gravamen creado en 2019. Qu\u00e9 va a pasar con las percepciones que reca\u00edan sobre el d\u00f3lar tarjeta y c\u00f3mo impactar\u00e1 en los servicios digitales.<\/p>\n","protected":false},"author":3,"featured_media":66351,"comment_status":"closed","ping_status":"closed","sticky":false,"template":"","format":"standard","meta":{"jnews-multi-image_gallery":[],"jnews_single_post":{"format":"standard"},"jnews_primary_category":[],"jnews_social_meta":[],"jnews_review":[],"enable_review":"","type":"","name":"","summary":"","brand":"","sku":"","good":[],"bad":[],"score_override":"","override_value":"","rating":[],"price":[],"jnews_override_counter":[],"jnews_post_split":[],"footnotes":""},"categories":[58,61],"tags":[44,60,14936,17803,45],"class_list":["post-66350","post","type-post","status-publish","format-standard","has-post-thumbnail","hentry","category-argentina","category-economia","tag-argentina","tag-dolar","tag-importaciones","tag-impuesto-pais","tag-noticias"],"amp_enabled":true,"_links":{"self":[{"href":"https:\/\/esreviral.com\/index.php?rest_route=\/wp\/v2\/posts\/66350"}],"collection":[{"href":"https:\/\/esreviral.com\/index.php?rest_route=\/wp\/v2\/posts"}],"about":[{"href":"https:\/\/esreviral.com\/index.php?rest_route=\/wp\/v2\/types\/post"}],"author":[{"embeddable":true,"href":"https:\/\/esreviral.com\/index.php?rest_route=\/wp\/v2\/users\/3"}],"replies":[{"embeddable":true,"href":"https:\/\/esreviral.com\/index.php?rest_route=%2Fwp%2Fv2%2Fcomments&post=66350"}],"version-history":[{"count":0,"href":"https:\/\/esreviral.com\/index.php?rest_route=\/wp\/v2\/posts\/66350\/revisions"}],"wp:featuredmedia":[{"embeddable":true,"href":"https:\/\/esreviral.com\/index.php?rest_route=\/wp\/v2\/media\/66351"}],"wp:attachment":[{"href":"https:\/\/esreviral.com\/index.php?rest_route=%2Fwp%2Fv2%2Fmedia&parent=66350"}],"wp:term":[{"taxonomy":"category","embeddable":true,"href":"https:\/\/esreviral.com\/index.php?rest_route=%2Fwp%2Fv2%2Fcategories&post=66350"},{"taxonomy":"post_tag","embeddable":true,"href":"https:\/\/esreviral.com\/index.php?rest_route=%2Fwp%2Fv2%2Ftags&post=66350"}],"curies":[{"name":"wp","href":"https:\/\/api.w.org\/{rel}","templated":true}]}}