{"id":66336,"date":"2024-12-21T09:16:29","date_gmt":"2024-12-21T14:16:29","guid":{"rendered":"https:\/\/esreviral.com\/?p=66336"},"modified":"2024-12-21T09:16:29","modified_gmt":"2024-12-21T14:16:29","slug":"de-frente-contra-los-delincuentes-inauguran-carcel-para-casi-500-antisociales","status":"publish","type":"post","link":"https:\/\/esreviral.com\/?p=66336","title":{"rendered":"De frente contra los delincuentes: Inauguran c\u00e1rcel para casi 500 antisociales"},"content":{"rendered":"\n<p>La ministra de Seguridad, Patricia Bullrich, inaugur\u00f3 ayer <strong>el complejo penitenciario de Coronda, una c\u00e1rcel que alojar\u00e1 a 464 presos vinculados especialmente a causas de narcotr\u00e1fico originadas en Santa Fe y las provincias del litoral.<\/strong> La apertura de este penal marc\u00f3 no solo la inauguraci\u00f3n de una nueva c\u00e1rcel, sino tambi\u00e9n el final de un proceso de 25 a\u00f1os en los que las idas y vueltas pol\u00edticas y financieras hab\u00edan frenado el proyecto finalmente concretado.<\/p>\n\n\n\n<p><strong>\u201cEstamos avanzando en una estrategia clara y contundente para combatir el narcotr\u00e1fico y las organizaciones criminales que han desestabilizado nuestras comunidades.<\/strong> Esta nueva c\u00e1rcel es un paso fundamental en esa lucha, una herramienta para garantizar que aquellos que cometan delitos graves enfrenten las consecuencias de sus actos en un entorno controlado, seguro y bajo el marco de la ley\u201d, dijo la funcionaria nacional al asistir al primer traslado de reclusos.<\/p>\n\n\n\n<p>La Unidad Penitenciaria Federal N\u00b0 36 Eusebio G\u00f3mez se compone de cuatro pabellones, dos con celdas colectivas y los restantes con alojamientos separados de dos plazas, adem\u00e1s de patios internos para actividades recreativas y seis aulas para que los internos puedan completar estudios o avanzar en la pr\u00e1ctica de oficios. El complejo carcelario alojar\u00e1 a adultos varones, condenados y procesados, y fue denominado Eusebio G\u00f3mez en homenaje al jurista que entre 1923 y 1928 dirigi\u00f3 la Penitenciar\u00eda Nacional de Buenos Aires. Las camas y otras partes del mobiliario fueron fabricados por presos, en talleres ubicados en otros presidios.<\/p>\n\n\n\n<blockquote class=\"twitter-tweet\" data-media-max-width=\"560\"><p lang=\"es\" dir=\"ltr\">Hoy fui personalmente a inaugurar la nueva c\u00e1rcel federal de Coronda, Santa Fe, donde encerramos a los primeros delincuentes que estar\u00e1n tras las rejas en este complejo.<br><br>En este Gobierno, no hay m\u00e1s lugar para el delito y quien ponga en riesgo la vida, la libertad o el esfuerzo\u2026 <a href=\"https:\/\/t.co\/prTF1cXQo4\">pic.twitter.com\/prTF1cXQo4<\/a><\/p>&mdash; Patricia Bullrich (@PatoBullrich) <a href=\"https:\/\/twitter.com\/PatoBullrich\/status\/1870169141157437734?ref_src=twsrc%5Etfw\">December 20, 2024<\/a><\/blockquote> <script async src=\"https:\/\/platform.twitter.com\/widgets.js\" charset=\"utf-8\"><\/script>\n\n\n\n<p><strong>\u201cEste penal se integra en el plan de gesti\u00f3n de este a\u00f1o, que tuvo un punto importante en el programa de presos de alto riesgo\u201d,<\/strong> se\u00f1al\u00f3 el subsecretario de Asuntos Penitenciarios, Juli\u00e1n Curi.<\/p>\n\n\n\n<p>Durante la primera etapa se destinar\u00e1n 150 integrantes del Servicio Penitenciario Federal a esta nueva c\u00e1rcel, con la intenci\u00f3n de llegar a los 300 agentes en el momento de plena ocupaci\u00f3n de las plazas carcelarias.<\/p>\n\n\n\n<p>Esa cantidad de penitenciarios no s\u00f3lo incluye <strong>a los uniformados que controlan el per\u00edmetro, sino tambi\u00e9n a los equipos de seguridad interna, de requisas, a los agentes que tienen contacto directo con los presos y a m\u00e9dicos, psic\u00f3logos, doc<\/strong>entes y administrativos.<\/p>\n\n\n\n<p>\u201cEl Estado no puede fallar. Esta c\u00e1rcel es una muestra de que no solo perseguimos a los delincuentes en las calles, sino que t<strong>ambi\u00e9n nos aseguramos de que las c\u00e1rceles no sean escuelas del crimen.<\/strong> Trabajamos para que quienes salgan de aqu\u00ed lo hagan con la posibilidad de no volver a cometer delitos\u201d, asegur\u00f3 Bullrich al inaugurar el penal federal de Coronda.<\/p>\n\n\n\n<p>Y agreg\u00f3: <strong>\u201cHay muchos presos candidatos para traer aqu\u00ed, para sacar de las c\u00e1rceles provinciales santafesinas y descomprimir tanto los presidios como las comisar\u00edas,<\/strong> pero bien sabemos que con lo que ha ocurrido en Rosario, la mayor\u00eda de los reclusos vienen con condenas por narcotr\u00e1fico\u201d.<\/p>\n\n\n\n<p>Esa referencia a posibles cupos para quienes est\u00e1n alojados en penales provinciales fue un gesto para descomprimir la situaci\u00f3n generada por la ausencia en el acto del gobernador Maximiliano Pullaro. El mandatario santafesino hab\u00eda intentado, incluso, obtener la gesti\u00f3n de ese nuevo penal a comienzos del a\u00f1o al pedir la transferencia de las obras a la provincia, pero la c\u00e1rcel ahora inaugurada sigui\u00f3 bajo gesti\u00f3n del Servicio Penitenciario Federal. Como ocurre con otros distritos, como la ciudad de Buenos Aires, las plazas de alojamiento son decididas por acuerdos, pero las autoridades nacionales tienen la \u00faltima palabra.<\/p>\n\n\n\n<p>A Coronda no llegar\u00e1n, seg\u00fan se decidi\u00f3, jefes de bandas narcos ni su primera l\u00ednea de secuaces, que continuar\u00e1n bajo el sistema de aislamiento que funciona en los penales de Ezeiza y Marcos Paz.<\/p>\n\n\n\n<p>Sobre la ausencia de Pullaro, la ministra Bullrich coment\u00f3: \u201cEs una decisi\u00f3n personal, esta es una c\u00e1rcel federal y el gobierno nacional as\u00ed lo toma. No tenemos ning\u00fan problema o entredicho con el gobernador, todo lo contrario. Si podemos contar con miradas distintas pol\u00edticas, pero no caben en este \u00e1mbito\u201d.<\/p>\n\n\n\n<p>M\u00e1s all\u00e1 de la decisi\u00f3n de Pullaro, el gobierno santafesino estuvo representado por el ministro de Seguridad de Santa Fe, Pablo Cococcioni, y otros funcionarios provinciales.<\/p>\n\n\n\n<p><strong><code><mark style=\"background-color:rgba(0, 0, 0, 0)\" class=\"has-inline-color has-vivid-red-color\">Pol\u00edtica penitenciaria<\/mark><\/code><\/strong><\/p>\n\n\n\n<p>Adem\u00e1s de la inauguraci\u00f3n de esta c\u00e1rcel, la ministra Bullrich hab\u00eda tomado en los \u00faltimos d\u00edas una fuerte determinaci\u00f3n relacionada con la situaci\u00f3n en las penitenciarias federales:<strong> se anunci\u00f3 entonces que se fijar\u00e1n tareas obligatorias que deber\u00e1n cumplir los casi 12.000 internos en penales federales.<\/strong><\/p>\n\n\n\n<p>As\u00ed lo determina la resoluci\u00f3n 1346\/2024, firmada por la ministra Bullrich, cuya aplicaci\u00f3n estar\u00e1 vigente desde este mi\u00e9rcoles: \u201cSe establece la obligatoriedad para todos los internos alojados en el Servicio Penitenciario Federal de participar en las tareas de mantenimiento, limpieza, aseo o higiene de los espacios propios o comunes de los establecimientos penitenciarios. Estas actividades podr\u00e1n ser llevadas a cabo durante cinco horas diarias y no ser\u00e1n remuneradas\u201d.<\/p>\n\n\n\n<p>Al asumir el comando del Servicio Penitenciario Federal, la ministra Bullrich plante\u00f3 la intenci\u00f3n de dar a sus integrantes un mayor peso en una estrategia conjunta con las cuatro fuerzas federales.<strong> \u201cEsta c\u00e1rcel es un s\u00edmbolo de nuestra estrategia integral de seguridad\u201d, <\/strong>dijo en Coronda.<\/p>\n\n\n\n<p>Por otra parte, tambi\u00e9n se tom\u00f3 en los \u00faltimos d\u00edas la decisi\u00f3n de avanzar en la transferencia a la ciudad de funciones y recursos del Servicio Penitenciario Federal<\/p>\n\n\n\n<p class=\"has-text-align-right\"><strong><em>La Naci\u00f3n.-<\/em><\/strong><\/p>\n","protected":false},"excerpt":{"rendered":"<p>La ministra de Seguridad, Patricia Bullrich, inaugur\u00f3 ayer el complejo penitenciario de Coronda, una c\u00e1rcel que alojar\u00e1 a 464 presos vinculados especialmente a causas de narcotr\u00e1fico originadas en Santa Fe y las provincias del litoral. La apertura de este penal marc\u00f3 no solo la inauguraci\u00f3n de una nueva c\u00e1rcel, sino tambi\u00e9n el final de un [&hellip;]<\/p>\n","protected":false},"author":2,"featured_media":66338,"comment_status":"closed","ping_status":"","sticky":false,"template":"","format":"standard","meta":{"jnews-multi-image_gallery":[],"jnews_single_post":[],"jnews_primary_category":[],"jnews_social_meta":[],"jnews_review":[],"enable_review":"","type":"","name":"","summary":"","brand":"","sku":"","good":[],"bad":[],"score_override":"","override_value":"","rating":[],"price":[],"jnews_override_counter":[],"jnews_post_split":[],"footnotes":""},"categories":[58,64],"tags":[44,21886,1158,45,391,217,3076],"class_list":["post-66336","post","type-post","status-publish","format-standard","has-post-thumbnail","hentry","category-argentina","category-sucesos","tag-argentina","tag-carcel-de-coronda","tag-javier-milei","tag-noticias","tag-patricia-bullrich","tag-rosario","tag-santa-fe"],"_links":{"self":[{"href":"https:\/\/esreviral.com\/index.php?rest_route=\/wp\/v2\/posts\/66336","targetHints":{"allow":["GET"]}}],"collection":[{"href":"https:\/\/esreviral.com\/index.php?rest_route=\/wp\/v2\/posts"}],"about":[{"href":"https:\/\/esreviral.com\/index.php?rest_route=\/wp\/v2\/types\/post"}],"author":[{"embeddable":true,"href":"https:\/\/esreviral.com\/index.php?rest_route=\/wp\/v2\/users\/2"}],"replies":[{"embeddable":true,"href":"https:\/\/esreviral.com\/index.php?rest_route=%2Fwp%2Fv2%2Fcomments&post=66336"}],"version-history":[{"count":0,"href":"https:\/\/esreviral.com\/index.php?rest_route=\/wp\/v2\/posts\/66336\/revisions"}],"wp:featuredmedia":[{"embeddable":true,"href":"https:\/\/esreviral.com\/index.php?rest_route=\/wp\/v2\/media\/66338"}],"wp:attachment":[{"href":"https:\/\/esreviral.com\/index.php?rest_route=%2Fwp%2Fv2%2Fmedia&parent=66336"}],"wp:term":[{"taxonomy":"category","embeddable":true,"href":"https:\/\/esreviral.com\/index.php?rest_route=%2Fwp%2Fv2%2Fcategories&post=66336"},{"taxonomy":"post_tag","embeddable":true,"href":"https:\/\/esreviral.com\/index.php?rest_route=%2Fwp%2Fv2%2Ftags&post=66336"}],"curies":[{"name":"wp","href":"https:\/\/api.w.org\/{rel}","templated":true}]}}