{"id":66268,"date":"2024-12-20T07:07:26","date_gmt":"2024-12-20T12:07:26","guid":{"rendered":"https:\/\/esreviral.com\/?p=66268"},"modified":"2024-12-20T07:07:27","modified_gmt":"2024-12-20T12:07:27","slug":"se-entrego-uno-de-los-asilados-de-la-embajada-argentina-en-venezuela","status":"publish","type":"post","link":"https:\/\/esreviral.com\/?p=66268","title":{"rendered":"Se entreg\u00f3 uno de los asilados de la embajada argentina en Venezuela"},"content":{"rendered":"\n<p>En la noche de este jueves, el opositor <strong>Fernando Mart\u00ednez Mottola abandon\u00f3 la Embajada de Argentina en Caracas <\/strong>y se entreg\u00f3 a las fuerzas de seguridad del Gobierno Venezolano que mantienen rodeada la sede diplom\u00e1tica. <strong>Mart\u00ednez Mottola<\/strong>, exministro del gobierno de Carlos Andr\u00e9s P\u00e9rez, regres\u00f3 a su domicilio tras negociar su entrega con las autoridades, quienes le <strong>otorgaron medidas cautelares<\/strong>. <\/p>\n\n\n\n<p>La embajada permanece bajo asedio de agentes de Maduro, quienes han cortado los servicios el\u00e9ctricos, de agua y las comunicaciones, con el objetivo de forzar la entrega de los refugiados. Esta situaci\u00f3n persiste pese a que Argentina otorg\u00f3 el estatus de refugio a los opositores, aunque el gobierno de Nicol\u00e1s Maduro se niega a otorgar los salvoconductos necesarios para que abandonen el pa\u00eds.<\/p>\n\n\n\n<p class=\"has-text-align-center\"><em><strong><em><strong><em><strong><em><strong><a href=\"https:\/\/t.me\/esreviral\">\u00daNETE A NUESTRO CANAL DE TELEGRAM PARA ESTAR INFORMADO<\/a><\/strong><\/em><\/strong><\/em><\/strong><\/em><\/strong><\/em><\/p>\n\n\n<div class=\"wp-block-image\">\n<figure class=\"aligncenter size-full\"><img fetchpriority=\"high\" decoding=\"async\" width=\"433\" height=\"245\" src=\"https:\/\/esreviral.com\/wp-content\/uploads\/2024\/12\/AnyConv.com__GfNl25BXoAA_tx_.webp\" alt=\"\" class=\"wp-image-66270\" srcset=\"https:\/\/esreviral.com\/wp-content\/uploads\/2024\/12\/AnyConv.com__GfNl25BXoAA_tx_.webp 433w, https:\/\/esreviral.com\/wp-content\/uploads\/2024\/12\/AnyConv.com__GfNl25BXoAA_tx_-300x170.webp 300w\" sizes=\"(max-width: 433px) 100vw, 433px\" \/><\/figure><\/div>\n\n\n<p><\/p>\n\n\n\n<p>Los refugiados, acusados de delitos como \u00abtraici\u00f3n a la patria\u00bb, \u00abasociaci\u00f3n para delinquir\u00bb y \u00abterrorismo\u00bb, enfrentan una crisis agravada por la falta de recursos b\u00e1sicos en la embajada. Cabe destacar que <strong>Mart\u00ednez Mottola es el \u00fanico de los seis refugiados que no pertenece al equipo de Mar\u00eda Corina Machado.<\/strong><\/p>\n\n\n\n<p>Colombia intent\u00f3 mediar en este complejo escenario, pero Maduro condicion\u00f3 la negociaci\u00f3n a la entrega de un agente adecto a Maduro y a que Ecuador permitiera la salida de Jorge Glas, exvicepresidente de Rafael Correa, actualmente detenido por corrupci\u00f3n.<\/p>\n\n\n\n<p>Ecuador rechaz\u00f3 la solicitud, afirmando que \u00ab<strong><em>no permitir\u00e1 la corrupci\u00f3n ni ser\u00e1 aliado de dictaduras<\/em><\/strong>\u00ab.<\/p>\n\n\n\n<p class=\"has-text-align-center\"><strong><a href=\"https:\/\/chat.whatsapp.com\/KWkTmakY3I05kNdd2oZl6d\"><em>\u00daNETE A NUESTRO GRUPO DE WHATSAPP PARA ESTAR INFORMADO<\/em><\/a><\/strong><\/p>\n","protected":false},"excerpt":{"rendered":"<p>Fernando Mart\u00ednez Mottola, uno de los principales estrategas de la oposici\u00f3n, fue ministro del socialdem\u00f3crata Carlos Andr\u00e9s P\u00e9rez. Tambi\u00e9n particip\u00f3 en las negociaciones con el gobierno de Nicol\u00e1s Maduro.<\/p>\n","protected":false},"author":3,"featured_media":66269,"comment_status":"closed","ping_status":"closed","sticky":false,"template":"","format":"standard","meta":{"jnews-multi-image_gallery":[],"jnews_single_post":{"format":"standard"},"jnews_primary_category":[],"jnews_social_meta":[],"jnews_review":[],"enable_review":"","type":"","name":"","summary":"","brand":"","sku":"","good":[],"bad":[],"score_override":"","override_value":"","rating":[],"price":[],"jnews_override_counter":[],"jnews_post_split":[],"footnotes":""},"categories":[58,59,66],"tags":[44,21826,4443,14359,21827,3265,45,21828,914,4445,56],"class_list":["post-66268","post","type-post","status-publish","format-standard","has-post-thumbnail","hentry","category-argentina","category-politica","category-venezuela","tag-argentina","tag-asilados","tag-dgcim","tag-embajada-argentina-en-venezuela","tag-fernando-martinez-mottola","tag-maria-corina-machado-2","tag-noticias","tag-oposicion-venezolana-3","tag-refugiados","tag-sebin","tag-venezuela"],"amp_enabled":true,"_links":{"self":[{"href":"https:\/\/esreviral.com\/index.php?rest_route=\/wp\/v2\/posts\/66268"}],"collection":[{"href":"https:\/\/esreviral.com\/index.php?rest_route=\/wp\/v2\/posts"}],"about":[{"href":"https:\/\/esreviral.com\/index.php?rest_route=\/wp\/v2\/types\/post"}],"author":[{"embeddable":true,"href":"https:\/\/esreviral.com\/index.php?rest_route=\/wp\/v2\/users\/3"}],"replies":[{"embeddable":true,"href":"https:\/\/esreviral.com\/index.php?rest_route=%2Fwp%2Fv2%2Fcomments&post=66268"}],"version-history":[{"count":0,"href":"https:\/\/esreviral.com\/index.php?rest_route=\/wp\/v2\/posts\/66268\/revisions"}],"wp:featuredmedia":[{"embeddable":true,"href":"https:\/\/esreviral.com\/index.php?rest_route=\/wp\/v2\/media\/66269"}],"wp:attachment":[{"href":"https:\/\/esreviral.com\/index.php?rest_route=%2Fwp%2Fv2%2Fmedia&parent=66268"}],"wp:term":[{"taxonomy":"category","embeddable":true,"href":"https:\/\/esreviral.com\/index.php?rest_route=%2Fwp%2Fv2%2Fcategories&post=66268"},{"taxonomy":"post_tag","embeddable":true,"href":"https:\/\/esreviral.com\/index.php?rest_route=%2Fwp%2Fv2%2Ftags&post=66268"}],"curies":[{"name":"wp","href":"https:\/\/api.w.org\/{rel}","templated":true}]}}