{"id":66130,"date":"2024-12-18T09:30:44","date_gmt":"2024-12-18T14:30:44","guid":{"rendered":"https:\/\/esreviral.com\/?p=66130"},"modified":"2024-12-18T14:40:57","modified_gmt":"2024-12-18T19:40:57","slug":"que-condiciones-puso-maduro-para-darles-el-salvoconducto-a-los-opositores-refugiados-en-la-embajada-argentina","status":"publish","type":"post","link":"https:\/\/esreviral.com\/?p=66130","title":{"rendered":"Qu\u00e9 condiciones puso Maduro para darles el salvoconducto a los opositores refugiados en la embajada argentina"},"content":{"rendered":"\n<p><strong>El gobierno de Nicol\u00e1s Maduro<\/strong> <strong>ha impuesto condiciones para conceder los salvoconductos a seis opositores venezolanos que se encuentran refugiados en la embajada de Argentina en Caracas.<\/strong> Seg\u00fan revelaron este martes 17 de diciembre <strong>el canciller colombiano, Luis Gilberto Murillo, y su hom\u00f3loga ecuatoriana, Gabriela Sommerfeld,<\/strong> las demandas incluyen la <strong>liberaci\u00f3n de un allegado al Ejecutivo venezolano detenido en Argentina y el salvoconducto para el exvicepresidente ecuatoriano Jorge Glas, actualmente preso en Ecuador.<\/strong><\/p>\n\n\n\n<p>Murillo detall\u00f3 que las condiciones fueron planteadas en agosto de 2024 durante gestiones diplom\u00e1ticas lideradas por Colombia, Brasil y Ecuador. Estos esfuerzos buscaban mediar en el conflicto pol\u00edtico entre Venezuela y Argentina, adem\u00e1s de presionar al gobierno Venezolano para la publicaci\u00f3n de datos desagregados de las cuestionadas elecciones venezolanas del 28 de julio.<\/p>\n\n\n\n<p>Por su parte, <strong>Sommerfeld <\/strong>confirm\u00f3 que Ecuador rechaz\u00f3 las exigencias, alegando que no se alineaban con sus principios contra la corrupci\u00f3n y la impunidad. Glas, aliado de Rafael Correa y del fallecido Hugo Ch\u00e1vez, fue arrestado en abril tras ser extra\u00eddo de la embajada de M\u00e9xico en Quito, un hecho que provoc\u00f3 la ruptura de relaciones entre Ecuador y M\u00e9xico.<\/p>\n\n\n\n<p class=\"has-text-align-center\"><em><strong><em><strong><em><strong><em><strong><a href=\"https:\/\/t.me\/esreviral\">\u00daNETE A NUESTRO CANAL DE TELEGRAM PARA ESTAR INFORMADO<\/a><\/strong><\/em><\/strong><\/em><\/strong><\/em><\/strong><\/em><\/p>\n\n\n\n<p><\/p>\n\n\n\n<blockquote class=\"twitter-tweet\"><p lang=\"es\" dir=\"ltr\">\ud83c\udde8\ud83c\uddf4 | El canciller colombiano, Luis Gilberto Murillo, denunci\u00f3 que Nicol\u00e1s Maduro condicion\u00f3 los salvoconductos para permitir la salida de seis opositores refugiados en la embajada de Argentina en Caracas. <a href=\"https:\/\/t.co\/ogvF3QgBk8\">pic.twitter.com\/ogvF3QgBk8<\/a><\/p>&mdash; ES RE VIRAL (@esreviral) <a href=\"https:\/\/twitter.com\/esreviral\/status\/1869392385022820388?ref_src=twsrc%5Etfw\">December 18, 2024<\/a><\/blockquote> <script async src=\"https:\/\/platform.twitter.com\/widgets.js\" charset=\"utf-8\"><\/script>\n\n\n\n<p><\/p>\n\n\n\n<h3 class=\"wp-block-heading\"><strong><mark style=\"background-color:rgba(0, 0, 0, 0)\" class=\"has-inline-color has-vivid-red-color\">La situaci\u00f3n de los refugiados en la embajada argentina<\/mark><\/strong><\/h3>\n\n\n\n<p>Los seis opositores, vinculados a Vente Venezuela y acusados de \u201cterrorismo\u201d por Maduro, llevan nueve meses en la embajada argentina bajo condiciones cr\u00edticas. Entre ellos se encuentran Magalli Meda, jefa de campa\u00f1a de Mar\u00eda Corina Machado; Pedro Urruchurtu, coordinador internacional de Vente Venezuela; el exdiputado Omar Gonz\u00e1lez; Humberto Villalobos, coordinador electoral; Claudia Macero, encargada de comunicaci\u00f3n; y Fernando Mart\u00ednez Mottola, exministro y asesor pol\u00edtico.<\/p>\n\n\n\n<p>Desde marzo, los refugiados enfrentan acoso constante, <strong>cortes de agua y electricidad,<\/strong> restricciones en el acceso a alimentos y vigilancia extrema por parte de las fuerzas de seguridad venezolanas. \u201cEn estos meses, el hostigamiento ha escalado. No hemos podido ver a nuestras familias, y los alrededores de la embajada est\u00e1n ocupados por agentes de seguridad, centros de espionaje y francotiradores\u201d, denunci\u00f3 el exdiputado Omar Gonz\u00e1lez.<\/p>\n\n\n<div class=\"wp-block-image\">\n<figure class=\"aligncenter size-large\"><img decoding=\"async\" src=\"https:\/\/resizer.glanacion.com\/resizer\/v2\/pedro-urruchurtu-magalli-mea-omar-gonzalez-TKW3NFVGOVFDLL2FD7X7BD7UBY.jpg?auth=13cfcc6b798174fa44d6725bff2d189d021b71bb1c93a4c151ba2303ad1ad034&amp;width=780&amp;height=520&amp;quality=70&amp;smart=true\" alt=\"\"\/><\/figure><\/div>\n\n\n<p><\/p>\n\n\n\n<p><strong><mark style=\"background-color:rgba(0, 0, 0, 0)\" class=\"has-inline-color has-vivid-red-color\">Tensiones diplom\u00e1ticas entre Venezuela y Argentina<\/mark><\/strong><\/p>\n\n\n\n<p>El conflicto entre ambos pa\u00edses se ha intensificado en los \u00faltimos meses. En agosto, Nicol\u00e1s Maduro rompi\u00f3 relaciones diplom\u00e1ticas con Argentina tras las cr\u00edticas de Javier Milei a las elecciones venezolanas. Desde entonces, la embajada argentina en Caracas qued\u00f3 bajo custodia de Brasil.<\/p>\n\n\n\n<p>Las tensiones escalaron nuevamente este fin de semana, cuando Milei denunci\u00f3 el \u201csecuestro\u201d de un gendarme argentino en Venezuela, mientras que Maduro lo  acus\u00f3 de conspirar en un supuesto plan \u201cterrorista\u201d.<\/p>\n\n\n\n<p>Murillo subray\u00f3 la urgencia de resolver esta crisis diplom\u00e1tica, calificando el asedio a los refugiados como \u201c<strong><em>sin precedentes en las \u00faltimas d\u00e9cadas de lucha pol\u00edtica en Venezuela<\/em><\/strong>\u201d. A medida que las gestiones avanzan, las acusaciones cruzadas entre ambas naciones complican la b\u00fasqueda de una soluci\u00f3n.<\/p>\n\n\n\n<p class=\"has-text-align-center\"><strong><a href=\"https:\/\/chat.whatsapp.com\/KWkTmakY3I05kNdd2oZl6d\"><em>\u00daNETE A NUESTRO GRUPO DE WHATSAPP PARA ESTAR INFORMADO<\/em><\/a><\/strong><\/p>\n","protected":false},"excerpt":{"rendered":"<p>El funcionario del gobierno de Petro dijo que intent\u00f3 mediar en el conflicto y que el chavismo exigi\u00f3 la liberaci\u00f3n de una persona \u201ccercana al gobierno de Venezuela\u201d en la Argentina y un permiso para el exvicepresidente ecuatoriano Jorge Glas<\/p>\n","protected":false},"author":3,"featured_media":66131,"comment_status":"closed","ping_status":"closed","sticky":false,"template":"","format":"standard","meta":{"jnews-multi-image_gallery":[],"jnews_single_post":{"format":"standard"},"jnews_primary_category":[],"jnews_social_meta":[],"jnews_review":[],"enable_review":"","type":"","name":"","summary":"","brand":"","sku":"","good":[],"bad":[],"score_override":"","override_value":"","rating":[],"price":[],"jnews_override_counter":[],"jnews_post_split":[],"footnotes":""},"categories":[88,59],"tags":[17026,17626,1549,17028,1068,45,56],"class_list":["post-66130","post","type-post","status-publish","format-standard","has-post-thumbnail","hentry","category-internacionales","category-politica","tag-canciller-colombiano","tag-embajada-argentina","tag-gustavo-petro","tag-luis-gilberto-murillo","tag-nicolas-maduro","tag-noticias","tag-venezuela"],"amp_enabled":true,"_links":{"self":[{"href":"https:\/\/esreviral.com\/index.php?rest_route=\/wp\/v2\/posts\/66130"}],"collection":[{"href":"https:\/\/esreviral.com\/index.php?rest_route=\/wp\/v2\/posts"}],"about":[{"href":"https:\/\/esreviral.com\/index.php?rest_route=\/wp\/v2\/types\/post"}],"author":[{"embeddable":true,"href":"https:\/\/esreviral.com\/index.php?rest_route=\/wp\/v2\/users\/3"}],"replies":[{"embeddable":true,"href":"https:\/\/esreviral.com\/index.php?rest_route=%2Fwp%2Fv2%2Fcomments&post=66130"}],"version-history":[{"count":0,"href":"https:\/\/esreviral.com\/index.php?rest_route=\/wp\/v2\/posts\/66130\/revisions"}],"wp:featuredmedia":[{"embeddable":true,"href":"https:\/\/esreviral.com\/index.php?rest_route=\/wp\/v2\/media\/66131"}],"wp:attachment":[{"href":"https:\/\/esreviral.com\/index.php?rest_route=%2Fwp%2Fv2%2Fmedia&parent=66130"}],"wp:term":[{"taxonomy":"category","embeddable":true,"href":"https:\/\/esreviral.com\/index.php?rest_route=%2Fwp%2Fv2%2Fcategories&post=66130"},{"taxonomy":"post_tag","embeddable":true,"href":"https:\/\/esreviral.com\/index.php?rest_route=%2Fwp%2Fv2%2Ftags&post=66130"}],"curies":[{"name":"wp","href":"https:\/\/api.w.org\/{rel}","templated":true}]}}