{"id":65920,"date":"2024-12-13T13:39:07","date_gmt":"2024-12-13T18:39:07","guid":{"rendered":"https:\/\/esreviral.com\/?p=65920"},"modified":"2024-12-13T13:39:08","modified_gmt":"2024-12-13T18:39:08","slug":"impactante-video-atropello-a-un-ciclista-e-intento-escapar-con-la-victima-en-el-capot","status":"publish","type":"post","link":"https:\/\/esreviral.com\/?p=65920","title":{"rendered":"Impactante video: atropell\u00f3 a un ciclista e intent\u00f3 escapar con la v\u00edctima en el capot"},"content":{"rendered":"\n<p>La ma\u00f1ana del viernes, el barrio porte\u00f1o de Belgrano fue escenario de un inusual y violento episodio. <strong>Un ciclista, atropellado por una automovilista, fue arrastrado varios metros sobre el cap\u00f3 del veh\u00edculo en plena Avenida Libertador.<\/strong><\/p>\n\n\n\n<p>El impactante momento qued\u00f3 registrado en un video que r\u00e1pidamente se viraliz\u00f3 en redes sociales. En las im\u00e1genes, se observa al ciclista <strong>sosteniendo su tel\u00e9fono mientras llama al 911 tras el accidente<\/strong>. Su bicicleta hab\u00eda quedado atrapada debajo de la camioneta, y para impedir que la conductora se diera a la fuga, se coloc\u00f3 frente al veh\u00edculo.<\/p>\n\n\n\n<p>Lejos de detenerse, la mujer decidi\u00f3 acelerar con el ciclista sobre el capot, avanzando aproximadamente 100 metros. Luego de cruzar Olaz\u00e1bal, la conductora fren\u00f3, aparentemente esperando que el ciclista descendiera y abandonara el lugar. Sin embargo, <strong>el hombre, de 45 a\u00f1os de edad y nacionalidad rusa, permaneci\u00f3 frente al veh\u00edculo, grit\u00e1ndole y aguardando la llegada de la Polic\u00eda.<\/strong><\/p>\n\n\n\n<p class=\"has-text-align-center\"><em><strong><em><strong><em><strong><em><strong><em><strong><a href=\"https:\/\/t.me\/esreviral\">\u00daNETE A NUESTRO CANAL DE TELEGRAM PARA ESTAR INFORMADO<\/a><\/strong><\/em><\/strong><\/em><\/strong><\/em><\/strong><\/em><\/strong><\/em><\/p>\n\n\n\n<blockquote class=\"twitter-tweet\"><p lang=\"es\" dir=\"ltr\">\ud83d\udea8Una condcutora choc\u00f3 a un ciclista y ante el reclamo, aceler\u00f3 y se lo llev\u00f3 arriba del capot. <br><br> &#8211; Pas\u00f3 en Libertador y Olazabal, Belgrano. <a href=\"https:\/\/t.co\/gK1U1mgNAY\">pic.twitter.com\/gK1U1mgNAY<\/a><\/p>&mdash; ES RE VIRAL (@esreviral) <a href=\"https:\/\/twitter.com\/esreviral\/status\/1867639081221730793?ref_src=twsrc%5Etfw\">December 13, 2024<\/a><\/blockquote> <script async src=\"https:\/\/platform.twitter.com\/widgets.js\" charset=\"utf-8\"><\/script>\n\n\n\n<p><\/p>\n\n\n\n<h3 class=\"wp-block-heading\"><strong><mark style=\"background-color:rgba(0, 0, 0, 0)\" class=\"has-inline-color has-vivid-red-color\">Detalles del accidente<\/mark><\/strong><\/h3>\n\n\n\n<p>Seg\u00fan fuentes oficiales, el incidente ocurri\u00f3 cuando la conductora intent\u00f3 estacionar en una d\u00e1rsena y atropell\u00f3 al ciclista, quien sufri\u00f3 un golpe en el codo derecho. Fue atendido por el SAME, aunque no requiri\u00f3 traslado a un centro de salud.<\/p>\n\n\n\n<p>Por su parte<strong>, la conductora de la camioneta fue imputada por lesiones, mientras las im\u00e1genes del hecho contin\u00faan generando indignaci\u00f3n en redes sociales.<\/strong><\/p>\n\n\n\n<p class=\"has-text-align-center\"><strong><a href=\"https:\/\/chat.whatsapp.com\/KWkTmakY3I05kNdd2oZl6d\"><em>\u00daNETE A NUESTRO GRUPO DE WHATSAPP PARA ESTAR INFORMADO<\/em><\/a><\/strong><\/p>\n","protected":false},"excerpt":{"rendered":"<p>El violento episodio ocurri\u00f3 en el cruce de la Avenida Libertador y Olaz\u00e1bal. La conductora de la camioneta transit\u00f3 con el due\u00f1o de la bici sobre su veh\u00edculo durante m\u00e1s de 100 metros<\/p>\n","protected":false},"author":3,"featured_media":65921,"comment_status":"closed","ping_status":"closed","sticky":false,"template":"","format":"standard","meta":{"jnews-multi-image_gallery":[],"jnews_single_post":{"format":"standard"},"jnews_primary_category":[],"jnews_social_meta":[],"jnews_review":[],"enable_review":"","type":"","name":"","summary":"","brand":"","sku":"","good":[],"bad":[],"score_override":"","override_value":"","rating":[],"price":[],"jnews_override_counter":[],"jnews_post_split":[],"footnotes":""},"categories":[58],"tags":[433,44,278,21451,18435,3115],"class_list":["post-65920","post","type-post","status-publish","format-standard","has-post-thumbnail","hentry","category-argentina","tag-accidente","tag-argentina","tag-belgrano","tag-capot","tag-ciclista","tag-policia-2"],"amp_enabled":true,"_links":{"self":[{"href":"https:\/\/esreviral.com\/index.php?rest_route=\/wp\/v2\/posts\/65920"}],"collection":[{"href":"https:\/\/esreviral.com\/index.php?rest_route=\/wp\/v2\/posts"}],"about":[{"href":"https:\/\/esreviral.com\/index.php?rest_route=\/wp\/v2\/types\/post"}],"author":[{"embeddable":true,"href":"https:\/\/esreviral.com\/index.php?rest_route=\/wp\/v2\/users\/3"}],"replies":[{"embeddable":true,"href":"https:\/\/esreviral.com\/index.php?rest_route=%2Fwp%2Fv2%2Fcomments&post=65920"}],"version-history":[{"count":0,"href":"https:\/\/esreviral.com\/index.php?rest_route=\/wp\/v2\/posts\/65920\/revisions"}],"wp:featuredmedia":[{"embeddable":true,"href":"https:\/\/esreviral.com\/index.php?rest_route=\/wp\/v2\/media\/65921"}],"wp:attachment":[{"href":"https:\/\/esreviral.com\/index.php?rest_route=%2Fwp%2Fv2%2Fmedia&parent=65920"}],"wp:term":[{"taxonomy":"category","embeddable":true,"href":"https:\/\/esreviral.com\/index.php?rest_route=%2Fwp%2Fv2%2Fcategories&post=65920"},{"taxonomy":"post_tag","embeddable":true,"href":"https:\/\/esreviral.com\/index.php?rest_route=%2Fwp%2Fv2%2Ftags&post=65920"}],"curies":[{"name":"wp","href":"https:\/\/api.w.org\/{rel}","templated":true}]}}