{"id":65917,"date":"2024-12-13T13:25:00","date_gmt":"2024-12-13T18:25:00","guid":{"rendered":"https:\/\/esreviral.com\/?p=65917"},"modified":"2024-12-13T13:25:02","modified_gmt":"2024-12-13T18:25:02","slug":"se-aprobo-la-extension-del-boleto-educativo-gratuito-en-caba","status":"publish","type":"post","link":"https:\/\/esreviral.com\/?p=65917","title":{"rendered":"Se aprob\u00f3 la extensi\u00f3n del boleto educativo gratuito en CABA"},"content":{"rendered":"\n<p>La Legislatura de la Ciudad Aut\u00f3noma de Buenos Aires (CABA) aprob\u00f3 una modificaci\u00f3n en la normativa del boleto estudiantil gratuito, extendiendo su alcance para incluir a estudiantes de nivel superior. La medida fue sancionada con 53 votos a favor, cinco abstenciones y un voto en contra.<\/p>\n\n\n\n<p class=\"has-text-align-center\"><em><strong><em><strong><em><strong><em><strong><em><strong><a href=\"https:\/\/t.me\/esreviral\">\u00daNETE A NUESTRO CANAL DE TELEGRAM PARA ESTAR INFORMADO<\/a><\/strong><\/em><\/strong><\/em><\/strong><\/em><\/strong><\/em><\/strong><\/em><\/p>\n\n\n\n<h3 class=\"wp-block-heading\"><strong><mark style=\"background-color:rgba(0, 0, 0, 0)\" class=\"has-inline-color has-vivid-red-color\">\u00bfQui\u00e9nes podr\u00e1n acceder al beneficio?<\/mark><\/strong><\/h3>\n\n\n\n<p>El boleto educativo gratuito, previamente destinado a estudiantes de niveles inicial, primario y secundario, ahora abarca:<\/p>\n\n\n\n<ul class=\"wp-block-list\">\n<li><strong>Estudiantes universitarios<\/strong> de instituciones p\u00fablicas y privadas que reciban un subsidio estatal del 100%.<\/li>\n\n\n\n<li><strong>Estudiantes de institutos terciarios y profesorados<\/strong>.<\/li>\n\n\n\n<li><strong>Alumnos de Centros de Formaci\u00f3n Profesional y Educaci\u00f3n Especial<\/strong>.<\/li>\n<\/ul>\n\n\n\n<p>Este beneficio aplica exclusivamente a estudiantes que cursen en instituciones ubicadas dentro de la Ciudad de Buenos Aires.<\/p>\n\n\n\n<h3 class=\"wp-block-heading\"><strong><mark style=\"background-color:rgba(0, 0, 0, 0)\" class=\"has-inline-color has-vivid-red-color\">\u00bfQu\u00e9 incluye el boleto educativo?<\/mark><\/strong><\/h3>\n\n\n\n<ul class=\"wp-block-list\">\n<li><strong>Cantidad de viajes<\/strong>: Se otorgar\u00e1n 96 viajes mensuales, con un m\u00e1ximo de cuatro viajes diarios. Podr\u00e1n ser utilizados de lunes a s\u00e1bado durante el calendario acad\u00e9mico.<\/li>\n\n\n\n<li><strong>Modalidad<\/strong>: Los viajes ser\u00e1n completamente gratuitos para los beneficiarios a trav\u00e9s de la tarjeta SUBE.<\/li>\n<\/ul>\n\n\n\n<h3 class=\"wp-block-heading\"><strong><mark style=\"background-color:rgba(0, 0, 0, 0)\" class=\"has-inline-color has-vivid-red-color\">Requisitos para acceder al boleto educativo<\/mark><\/strong><\/h3>\n\n\n\n<ol class=\"wp-block-list\">\n<li><strong>Residencia<\/strong>: Los solicitantes deben ser residentes en la Ciudad de Buenos Aires.<\/li>\n\n\n\n<li><strong>Condici\u00f3n socioecon\u00f3mica<\/strong>: Los beneficiarios deber\u00e1n pertenecer a hogares clasificados como \u201cpobres\u201d, \u201cclase media vulnerable\u201d o \u201cclase media fr\u00e1gil\u201d seg\u00fan el Instituto de Estad\u00edsticas y Censos de la Ciudad (IPCBA).<\/li>\n\n\n\n<li><strong>Inscripci\u00f3n<\/strong>: Es obligatorio realizar el tr\u00e1mite correspondiente para acceder al beneficio.<\/li>\n<\/ol>\n\n\n\n<h3 class=\"wp-block-heading\"><strong><mark style=\"background-color:rgba(0, 0, 0, 0)\" class=\"has-inline-color has-vivid-red-color\">Beneficio adicional para tutores<\/mark><\/strong><\/h3>\n\n\n\n<p>Los tutores de menores de 12 a\u00f1os que cursen escolaridad obligatoria podr\u00e1n acceder a una tarifa social del 55% de descuento en transporte p\u00fablico, aplicable a un \u00fanico acompa\u00f1ante por estudiante.<\/p>\n\n\n\n<p>Este cambio en la normativa busca garantizar mayor accesibilidad al transporte p\u00fablico para los sectores m\u00e1s vulnerables y fomentar la continuidad educativa en todos los niveles.<\/p>\n\n\n\n<p><\/p>\n\n\n\n<p class=\"has-text-align-center\"><strong><a href=\"https:\/\/chat.whatsapp.com\/KWkTmakY3I05kNdd2oZl6d\"><em>\u00daNETE A NUESTRO GRUPO DE WHATSAPP PARA ESTAR INFORMADO<\/em><\/a><\/strong><\/p>\n\n\n\n<p><\/p>\n","protected":false},"excerpt":{"rendered":"<p>Esta medida representa una ampliaci\u00f3n de la cobertura del transporte p\u00fablico para estudiantes, con nuevos requisitos y condiciones para garantizar el acceso.<\/p>\n","protected":false},"author":3,"featured_media":65918,"comment_status":"closed","ping_status":"closed","sticky":false,"template":"","format":"standard","meta":{"jnews-multi-image_gallery":[],"jnews_single_post":{"format":"standard"},"jnews_primary_category":[],"jnews_social_meta":[],"jnews_review":[],"enable_review":"","type":"","name":"","summary":"","brand":"","sku":"","good":[],"bad":[],"score_override":"","override_value":"","rating":[],"price":[],"jnews_override_counter":[],"jnews_post_split":[],"footnotes":""},"categories":[58,61],"tags":[44,21449,21450,45],"class_list":["post-65917","post","type-post","status-publish","format-standard","has-post-thumbnail","hentry","category-argentina","category-economia","tag-argentina","tag-boleto-educativo-gratuito","tag-boleto-estudiantil-gratuito","tag-noticias"],"amp_enabled":true,"_links":{"self":[{"href":"https:\/\/esreviral.com\/index.php?rest_route=\/wp\/v2\/posts\/65917"}],"collection":[{"href":"https:\/\/esreviral.com\/index.php?rest_route=\/wp\/v2\/posts"}],"about":[{"href":"https:\/\/esreviral.com\/index.php?rest_route=\/wp\/v2\/types\/post"}],"author":[{"embeddable":true,"href":"https:\/\/esreviral.com\/index.php?rest_route=\/wp\/v2\/users\/3"}],"replies":[{"embeddable":true,"href":"https:\/\/esreviral.com\/index.php?rest_route=%2Fwp%2Fv2%2Fcomments&post=65917"}],"version-history":[{"count":0,"href":"https:\/\/esreviral.com\/index.php?rest_route=\/wp\/v2\/posts\/65917\/revisions"}],"wp:featuredmedia":[{"embeddable":true,"href":"https:\/\/esreviral.com\/index.php?rest_route=\/wp\/v2\/media\/65918"}],"wp:attachment":[{"href":"https:\/\/esreviral.com\/index.php?rest_route=%2Fwp%2Fv2%2Fmedia&parent=65917"}],"wp:term":[{"taxonomy":"category","embeddable":true,"href":"https:\/\/esreviral.com\/index.php?rest_route=%2Fwp%2Fv2%2Fcategories&post=65917"},{"taxonomy":"post_tag","embeddable":true,"href":"https:\/\/esreviral.com\/index.php?rest_route=%2Fwp%2Fv2%2Ftags&post=65917"}],"curies":[{"name":"wp","href":"https:\/\/api.w.org\/{rel}","templated":true}]}}