{"id":65854,"date":"2024-12-12T11:13:38","date_gmt":"2024-12-12T16:13:38","guid":{"rendered":"https:\/\/esreviral.com\/?p=65854"},"modified":"2024-12-12T11:13:40","modified_gmt":"2024-12-12T16:13:40","slug":"milei-fue-elegido-por-la-revista-time-como-una-de-las-100-personas-mas-influyentes-del-ano","status":"publish","type":"post","link":"https:\/\/esreviral.com\/?p=65854","title":{"rendered":"Milei fue elegido por la revista Time como una de las 100 personas m\u00e1s influyentes del a\u00f1o"},"content":{"rendered":"\n<p>El<strong> presidente de Argentina<\/strong>, <strong>Javier Milei,<\/strong> fue incluido este jueves en la lista de las <strong>100 personas m\u00e1s influyentes del a\u00f1o<\/strong> por la prestigiosa revista estadounidense <em>Time<\/em>. En tanto, el mandatario electo de Estados Unidos, <strong>Donald Trump, fue destacado como \u00abPersona del A\u00f1o\u00bb.<\/strong><\/p>\n\n\n\n<p>La publicaci\u00f3n subray\u00f3 la victoria de Milei en las elecciones presidenciales a pesar de su limitada experiencia pol\u00edtica, adem\u00e1s de sus pol\u00edticas econ\u00f3micas de shock y austeridad. Seg\u00fan el art\u00edculo, su gesti\u00f3n representa un punto de no retorno para el pa\u00eds.<\/p>\n\n\n\n<p>La corresponsal de <em>Time<\/em>, Vera Bergengruen, quien habla espa\u00f1ol y cubre temas de seguridad nacional, tecnolog\u00eda y pol\u00edtica, estuvo a cargo de la descripci\u00f3n del mandatario argentino. En su texto, Milei es definido como \u00abun profesor de econom\u00eda radical libertario y excomentarista de televisi\u00f3n con poca experiencia gubernamental\u00bb que logr\u00f3 la Presidencia en noviembre tras una victoria aplastante, impulsada por su promesa de sacar a Argentina del colapso econ\u00f3mico.<\/p>\n\n\n\n<p class=\"has-text-align-center\"><em><strong><em><strong><em><strong><em><strong><em><strong><a href=\"https:\/\/t.me\/esreviral\">\u00daNETE A NUESTRO CANAL DE TELEGRAM PARA ESTAR INFORMADO<\/a><\/strong><\/em><\/strong><\/em><\/strong><\/em><\/strong><\/em><\/strong><\/em><\/p>\n\n\n\n<p>El art\u00edculo detalla c\u00f3mo su triunfo sorprendi\u00f3 a los encuestadores y puso en evidencia la desesperaci\u00f3n de los 46 millones de argentinos, afectados por una inflaci\u00f3n de tres d\u00edgitos y una tasa de pobreza del 40%. \u201cNo hay vuelta atr\u00e1s\u201d, cit\u00f3 la revista al mandatario, quien se autodenomina \u00abanarcocapitalista\u00bb. Milei advirti\u00f3 a sus seguidores que la situaci\u00f3n econ\u00f3mica del pa\u00eds es cr\u00edtica y que el ajuste ser\u00e1 doloroso.<\/p>\n\n\n\n<h3 class=\"wp-block-heading\"><strong><mark style=\"background-color:rgba(0, 0, 0, 0)\" class=\"has-inline-color has-vivid-red-color\">Medidas de austeridad y su impacto<\/mark><\/strong><\/h3>\n\n\n\n<p>La revista resalta que, a sus 53 a\u00f1os de edad, Milei ha perdido poco tiempo en implementar medidas de austeridad, eliminando 70.000 empleos estatales, recortando ayudas a las provincias, reduciendo a la mitad los ministerios y devaluando el peso. Estas acciones han provocado que miles de manifestantes salieran a las calles en protesta.<\/p>\n\n\n\n<p>Asimismo, <em>Time<\/em> menciona las pol\u00e9micas diatribas de Milei, cargadas de improperios, contra los \u201csocialistas\u201d occidentales y los \u201ctraidores\u201d que lo desaf\u00edan en el Congreso, lo que ha consolidado su imagen como un \u00edcono global de la derecha.<\/p>\n\n\n\n<p>El art\u00edculo concluye se\u00f1alando que, aunque a\u00fan es temprano para evaluar el \u00e9xito de su gobierno, queda claro que Argentina ha entrado en una nueva etapa bajo su liderazgo.<\/p>\n\n\n\n<h3 class=\"wp-block-heading\"><strong><mark style=\"background-color:rgba(0, 0, 0, 0)\" class=\"has-inline-color has-vivid-red-color\">Ranking de las personas m\u00e1s influyentes<\/mark><\/strong><\/h3>\n\n\n\n<p>La lista de <em>Time<\/em> se divide en varias categor\u00edas. En la secci\u00f3n \u00abArtistas\u00bb destaca la cantante Dua Lipa, mientras que en \u00ab\u00cdconos\u00bb aparece la actriz Taraji Penda Henson. Entre los \u00abTitanes\u00bb figura el jugador de f\u00fatbol americano Patrick Mahomes, y en \u00abInnovadores\u00bb lidera Jensen Huang, CEO de Nvidia. En \u00abPioneros\u00bb, la actriz Am\u00e9rica Ferrera ocupa un lugar destacado.<\/p>\n\n\n\n<p>Milei fue incluido en la categor\u00eda de \u00abL\u00edderes\u00bb, donde comparte espacio con figuras como Julia Navalnaya, viuda del disidente ruso Alexei Navalny; la activista iran\u00ed Narges Mohammadi; el primer ministro de Polonia, Donald Tusk; el presidente electo de Taiw\u00e1n, William Lai; y Marina Silva, ministra de Medioambiente de Brasil, entre otros.<\/p>\n\n\n\n<p>Tambi\u00e9n figuran en esta categor\u00eda el gobernador de Texas, Greg Abbott; el director de la CIA, William Burns; la escritora E. Jean Carroll, quien venci\u00f3 a Donald Trump en la Corte; y personalidades como Gavin Newsom, Giorgia Meloni y William Ruto.<\/p>\n\n\n\n<p class=\"has-text-align-center\"><strong><em><mark style=\"background-color:rgba(0, 0, 0, 0)\" class=\"has-inline-color has-vivid-red-color\"><a href=\"https:\/\/esreviral.com\/?p=65822\" data-type=\"link\" data-id=\"https:\/\/esreviral.com\/?p=65822\">Lea Tambi\u00e9n: Esta es la lista Forbes de las mujeres m\u00e1s poderosas del mundo en 2024<\/a><\/mark><\/em><\/strong><\/p>\n\n\n\n<p class=\"has-text-align-center\"><strong><a href=\"https:\/\/chat.whatsapp.com\/KWkTmakY3I05kNdd2oZl6d\"><em>\u00daNETE A NUESTRO GRUPO DE WHATSAPP PARA ESTAR INFORMADO<\/em><\/a><\/strong><\/p>\n","protected":false},"excerpt":{"rendered":"<p>El Presidente fue ubicado en la categor\u00eda L\u00edderes; el medio estadounidense destac\u00f3 su victoria en las elecciones y sus pol\u00edticas de shock y austeridad<\/p>\n","protected":false},"author":3,"featured_media":65855,"comment_status":"closed","ping_status":"closed","sticky":false,"template":"","format":"standard","meta":{"jnews-multi-image_gallery":[],"jnews_single_post":{"format":"standard"},"jnews_primary_category":[],"jnews_social_meta":[],"jnews_review":[],"enable_review":"","type":"","name":"","summary":"","brand":"","sku":"","good":[],"bad":[],"score_override":"","override_value":"","rating":[],"price":[],"jnews_override_counter":[],"jnews_post_split":[],"footnotes":""},"categories":[59],"tags":[21392,44,1158,45,7654,21393],"class_list":["post-65854","post","type-post","status-publish","format-standard","has-post-thumbnail","hentry","category-politica","tag-100-personas-mas-influyentes-del-ano","tag-argentina","tag-javier-milei","tag-noticias","tag-presidente-de-argentina","tag-time-2"],"_links":{"self":[{"href":"https:\/\/esreviral.com\/index.php?rest_route=\/wp\/v2\/posts\/65854","targetHints":{"allow":["GET"]}}],"collection":[{"href":"https:\/\/esreviral.com\/index.php?rest_route=\/wp\/v2\/posts"}],"about":[{"href":"https:\/\/esreviral.com\/index.php?rest_route=\/wp\/v2\/types\/post"}],"author":[{"embeddable":true,"href":"https:\/\/esreviral.com\/index.php?rest_route=\/wp\/v2\/users\/3"}],"replies":[{"embeddable":true,"href":"https:\/\/esreviral.com\/index.php?rest_route=%2Fwp%2Fv2%2Fcomments&post=65854"}],"version-history":[{"count":0,"href":"https:\/\/esreviral.com\/index.php?rest_route=\/wp\/v2\/posts\/65854\/revisions"}],"wp:featuredmedia":[{"embeddable":true,"href":"https:\/\/esreviral.com\/index.php?rest_route=\/wp\/v2\/media\/65855"}],"wp:attachment":[{"href":"https:\/\/esreviral.com\/index.php?rest_route=%2Fwp%2Fv2%2Fmedia&parent=65854"}],"wp:term":[{"taxonomy":"category","embeddable":true,"href":"https:\/\/esreviral.com\/index.php?rest_route=%2Fwp%2Fv2%2Fcategories&post=65854"},{"taxonomy":"post_tag","embeddable":true,"href":"https:\/\/esreviral.com\/index.php?rest_route=%2Fwp%2Fv2%2Ftags&post=65854"}],"curies":[{"name":"wp","href":"https:\/\/api.w.org\/{rel}","templated":true}]}}