{"id":6582,"date":"2021-05-14T13:33:17","date_gmt":"2021-05-14T16:33:17","guid":{"rendered":"http:\/\/esreviral.com\/?p=6582"},"modified":"2021-05-14T13:33:17","modified_gmt":"2021-05-14T16:33:17","slug":"denuncian-el-suicidio-de-una-joven-colombiana-tras-ser-abusada-por-policias-durante-una-protesta","status":"publish","type":"post","link":"https:\/\/esreviral.com\/?p=6582","title":{"rendered":"Denuncian el suicidio de una joven colombiana tras ser abusada por polic\u00edas durante una protesta"},"content":{"rendered":"\n<p>Una<strong>&nbsp;joven de 17 a\u00f1os falleci\u00f3 en una ciudad del oeste de Colombia, informaron autoridades, y organismos de derechos humanos denunciaron que se suicid\u00f3 despu\u00e9s de haber sido arrestada y abusada sexualmente&nbsp;<\/strong>durante una de las protestas contra el Gobierno que sacuden al pa\u00eds desde fines del mes pasado.<\/p>\n\n\n\n<p>Varias organizaciones feministas de Colombia convocaron\u00a0<strong>protestas para este viernes en Popay\u00e1n, donde ocurri\u00f3 la muerte<\/strong>, y otras ciudades del pa\u00eds en rechazo a la violencia sexual por parte de las fuerzas de seguridad en el marco de las manifestaciones contra el Gobierno del presidente Iv\u00e1n Duque, cuya fuerte represi\u00f3n, adem\u00e1s, ya dej\u00f3, m\u00e1s de 40 muertos.<\/p>\n\n\n\n<figure class=\"wp-block-embed-twitter wp-block-embed is-type-rich is-provider-twitter\"><div class=\"wp-block-embed__wrapper\">\n<blockquote class=\"twitter-tweet\" data-width=\"500\" data-dnt=\"true\"><p lang=\"es\" dir=\"ltr\">A esta hora en Popay\u00e1n se adelanta el plant\u00f3n de <a href=\"https:\/\/twitter.com\/hashtag\/MujeresEnContraDeLaImpunudad?src=hash&amp;ref_src=twsrc%5Etfw\">#MujeresEnContraDeLaImpunudad<\/a>. Exigen una investigaci\u00f3n clara y veraz sobre el caso de la menor que se habr\u00eda quitado la vida luego de denunciar haber sido violencia sexualmente por parte de polic\u00edas. Video de: Alexa Molina <a href=\"https:\/\/t.co\/7aE01oq2U3\">pic.twitter.com\/7aE01oq2U3<\/a><\/p>&mdash; Cuesti\u00f3n P\u00fablica (@cuestion_p) <a href=\"https:\/\/twitter.com\/cuestion_p\/status\/1393238125074341891?ref_src=twsrc%5Etfw\">May 14, 2021<\/a><\/blockquote><script async src=\"https:\/\/platform.twitter.com\/widgets.js\" charset=\"utf-8\"><\/script>\n<\/div><\/figure>\n\n\n\n<p>La alcald\u00eda de la Popay\u00e1n, unos 580 kil\u00f3metros al suroeste de Bogot\u00e1 y capital de la regi\u00f3n de Cauca, pidi\u00f3 que se investigue el caso al informar este jueves a la noche de la muerte de la menor y, aunque no la identific\u00f3, organizaciones de derechos humanos medios colombianos dijeron que se trata de Allison Mel\u00e9ndez, de 17 a\u00f1os.<\/p>\n\n\n\n<p><strong>La polic\u00eda local dijo que la adolescente, a la que tampoco identific\u00f3, fue detenida durante una protesta celebrada el mi\u00e9rcoles 12 de mayo, pero afirm\u00f3 que la entreg\u00f3 a su familia \u00aben \u00f3ptimas condiciones\u00bb y que la denuncia de que fue abusada sexualmente por los agentes era \u00abfalsa\u00bb.<\/strong><\/p>\n\n\n\n<p>Un periodista de la ciudad film\u00f3 todo el procedimiento de detenci\u00f3n de la joven, que fue realizado por el Escuadr\u00f3n M\u00f3vil Antidisturbios (Esmad), seg\u00fan la versi\u00f3n online del peri\u00f3dico colombiano Publimetro.<\/p>\n\n\n\n<figure class=\"wp-block-embed-twitter wp-block-embed is-type-rich is-provider-twitter\"><div class=\"wp-block-embed__wrapper\">\nhttps:\/\/twitter.com\/Pauula9240\/status\/1393237031132803074?ref_src=twsrc%5Etfw%7Ctwcamp%5Etweetembed%7Ctwterm%5E1393237031132803074%7Ctwgr%5E%7Ctwcon%5Es1_&#038;ref_url=https%3A%2F%2Fwww.telam.com.ar%2Fnotas%2F202105%2F554218-denuncian-suicidio-joven-colombiana-abusada-policias-protesta.html\n<\/div><\/figure>\n","protected":false},"excerpt":{"rendered":"<p>Organizaciones feministas convocaron protestas para este viernes en Popay\u00e1n, donde ocurri\u00f3 la muerte, y otras ciudades del pa\u00eds. Rechazan la violencia sexual por parte de las fuerzas de seguridad en el marco de las manifestaciones contra el Gobierno del presidente Iv\u00e1n Duque<\/p>\n","protected":false},"author":2,"featured_media":6583,"comment_status":"open","ping_status":"open","sticky":false,"template":"","format":"standard","meta":{"jnews-multi-image_gallery":[],"jnews_single_post":[],"jnews_primary_category":[],"jnews_social_meta":[],"jnews_review":[],"enable_review":"","type":"","name":"","summary":"","brand":"","sku":"","good":[],"bad":[],"score_override":"","override_value":"","rating":[],"price":[],"jnews_override_counter":[],"jnews_post_split":[],"footnotes":""},"categories":[88],"tags":[283,45],"class_list":["post-6582","post","type-post","status-publish","format-standard","has-post-thumbnail","hentry","category-internacionales","tag-colombia","tag-noticias"],"amp_enabled":true,"_links":{"self":[{"href":"https:\/\/esreviral.com\/index.php?rest_route=\/wp\/v2\/posts\/6582"}],"collection":[{"href":"https:\/\/esreviral.com\/index.php?rest_route=\/wp\/v2\/posts"}],"about":[{"href":"https:\/\/esreviral.com\/index.php?rest_route=\/wp\/v2\/types\/post"}],"author":[{"embeddable":true,"href":"https:\/\/esreviral.com\/index.php?rest_route=\/wp\/v2\/users\/2"}],"replies":[{"embeddable":true,"href":"https:\/\/esreviral.com\/index.php?rest_route=%2Fwp%2Fv2%2Fcomments&post=6582"}],"version-history":[{"count":0,"href":"https:\/\/esreviral.com\/index.php?rest_route=\/wp\/v2\/posts\/6582\/revisions"}],"wp:featuredmedia":[{"embeddable":true,"href":"https:\/\/esreviral.com\/index.php?rest_route=\/"}],"wp:attachment":[{"href":"https:\/\/esreviral.com\/index.php?rest_route=%2Fwp%2Fv2%2Fmedia&parent=6582"}],"wp:term":[{"taxonomy":"category","embeddable":true,"href":"https:\/\/esreviral.com\/index.php?rest_route=%2Fwp%2Fv2%2Fcategories&post=6582"},{"taxonomy":"post_tag","embeddable":true,"href":"https:\/\/esreviral.com\/index.php?rest_route=%2Fwp%2Fv2%2Ftags&post=6582"}],"curies":[{"name":"wp","href":"https:\/\/api.w.org\/{rel}","templated":true}]}}