{"id":65781,"date":"2024-12-11T12:16:50","date_gmt":"2024-12-11T17:16:50","guid":{"rendered":"https:\/\/esreviral.com\/?p=65781"},"modified":"2024-12-11T12:18:01","modified_gmt":"2024-12-11T17:18:01","slug":"liberaron-a-12-presos-politicos-de-distintas-carceles-en-venezuela","status":"publish","type":"post","link":"https:\/\/esreviral.com\/?p=65781","title":{"rendered":"Liberaron a 12 presos pol\u00edticos de distintas c\u00e1rceles en Venezuela"},"content":{"rendered":"\n<p>El Comit\u00e9 por la Libertad de los Presos Pol\u00edticos (CLIPP) anunci\u00f3 la excarcelaci\u00f3n de 12 presos pol\u00edticos provenientes de los estados Anzo\u00e1tegui, Lara y Miranda la noche del martes 10 de diciembre.<\/p>\n\n\n\n<p>Entre los liberados se encuentran ocho adolescentes y Yenny Barrios, una paciente oncol\u00f3gica cuyo caso hab\u00eda sido ampliamente denunciado por organizaciones de derechos humanos debido a su delicada condici\u00f3n de salud.<\/p>\n\n\n\n<p class=\"has-text-align-center\"><em><strong><em><strong><em><strong><em><strong><em><strong><a href=\"https:\/\/t.me\/esreviral\">\u00daNETE A NUESTRO CANAL DE TELEGRAM PARA ESTAR INFORMADO<\/a><\/strong><\/em><\/strong><\/em><\/strong><\/em><\/strong><\/em><\/strong><\/em><\/p>\n\n\n\n<blockquote class=\"twitter-tweet\"><p lang=\"es\" dir=\"ltr\">EXCARCELACIONES | Madres y familiares confirman las excarcelaciones de presos pol\u00edticos poselectorales la noche de este martes <a href=\"https:\/\/twitter.com\/hashtag\/10Dic?src=hash&amp;ref_src=twsrc%5Etfw\">#10Dic<\/a>:<br><br>ANZO\u00c1TEGUI (Ni\u00f1os y Adolescentes):<br><br>Luis Alexander Carima Gonz\u00e1lez <br>Fernando Andr\u00e9s Garc\u00eda M\u00e9ndez<br>Johana de Los \u00c1ngeles Maldonado<br>Anibeys del\u2026 <a href=\"https:\/\/t.co\/KRNxBTFbzG\">pic.twitter.com\/KRNxBTFbzG<\/a><\/p>&mdash; Comit\u00e9 por la Libertad de los Presos Pol\u00edticos. (@clippve) <a href=\"https:\/\/twitter.com\/clippve\/status\/1866823138912374955?ref_src=twsrc%5Etfw\">December 11, 2024<\/a><\/blockquote> <script async src=\"https:\/\/platform.twitter.com\/widgets.js\" charset=\"utf-8\"><\/script>\n\n\n\n<h3 class=\"wp-block-heading\"><strong><mark style=\"background-color:rgba(0, 0, 0, 0)\" class=\"has-inline-color has-vivid-red-color\">Lista de excarcelados:<\/mark><\/strong><\/h3>\n\n\n\n<p><strong>Anzo\u00e1tegui:<\/strong><\/p>\n\n\n\n<ul class=\"wp-block-list\">\n<li>Luis Alexander Carima Gonz\u00e1lez<\/li>\n\n\n\n<li>Fernando Andr\u00e9s Garc\u00eda M\u00e9ndez<\/li>\n\n\n\n<li>Johana de los \u00c1ngeles Maldonado<\/li>\n\n\n\n<li>Anibeys del Valle Betancourt<\/li>\n\n\n\n<li>Juan Pablo Yaraguaracuto Rojas<\/li>\n\n\n\n<li>Marianyeli Nazareth Girardot Garc\u00eda<\/li>\n<\/ul>\n\n\n\n<p><\/p>\n\n\n\n<p><strong>Lara:<\/strong><\/p>\n\n\n\n<ul class=\"wp-block-list\">\n<li>Johendris Ju\u00e1rez<\/li>\n\n\n\n<li>Carlos Jim\u00e9nez<\/li>\n\n\n\n<li>Mar\u00eda Eugenia Flores<\/li>\n\n\n\n<li>Yenny Barrios (trasladada recientemente a la c\u00e1rcel de Uribana)<\/li>\n<\/ul>\n\n\n\n<p><\/p>\n\n\n\n<p><strong>Miranda:<\/strong><\/p>\n\n\n\n<ul class=\"wp-block-list\">\n<li>Thailis Berrios<\/li>\n\n\n\n<li>Joseph Robinson Rever\u00f3n Silva<\/li>\n<\/ul>\n\n\n\n<p>\u201cLa libertad de estas personas inocentes es un triunfo de sus familiares, quienes jam\u00e1s perdieron la esperanza ni dejaron de exigir justicia\u201d, expres\u00f3 el CLIPP.<\/p>\n\n\n\n<h3 class=\"wp-block-heading\"><strong><mark style=\"background-color:rgba(0, 0, 0, 0)\" class=\"has-inline-color has-vivid-red-color\">Promesas y desaf\u00edos<\/mark><\/strong><\/h3>\n\n\n\n<p>Aunque el fiscal general, Tarek William Saab, se comprometi\u00f3 a m\u00e1s excarcelaciones durante una reuni\u00f3n con madres de detenidos por el contexto poselectoral, las ONG alertan sobre la pol\u00edtica de \u00abpuerta giratoria\u00bb empleada por el r\u00e9gimen.<\/p>\n\n\n\n<p>Mientras estas 12 personas recuperaban su libertad, el alcalde de Cabimas, Nabil Maalouf, y el exconcejal Jes\u00fas Armas, colaborador cercano de Mar\u00eda Corina Machado, fueron arrestados, aumentando nuevamente la cifra de presos pol\u00edticos.<\/p>\n\n\n\n<p>Seg\u00fan Foro Penal, al menos 1.800 personas permanecen detenidas por razones pol\u00edticas en el pa\u00eds.<\/p>\n\n\n\n<p class=\"has-text-align-center\"><strong><a href=\"https:\/\/chat.whatsapp.com\/KWkTmakY3I05kNdd2oZl6d\"><em>\u00daNETE A NUESTRO GRUPO DE WHATSAPP PARA ESTAR INFORMADO<\/em><\/a><\/strong><\/p>\n","protected":false},"excerpt":{"rendered":"<p>Yenny Barrios, cuyo caso hab\u00eda sido denunciado por organizaciones defensoras de derechos humanos debido a su delicada condici\u00f3n de salud, fue liberada la noche del martes<\/p>\n","protected":false},"author":3,"featured_media":65782,"comment_status":"closed","ping_status":"closed","sticky":false,"template":"","format":"standard","meta":{"jnews-multi-image_gallery":[],"jnews_single_post":{"format":"standard"},"jnews_primary_category":[],"jnews_social_meta":[],"jnews_review":[],"enable_review":"","type":"","name":"","summary":"","brand":"","sku":"","good":[],"bad":[],"score_override":"","override_value":"","rating":[],"price":[],"jnews_override_counter":[],"jnews_post_split":[],"footnotes":""},"categories":[59,66],"tags":[21366,21367,45,10447,56],"class_list":["post-65781","post","type-post","status-publish","format-standard","has-post-thumbnail","hentry","category-politica","category-venezuela","tag-detenidos-en-protestas-postelectorales","tag-excarcelaciones-en-venezuela","tag-noticias","tag-presos-politicos","tag-venezuela"],"amp_enabled":true,"_links":{"self":[{"href":"https:\/\/esreviral.com\/index.php?rest_route=\/wp\/v2\/posts\/65781"}],"collection":[{"href":"https:\/\/esreviral.com\/index.php?rest_route=\/wp\/v2\/posts"}],"about":[{"href":"https:\/\/esreviral.com\/index.php?rest_route=\/wp\/v2\/types\/post"}],"author":[{"embeddable":true,"href":"https:\/\/esreviral.com\/index.php?rest_route=\/wp\/v2\/users\/3"}],"replies":[{"embeddable":true,"href":"https:\/\/esreviral.com\/index.php?rest_route=%2Fwp%2Fv2%2Fcomments&post=65781"}],"version-history":[{"count":0,"href":"https:\/\/esreviral.com\/index.php?rest_route=\/wp\/v2\/posts\/65781\/revisions"}],"wp:featuredmedia":[{"embeddable":true,"href":"https:\/\/esreviral.com\/index.php?rest_route=\/wp\/v2\/media\/65782"}],"wp:attachment":[{"href":"https:\/\/esreviral.com\/index.php?rest_route=%2Fwp%2Fv2%2Fmedia&parent=65781"}],"wp:term":[{"taxonomy":"category","embeddable":true,"href":"https:\/\/esreviral.com\/index.php?rest_route=%2Fwp%2Fv2%2Fcategories&post=65781"},{"taxonomy":"post_tag","embeddable":true,"href":"https:\/\/esreviral.com\/index.php?rest_route=%2Fwp%2Fv2%2Ftags&post=65781"}],"curies":[{"name":"wp","href":"https:\/\/api.w.org\/{rel}","templated":true}]}}