{"id":65672,"date":"2024-12-09T13:56:32","date_gmt":"2024-12-09T18:56:32","guid":{"rendered":"https:\/\/esreviral.com\/?p=65672"},"modified":"2024-12-09T13:56:34","modified_gmt":"2024-12-09T18:56:34","slug":"intensa-busqueda-en-los-lagos-de-palermo-un-hombre-se-metio-a-nadar-y-desaparecio","status":"publish","type":"post","link":"https:\/\/esreviral.com\/?p=65672","title":{"rendered":"Intensa b\u00fasqueda en los Lagos de Palermo: un hombre se meti\u00f3 a nadar y desapareci\u00f3"},"content":{"rendered":"\n<p>Un gran operativo se lleva a cabo en los<strong> lagos de Palermo<\/strong> para encontrar a un hombre<strong> que se sumergi\u00f3 en el agua y no volvi\u00f3 a salir. En el lugar trabajan efectivos del SAME, Bomberos y un equipo de buzos especializados.<\/strong><\/p>\n\n\n\n<p>El hecho ocurri\u00f3 minutos antes de las 14:00, cuando el hombre ingres\u00f3 al <strong>Lago de Regatas,<\/strong> frente al monumento a Juan Manuel Fangio. Varias personas que transitaban por la zona lo vieron sumergirse, pero al no verlo emerger, alertaron al 911.<\/p>\n\n\n\n<p class=\"has-text-align-center\"><em><strong><em><strong><em><strong><em><strong><a href=\"https:\/\/t.me\/esreviral\">\u00daNETE A NUESTRO CANAL DE TELEGRAM PARA ESTAR INFORMADO<\/a><\/strong><\/em><\/strong><\/em><\/strong><\/em><\/strong><\/em><\/p>\n\n\n\n<blockquote class=\"twitter-tweet\"><p lang=\"es\" dir=\"ltr\"><a href=\"https:\/\/twitter.com\/hashtag\/09Dic?src=hash&amp;ref_src=twsrc%5Etfw\">#09Dic<\/a> Un hombre se arroj\u00f3 a los lagos de Palermo y montaron un importante operativo para intentar rescatarlo <a href=\"https:\/\/t.co\/r0YgdyaIB3\">pic.twitter.com\/r0YgdyaIB3<\/a><\/p>&mdash; ES RE VIRAL (@esreviral) <a href=\"https:\/\/twitter.com\/esreviral\/status\/1866192732256960973?ref_src=twsrc%5Etfw\">December 9, 2024<\/a><\/blockquote> <script async src=\"https:\/\/platform.twitter.com\/widgets.js\" charset=\"utf-8\"><\/script>\n\n\n\n<p><\/p>\n\n\n\n<p>Las autoridades encontraron sus zapatos negros en la orilla. Testigos que dieron aviso a la Polic\u00eda indicaron que la persona aparentemente se encontraba en estado de ebriedad, seg\u00fan precisaron fuentes policiales.<\/p>\n\n\n\n<p>De inmediato, personal de la Comisar\u00eda Vecinal 14-C de la Polic\u00eda de la Ciudad acudi\u00f3 al lugar junto con buzos del Grupo Especial de Rescate (GER), una divisi\u00f3n de los Bomberos especializada en la b\u00fasqueda de personas en entornos acu\u00e1ticos. Adem\u00e1s, se sum\u00f3 el apoyo de un equipo de profesionales con un kayak para asistir en la superficie.<\/p>\n\n\n\n<p>El GER comenz\u00f3 las tareas de fondeo, mientras que el SAME tiene una ambulancia y m\u00e9dicos listos para atender al hombre en caso de que lo encuentren con signos vitales. El operativo cuenta con la participaci\u00f3n de alrededor de 40 personas.<\/p>\n\n\n\n<p><em><strong>Noticia que est\u00e1 siendo actualizada.-<\/strong><\/em><\/p>\n\n\n\n<p class=\"has-text-align-center\"><strong><a href=\"https:\/\/chat.whatsapp.com\/KWkTmakY3I05kNdd2oZl6d\"><em>\u00daNETE A NUESTRO GRUPO DE WHATSAPP PARA ESTAR INFORMADO<\/em><\/a><\/strong><\/p>\n\n\n\n<p><\/p>\n","protected":false},"excerpt":{"rendered":"<p>Se despliega un gran operativo en la zona para intentar encontrarlo. Usuarios que transitaban por all\u00ed vieron toda la secuencia y llamaron al 911.<\/p>\n","protected":false},"author":3,"featured_media":65673,"comment_status":"closed","ping_status":"closed","sticky":false,"template":"","format":"standard","meta":{"jnews-multi-image_gallery":[],"jnews_single_post":{"format":"standard"},"jnews_primary_category":[],"jnews_social_meta":[],"jnews_review":[],"enable_review":"","type":"","name":"","summary":"","brand":"","sku":"","good":[],"bad":[],"score_override":"","override_value":"","rating":[],"price":[],"jnews_override_counter":[],"jnews_post_split":[],"footnotes":""},"categories":[58,64],"tags":[44,21257,12356,45,784,3115,2847],"class_list":["post-65672","post","type-post","status-publish","format-standard","has-post-thumbnail","hentry","category-argentina","category-sucesos","tag-argentina","tag-lago-de-regatas","tag-lagos-de-palermo","tag-noticias","tag-palermo","tag-policia-2","tag-same"],"amp_enabled":true,"_links":{"self":[{"href":"https:\/\/esreviral.com\/index.php?rest_route=\/wp\/v2\/posts\/65672"}],"collection":[{"href":"https:\/\/esreviral.com\/index.php?rest_route=\/wp\/v2\/posts"}],"about":[{"href":"https:\/\/esreviral.com\/index.php?rest_route=\/wp\/v2\/types\/post"}],"author":[{"embeddable":true,"href":"https:\/\/esreviral.com\/index.php?rest_route=\/wp\/v2\/users\/3"}],"replies":[{"embeddable":true,"href":"https:\/\/esreviral.com\/index.php?rest_route=%2Fwp%2Fv2%2Fcomments&post=65672"}],"version-history":[{"count":0,"href":"https:\/\/esreviral.com\/index.php?rest_route=\/wp\/v2\/posts\/65672\/revisions"}],"wp:featuredmedia":[{"embeddable":true,"href":"https:\/\/esreviral.com\/index.php?rest_route=\/wp\/v2\/media\/65673"}],"wp:attachment":[{"href":"https:\/\/esreviral.com\/index.php?rest_route=%2Fwp%2Fv2%2Fmedia&parent=65672"}],"wp:term":[{"taxonomy":"category","embeddable":true,"href":"https:\/\/esreviral.com\/index.php?rest_route=%2Fwp%2Fv2%2Fcategories&post=65672"},{"taxonomy":"post_tag","embeddable":true,"href":"https:\/\/esreviral.com\/index.php?rest_route=%2Fwp%2Fv2%2Ftags&post=65672"}],"curies":[{"name":"wp","href":"https:\/\/api.w.org\/{rel}","templated":true}]}}