{"id":65618,"date":"2024-12-09T08:13:44","date_gmt":"2024-12-09T13:13:44","guid":{"rendered":"https:\/\/esreviral.com\/?p=65618"},"modified":"2024-12-09T08:34:11","modified_gmt":"2024-12-09T13:34:11","slug":"tierra-de-nadie-mataron-a-tiros-una-enfermera-para-robarle-el-auto-en-la-matanza","status":"publish","type":"post","link":"https:\/\/esreviral.com\/?p=65618","title":{"rendered":"Tierra de nadie: Mataron a tiros una enfermera para robarle el auto en La Matanza"},"content":{"rendered":"\n<p><strong>La inseguridad y la violencia no conocen de d\u00edas ni horarios <\/strong>en algunos sectores del conurbano bonaerense que se transformaron en tierra f\u00e9rtil para ladrones que cometen todo tipo de delitos, y en algunos casos se suma un final tr\u00e1gico.<\/p>\n\n\n\n<p>Esto fue lo que le pas\u00f3 anteayer, minutos antes del mediod\u00eda, a Eliana G\u00f3mez, una enfermera del Hospital Churruca de 37 a\u00f1os de edad, y personal civil auxiliar de la Polic\u00eda Federal Argentina (PFA), que<strong> fue asesinada de un disparo en la sien durante un violento asalto frente a su domicilio en Rafael Castillo, partido de La Matanza.<\/strong><\/p>\n\n\n\n<p>El hecho, que qued\u00f3 grabado en una c\u00e1mara de seguridad, ocurri\u00f3 en la intersecci\u00f3n de Luis Vernet y Olivieri,<strong> cuando dos hombres que se mov\u00edan a pie la interceptaron para robarle su veh\u00edculo, un auto marca Fiat modelo Argo de color rojo.<\/strong><\/p>\n\n\n\n<p><strong><a href=\"https:\/\/chat.whatsapp.com\/KWkTmakY3I05kNdd2oZl6d\"><em>\u00daNETE A NUESTRO GRUPO DE WHATSAPP PARA ESTAR INFORMADO<\/em><\/a><\/strong><\/p>\n\n\n\n<p>En el video de una c\u00e1mara instalada a media cuadra del lugar del crimen se logra captar parte de lo ocurrido, que fue relatado por una testigo a los investigadores. La enfermera, que viv\u00eda junto a su madre, <strong>estaba dentro del veh\u00edculo cuando fue abordada por los dos delincuentes. La conductora habr\u00eda intentado evitar el asalto y eso deriv\u00f3 en el crimen.<\/strong><\/p>\n\n\n\n<blockquote class=\"twitter-tweet\" data-media-max-width=\"560\"><p lang=\"es\" dir=\"ltr\"><a href=\"https:\/\/twitter.com\/hashtag\/LaMatanza?src=hash&amp;ref_src=twsrc%5Etfw\">#LaMatanza<\/a> Una enfermera fue asesinada por dos delincuentes, que le dispararon para robarle el auto. La v\u00edctima, identificada como Eliana Vanesa G\u00f3mez, ten\u00eda 37 a\u00f1os y trabajaba en el Hospital Churruca Visca. Buscan a los asesinos que terminaron escapando a pie luego de chocar el\u2026 <a href=\"https:\/\/t.co\/I4WR2DCtKU\">pic.twitter.com\/I4WR2DCtKU<\/a><\/p>&mdash; Hechos y Derecho (@Hechosanderecho) <a href=\"https:\/\/twitter.com\/Hechosanderecho\/status\/1865903400023453864?ref_src=twsrc%5Etfw\">December 8, 2024<\/a><\/blockquote> <script async src=\"https:\/\/platform.twitter.com\/widgets.js\" charset=\"utf-8\"><\/script>\n\n\n\n<p>\u201cUna testigo presencial declar\u00f3 que cuando ella traba la puerta, uno de los ladrones rompe el vidrio con el arma. Esta mujer, que ve la secuencia, sali\u00f3 corriendo para llamar al 911 y en ese momento oy\u00f3 un disparo. Se dio vuelta y vio que los dos ladrones se quedaron inm\u00f3viles y salieron corriendo para intentar robar la camioneta de un hombre a pocos metros. Este se\u00f1or les dijo que estaba pinchada y que no iban a poder escapar. Por eso, volvieron al auto donde estaba la enfermera, la sacaron, la dejaron tirada en la calle y huyeron\u201d, explic\u00f3 a la nacion uno de los investigadores.<\/p>\n\n\n\n<p>Seg\u00fan las fuentes consultadas, escaparon a gran velocidad de la escena del crimen y a unas 12 cuadras, en Alvear y Larsen, chocaron contra una camioneta marca Ford, modelo EcoSport, de color negro, en la que iban un padre y su hijo.<\/p>\n\n\n\n<p>\u201cTras ese choque, dejaron el auto y se escaparon corriendo. Por suerte a los que iban en la EcoSport no les pas\u00f3 nada ni les hicieron nada\u201d, detallaron.<\/p>\n\n\n\n<p>Tras o\u00edr el disparo, los vecinos salieron a la calle y asistieron a la mujer, que fue trasladada al Hospital General de Agudos Ren\u00e9 Favaloro. Sin embargo, pocos minutos despu\u00e9s se confirm\u00f3 su fallecimiento debido a la gravedad de las lesiones.<\/p>\n\n\n\n<p><em><strong><em><strong><em><strong><em><strong><a href=\"https:\/\/t.me\/esreviral\">\u00daNETE A NUESTRO CANAL DE TELEGRAM PARA ESTAR INFORMADO<\/a><\/strong><\/em><\/strong><\/em><\/strong><\/em><\/strong><\/em><\/p>\n\n\n\n<p>Comandados por el fiscal Adri\u00e1n Carlos Arribas, titular de la Unidad Funcional de Instrucci\u00f3n (UFI) de Homicidios de La Matanza, horas despu\u00e9s comenz\u00f3 un trabajo conjunto entre efectivos de la Jefatura Departamental de La Matanza, de la Direcci\u00f3n Departamental de Investigaciones de la polic\u00eda bonaerense, adem\u00e1s de la Polic\u00eda Federal, debido a que G\u00f3mez era personal de la fuerza al trabajar en el centro de salud que atiende a los efectivos de esa fuerza de seguridad.<\/p>\n\n\n\n<p>Las tareas conjuntas permitieron identificar a uno de los presuntos autores, alias Toscanito, de 37 a\u00f1os. En un allanamiento en su domicilio, en Lavadero 281, no lograron dar con el pr\u00f3fugo. Sin embargo, durante un rastrillaje, la polic\u00eda ubic\u00f3 a la pareja del presunto asesino, Alejandra Campos, de 38 a\u00f1os, en la Plaza San Jos\u00e9, quien fue llevada a la comisar\u00eda para declarar.<\/p>\n\n\n\n<p>\u201cLa mujer nos cont\u00f3 que su pareja hac\u00eda solo dos meses hab\u00eda recuperado su libertad\u201d, explicaron a los investigadores que la nacion afirmaron que el pr\u00f3fugo ten\u00eda un frondoso prontuario por robo, principalmente, a la propiedad.<\/p>\n\n\n\n<p>En tanto, el otro ladr\u00f3n a\u00fan no pudo ser identificado por los investigadores.<\/p>\n\n\n\n<p><strong><mark style=\"background-color:rgba(0, 0, 0, 0)\" class=\"has-inline-color has-vivid-red-color\">Capturado el femicida<\/mark><\/strong><\/p>\n\n\n\n<p><strong>Un hombre de 37 a\u00f1os fue detenido<\/strong>&nbsp;este domingo acusado de ser el principal sospechoso del&nbsp;crimen de la enfermera Eliana Vanesa G\u00f3mez&nbsp;ocurrido durante un robo en el oeste del Gran Buenos Aires. <\/p>\n\n\n\n<p>El aprehendido fue identificado como<strong>&nbsp;Mariano Jonatan \u201cToscanito\u201d Macena<\/strong>, a quien los efectivos de la Divisi\u00f3n Homicidios de la Polic\u00eda Federal encontraron en la Plaza Atalaya del conurbano tras un operativo conjunto con la Polic\u00eda bonaerense.<\/p>\n\n\n\n<p class=\"has-text-align-right\"><strong><em>Con info de Cr\u00f3nica y LN.-<\/em><\/strong><\/p>\n\n\n\n<p><br><\/p>\n\n\n\n<figure class=\"wp-block-image size-large\"><img decoding=\"async\" src=\"https:\/\/pbs.twimg.com\/media\/GeWgAapWoAAkere?format=png&amp;name=900x900\" alt=\"\"\/><\/figure>\n\n\n\n<p><br><\/p>\n","protected":false},"excerpt":{"rendered":"<p>La inseguridad y la violencia no conocen de d\u00edas ni horarios en algunos sectores del conurbano bonaerense que se transformaron en tierra f\u00e9rtil para ladrones que cometen todo tipo de delitos, y en algunos casos se suma un final tr\u00e1gico. Esto fue lo que le pas\u00f3 anteayer, minutos antes del mediod\u00eda, a Eliana G\u00f3mez, una [&hellip;]<\/p>\n","protected":false},"author":2,"featured_media":65620,"comment_status":"closed","ping_status":"","sticky":false,"template":"","format":"standard","meta":{"jnews-multi-image_gallery":[],"jnews_single_post":{"format":"standard"},"jnews_primary_category":[],"jnews_social_meta":[],"jnews_review":[],"enable_review":"","type":"","name":"","summary":"","brand":"","sku":"","good":[],"bad":[],"score_override":"","override_value":"","rating":[],"price":[],"jnews_override_counter":[],"jnews_post_split":[],"footnotes":""},"categories":[64],"tags":[44,449,555,940,564,45,130,65],"class_list":["post-65618","post","type-post","status-publish","format-standard","has-post-thumbnail","hentry","category-sucesos","tag-argentina","tag-enfermera","tag-femicidio","tag-inseguridad","tag-la-matanza","tag-noticias","tag-robo","tag-sucesos"],"amp_enabled":true,"_links":{"self":[{"href":"https:\/\/esreviral.com\/index.php?rest_route=\/wp\/v2\/posts\/65618"}],"collection":[{"href":"https:\/\/esreviral.com\/index.php?rest_route=\/wp\/v2\/posts"}],"about":[{"href":"https:\/\/esreviral.com\/index.php?rest_route=\/wp\/v2\/types\/post"}],"author":[{"embeddable":true,"href":"https:\/\/esreviral.com\/index.php?rest_route=\/wp\/v2\/users\/2"}],"replies":[{"embeddable":true,"href":"https:\/\/esreviral.com\/index.php?rest_route=%2Fwp%2Fv2%2Fcomments&post=65618"}],"version-history":[{"count":0,"href":"https:\/\/esreviral.com\/index.php?rest_route=\/wp\/v2\/posts\/65618\/revisions"}],"wp:featuredmedia":[{"embeddable":true,"href":"https:\/\/esreviral.com\/index.php?rest_route=\/wp\/v2\/media\/65620"}],"wp:attachment":[{"href":"https:\/\/esreviral.com\/index.php?rest_route=%2Fwp%2Fv2%2Fmedia&parent=65618"}],"wp:term":[{"taxonomy":"category","embeddable":true,"href":"https:\/\/esreviral.com\/index.php?rest_route=%2Fwp%2Fv2%2Fcategories&post=65618"},{"taxonomy":"post_tag","embeddable":true,"href":"https:\/\/esreviral.com\/index.php?rest_route=%2Fwp%2Fv2%2Ftags&post=65618"}],"curies":[{"name":"wp","href":"https:\/\/api.w.org\/{rel}","templated":true}]}}