{"id":65601,"date":"2024-12-09T07:23:59","date_gmt":"2024-12-09T12:23:59","guid":{"rendered":"https:\/\/esreviral.com\/?p=65601"},"modified":"2024-12-09T08:36:26","modified_gmt":"2024-12-09T13:36:26","slug":"el-kremlin-se-rehusa-a-confirmar-la-presencia-de-al-asad-en-rusia-no-hay-nada-que-decir","status":"publish","type":"post","link":"https:\/\/esreviral.com\/?p=65601","title":{"rendered":"Sin apoyo internacional: Se desconoce el paradero del exdictador sirio"},"content":{"rendered":"\n<p>El Kremlin no confirm\u00f3 los informes sobre la presunta llegada a Rusia del expresidente sirio <strong>Bashar al-Assad<\/strong>, quien habr\u00eda recibido asilo pol\u00edtico junto a su familia tras su destituci\u00f3n en Siria. Fuentes citadas por medios rusos, como la agencia Interfax, aseguraron que el l\u00edder sirio se encuentra en Mosc\u00fa por <strong>\u00abmotivos humanitarios\u00bb.<\/strong><\/p>\n\n\n\n<p>El portavoz del Kremlin, <strong>Dmitri Peskov<\/strong>, neg\u00f3 cualquier declaraci\u00f3n oficial sobre el paradero del depuesto mandatario:<br><em>\u00ab<strong>En cuanto al paradero del presidente al-Assad, no tengo nada que decirles. Lo ocurrido sorprendi\u00f3 al mundo entero; nosotros no somos una excepci\u00f3n<\/strong>\u00ab<\/em>, coment\u00f3.<\/p>\n\n\n\n<p class=\"has-text-align-center\"><em><strong><em><strong><em><strong><em><strong><a href=\"https:\/\/t.me\/esreviral\">\u00daNETE A NUESTRO CANAL DE TELEGRAM PARA ESTAR INFORMADO<\/a><\/strong><\/em><\/strong><\/em><\/strong><\/em><\/strong><\/em><\/p>\n\n\n\n<h3 class=\"wp-block-heading\"><strong><mark style=\"background-color:rgba(0, 0, 0, 0)\" class=\"has-inline-color has-vivid-red-color\">La ca\u00edda de al-Assad y su huida<\/mark><\/strong><\/h3>\n\n\n\n<p>Bashar al-Assad, quien gobern\u00f3 Siria durante 24 a\u00f1os tras suceder a su padre, <strong>Hafez al-Assad<\/strong>, perdi\u00f3 el control del pa\u00eds luego de una ofensiva rebelde liderada por grupos islamistas, que tomaron la capital, <strong>Damasco<\/strong>, el pasado 27 de noviembre.<\/p>\n\n\n\n<p>Desde el Kremlin, las autoridades habr\u00edan decidido otorgar asilo al l\u00edder sirio, aliado cercano de Rusia durante su mandato, por razones humanitarias. Sin embargo, los eventos desataron celebraciones masivas en Siria, donde miles de ciudadanos salieron a las calles a festejar el fin del r\u00e9gimen. Im\u00e1genes de la se\u00f1al local <strong>AFPTV<\/strong> mostraron multitudes destruyendo s\u00edmbolos de los al-Assad, incluida una estatua de Hafez al-Assad.<\/p>\n\n\n\n<h3 class=\"wp-block-heading\"><strong><mark style=\"background-color:rgba(0, 0, 0, 0)\" class=\"has-inline-color has-vivid-red-color\">Escenarios de caos en Damasco<\/mark><\/strong><\/h3>\n\n\n\n<p>La residencia oficial de al-Assad fue saqueada, mientras la alianza rebelde <strong>Hayat Tahrir al-Sham (HTS)<\/strong>, liderada por <strong>Abu Mohamed al-Jolani<\/strong>, declar\u00f3 toque de queda en la capital desde las 16:00 hasta las 5:00 del lunes. Al-Jolani se dirigi\u00f3 a la naci\u00f3n desde la hist\u00f3rica mezquita de los Omeyas, marcando simb\u00f3licamente la victoria de los rebeldes.<\/p>\n\n\n\n<p>Seg\u00fan el Observatorio Sirio de Derechos Humanos (<strong>OSDH<\/strong>), la ofensiva dej\u00f3 al menos <strong>910 muertos<\/strong>, incluidos <strong>138 civiles<\/strong>, y desplaz\u00f3 a m\u00e1s de <strong>370,000 personas<\/strong>, seg\u00fan cifras de la <strong>ONU<\/strong>.<\/p>\n\n\n\n<h3 class=\"wp-block-heading\"><strong><mark style=\"background-color:rgba(0, 0, 0, 0)\" class=\"has-inline-color has-vivid-red-color\">El papel de Rusia en el conflicto sirio<\/mark><\/strong><\/h3>\n\n\n\n<p>Durante m\u00e1s de una d\u00e9cada, Rusia fue el principal aliado de al-Assad, proporcion\u00e1ndole apoyo militar y recursos para combatir a las fuerzas rebeldes. Sin embargo, el levantamiento de los yihadistas termin\u00f3 por desestabilizar el r\u00e9gimen y forz\u00f3 al mandatario a buscar refugio fuera del pa\u00eds.<\/p>\n\n\n\n<p>La situaci\u00f3n en Siria deja al pa\u00eds en un estado de incertidumbre, mientras el control de Damasco por los islamistas abre una nueva etapa en el prolongado conflicto iniciado en 2011 tras la represi\u00f3n de manifestaciones prodemocracia.<\/p>\n\n\n\n<p class=\"has-text-align-center\"><strong><a href=\"https:\/\/chat.whatsapp.com\/KWkTmakY3I05kNdd2oZl6d\"><em>\u00daNETE A NUESTRO GRUPO DE WHATSAPP PARA ESTAR INFORMADO<\/em><\/a><\/strong><\/p>\n","protected":false},"excerpt":{"rendered":"<p>\u00abEn cuanto al paradero del presidente Al Assad, no tengo nada que decirles\u00bb, dijo el portavoz del Kremlin. En la v\u00edspera fuentes oficiales aseguraron que le pa\u00eds le dio asilo al mandatario derrocado y a su familia.<\/p>\n","protected":false},"author":3,"featured_media":65602,"comment_status":"closed","ping_status":"closed","sticky":false,"template":"","format":"standard","meta":{"jnews-multi-image_gallery":[],"jnews_single_post":{"format":"standard"},"jnews_primary_category":[],"jnews_social_meta":[],"jnews_review":[],"enable_review":"","type":"","name":"","summary":"","brand":"","sku":"","good":[],"bad":[],"score_override":"","override_value":"","rating":[],"price":[],"jnews_override_counter":[],"jnews_post_split":[],"footnotes":""},"categories":[88],"tags":[21124,45,21127,235,6916],"class_list":["post-65601","post","type-post","status-publish","format-standard","has-post-thumbnail","hentry","category-internacionales","tag-bashar-al-assad","tag-noticias","tag-presidente-de-siria","tag-rusia","tag-siria"],"_links":{"self":[{"href":"https:\/\/esreviral.com\/index.php?rest_route=\/wp\/v2\/posts\/65601","targetHints":{"allow":["GET"]}}],"collection":[{"href":"https:\/\/esreviral.com\/index.php?rest_route=\/wp\/v2\/posts"}],"about":[{"href":"https:\/\/esreviral.com\/index.php?rest_route=\/wp\/v2\/types\/post"}],"author":[{"embeddable":true,"href":"https:\/\/esreviral.com\/index.php?rest_route=\/wp\/v2\/users\/3"}],"replies":[{"embeddable":true,"href":"https:\/\/esreviral.com\/index.php?rest_route=%2Fwp%2Fv2%2Fcomments&post=65601"}],"version-history":[{"count":0,"href":"https:\/\/esreviral.com\/index.php?rest_route=\/wp\/v2\/posts\/65601\/revisions"}],"wp:featuredmedia":[{"embeddable":true,"href":"https:\/\/esreviral.com\/index.php?rest_route=\/wp\/v2\/media\/65602"}],"wp:attachment":[{"href":"https:\/\/esreviral.com\/index.php?rest_route=%2Fwp%2Fv2%2Fmedia&parent=65601"}],"wp:term":[{"taxonomy":"category","embeddable":true,"href":"https:\/\/esreviral.com\/index.php?rest_route=%2Fwp%2Fv2%2Fcategories&post=65601"},{"taxonomy":"post_tag","embeddable":true,"href":"https:\/\/esreviral.com\/index.php?rest_route=%2Fwp%2Fv2%2Ftags&post=65601"}],"curies":[{"name":"wp","href":"https:\/\/api.w.org\/{rel}","templated":true}]}}