{"id":65578,"date":"2024-12-07T11:45:32","date_gmt":"2024-12-07T16:45:32","guid":{"rendered":"https:\/\/esreviral.com\/?p=65578"},"modified":"2024-12-07T11:45:33","modified_gmt":"2024-12-07T16:45:33","slug":"subastaran-un-mechon-de-pelo-de-maradona-cuanto-vale","status":"publish","type":"post","link":"https:\/\/esreviral.com\/?p=65578","title":{"rendered":"Subastar\u00e1n un mech\u00f3n de pelo de Maradona \u00bfCu\u00e1nto vale?"},"content":{"rendered":"\n<p>El pr\u00f3ximo 15 de diciembre, Par\u00eds ser\u00e1 escenario de una exclusiva subasta de objetos vinculados a grandes figuras del deporte. Entre los art\u00edculos m\u00e1s llamativos destaca un mech\u00f3n de cabello de Diego Armando Maradona, de aproximadamente cuatro cent\u00edmetros de largo.<\/p>\n\n\n\n<h3 class=\"wp-block-heading\"><strong><mark style=\"background-color:rgba(0, 0, 0, 0)\" class=\"has-inline-color has-vivid-red-color\">El mech\u00f3n de Maradona: una pieza singular<\/mark><\/strong><\/h3>\n\n\n\n<p>Seg\u00fan Fran\u00e7ois Thierry, experto en deportes de la casa de subastas Aguttes, el mech\u00f3n fue cortado por Stefano Ceci, amigo cercano de Maradona, en 2018 en Dub\u00e1i. La expectativa es recaudar entre <strong>35.000 y 50.000 euros<\/strong> por este art\u00edculo \u00fanico.<\/p>\n\n\n\n<p class=\"has-text-align-center\"><em><strong><em><strong><em><strong><em><strong><a href=\"https:\/\/t.me\/esreviral\">\u00daNETE A NUESTRO CANAL DE TELEGRAM PARA ESTAR INFORMADO<\/a><\/strong><\/em><\/strong><\/em><\/strong><\/em><\/strong><\/em><\/p>\n\n\n\n<h3 class=\"wp-block-heading\"><strong><mark style=\"background-color:rgba(0, 0, 0, 0)\" class=\"has-inline-color has-vivid-red-color\">M\u00e1s reliquias del astro argentino<\/mark><\/strong><\/h3>\n\n\n\n<p>Otro objeto destacado es una camiseta conmemorativa de Maradona, creada en 2017 para los 30 a\u00f1os de la hist\u00f3rica victoria argentina en el Mundial de Italia 1986. La prenda, que tiene impresa la famosa mano izquierda del astro junto a una dedicatoria, se estima entre <strong>40.000 y 80.000 euros<\/strong>.<\/p>\n\n\n\n<h3 class=\"wp-block-heading\"><strong><mark style=\"background-color:rgba(0, 0, 0, 0)\" class=\"has-inline-color has-vivid-red-color\">Reliquias de otros \u00edconos del deporte<\/mark><\/strong><\/h3>\n\n\n\n<p>La subasta tambi\u00e9n incluye la camiseta n\u00famero \u00ab9\u00bb que Ronaldo Naz\u00e1rio us\u00f3 en el segundo tiempo de la final del Mundial de 1998 entre Brasil y Francia. Se espera que esta prenda, que muestra se\u00f1ales de uso como manchas, alcance un valor entre <strong>40.000 y 80.000 euros<\/strong>.<\/p>\n\n\n\n<p>\u201cEs la camiseta que llev\u00f3 despu\u00e9s de sufrir una crisis psicol\u00f3gica que casi lo deja fuera del partido\u201d, record\u00f3 Thierry, destacando el contexto hist\u00f3rico detr\u00e1s de la pieza.<\/p>\n\n\n\n<p><strong><mark style=\"background-color:rgba(0, 0, 0, 0)\" class=\"has-inline-color has-vivid-red-color\">Adem\u00e1s, estar\u00e1n disponibles:<\/mark><\/strong><\/p>\n\n\n\n<ul class=\"wp-block-list\">\n<li><strong>Una raqueta de Roger Federer<\/strong> utilizada en la final de Wimbledon 2005.<\/li>\n\n\n\n<li><strong>El cintur\u00f3n de campe\u00f3n del mundo<\/strong> de Evander Holyfield, obtenido en 1996.<\/li>\n<\/ul>\n\n\n\n<p>La subasta promete ser un evento \u00fanico para coleccionistas y apasionados del deporte, con piezas que combinan historia, emoci\u00f3n y valor simb\u00f3lico.<\/p>\n\n\n\n<p><\/p>\n\n\n\n<p class=\"has-text-align-center\"><strong><a href=\"https:\/\/chat.whatsapp.com\/KWkTmakY3I05kNdd2oZl6d\"><em>\u00daNETE A NUESTRO GRUPO DE WHATSAPP PARA ESTAR INFORMADO<\/em><\/a><\/strong><\/p>\n","protected":false},"excerpt":{"rendered":"<p>En ese mismo lote se ofrecer\u00e1 tambi\u00e9n una camiseta de la selecci\u00f3n de Argentina dise\u00f1ada expresamente para conmemorar el 30\u00b0 aniversario del t\u00edtulo logrado en el Mundial de M\u00e9xico 1986. Esa prenda, que data de 2017, tiene impresa la mano izquierda de Maradona junto a una dedicatoria del m\u00edtico \u00ab10\u00bb<\/p>\n","protected":false},"author":3,"featured_media":65579,"comment_status":"closed","ping_status":"closed","sticky":false,"template":"","format":"standard","meta":{"jnews-multi-image_gallery":[],"jnews_single_post":{"format":"standard"},"jnews_primary_category":[],"jnews_social_meta":[],"jnews_review":[],"enable_review":"","type":"","name":"","summary":"","brand":"","sku":"","good":[],"bad":[],"score_override":"","override_value":"","rating":[],"price":[],"jnews_override_counter":[],"jnews_post_split":[],"footnotes":""},"categories":[48],"tags":[206,21106,45,21105],"class_list":["post-65578","post","type-post","status-publish","format-standard","has-post-thumbnail","hentry","category-deportes","tag-diego-maradona","tag-mechon-de-pelo","tag-noticias","tag-subasta"],"amp_enabled":true,"_links":{"self":[{"href":"https:\/\/esreviral.com\/index.php?rest_route=\/wp\/v2\/posts\/65578"}],"collection":[{"href":"https:\/\/esreviral.com\/index.php?rest_route=\/wp\/v2\/posts"}],"about":[{"href":"https:\/\/esreviral.com\/index.php?rest_route=\/wp\/v2\/types\/post"}],"author":[{"embeddable":true,"href":"https:\/\/esreviral.com\/index.php?rest_route=\/wp\/v2\/users\/3"}],"replies":[{"embeddable":true,"href":"https:\/\/esreviral.com\/index.php?rest_route=%2Fwp%2Fv2%2Fcomments&post=65578"}],"version-history":[{"count":0,"href":"https:\/\/esreviral.com\/index.php?rest_route=\/wp\/v2\/posts\/65578\/revisions"}],"wp:featuredmedia":[{"embeddable":true,"href":"https:\/\/esreviral.com\/index.php?rest_route=\/wp\/v2\/media\/65579"}],"wp:attachment":[{"href":"https:\/\/esreviral.com\/index.php?rest_route=%2Fwp%2Fv2%2Fmedia&parent=65578"}],"wp:term":[{"taxonomy":"category","embeddable":true,"href":"https:\/\/esreviral.com\/index.php?rest_route=%2Fwp%2Fv2%2Fcategories&post=65578"},{"taxonomy":"post_tag","embeddable":true,"href":"https:\/\/esreviral.com\/index.php?rest_route=%2Fwp%2Fv2%2Ftags&post=65578"}],"curies":[{"name":"wp","href":"https:\/\/api.w.org\/{rel}","templated":true}]}}