{"id":65563,"date":"2024-12-07T10:32:53","date_gmt":"2024-12-07T15:32:53","guid":{"rendered":"https:\/\/esreviral.com\/?p=65563"},"modified":"2024-12-07T10:32:54","modified_gmt":"2024-12-07T15:32:54","slug":"cual-es-la-infusion-que-mejora-la-memoria-y-te-ayuda-a-dormir-como-un-bebe","status":"publish","type":"post","link":"https:\/\/esreviral.com\/?p=65563","title":{"rendered":"Cu\u00e1l es la infusi\u00f3n que mejora la memoria y te ayuda a dormir como un beb\u00e9"},"content":{"rendered":"\n<p>En el universo de las infusiones, pocas bebidas pueden competir con los beneficios del <strong>t\u00e9 verde<\/strong>. Conocido desde hace siglos en la medicina tradicional, esta poderosa infusi\u00f3n no solo destaca por su capacidad antioxidante, sino tambi\u00e9n por sus efectos positivos en la memoria y el sue\u00f1o.<\/p>\n\n\n\n<h3 class=\"wp-block-heading\"><strong><mark style=\"background-color:rgba(0, 0, 0, 0)\" class=\"has-inline-color has-vivid-red-color\">Protecci\u00f3n cerebral y mejora de la memoria<\/mark><\/strong><\/h3>\n\n\n\n<p>El t\u00e9 verde contiene una alta concentraci\u00f3n de catequinas, entre ellas la <strong>epigalocatequina galato (EGCG)<\/strong>, un antioxidante que protege las c\u00e9lulas cerebrales del da\u00f1o causado por los radicales libres. Estas mol\u00e9culas inestables est\u00e1n asociadas con el envejecimiento y la disminuci\u00f3n de funciones cognitivas, como la memoria.<\/p>\n\n\n\n<p>Un estudio publicado en el <em>Journal of Nutrition, Health and Aging<\/em> demostr\u00f3 que el consumo regular de t\u00e9 verde mejora significativamente la <strong>memoria de trabajo<\/strong> y la capacidad de retenci\u00f3n y recuperaci\u00f3n de informaci\u00f3n. Adem\u00e1s, los flavonoides presentes en esta bebida aumentan el flujo sangu\u00edneo al cerebro, mejorando su oxigenaci\u00f3n y nutriendo las c\u00e9lulas cerebrales para un rendimiento \u00f3ptimo.<\/p>\n\n\n\n<p class=\"has-text-align-center\"><em><strong><em><strong><em><strong><em><strong><a href=\"https:\/\/t.me\/esreviral\">\u00daNETE A NUESTRO CANAL DE TELEGRAM PARA ESTAR INFORMADO<\/a><\/strong><\/em><\/strong><\/em><\/strong><\/em><\/strong><\/em><\/p>\n\n\n\n<h3 class=\"wp-block-heading\"><strong><mark style=\"background-color:rgba(0, 0, 0, 0)\" class=\"has-inline-color has-vivid-red-color\">Un sue\u00f1o reparador gracias al t\u00e9 verde<\/mark><\/strong><\/h3>\n\n\n\n<p>El t\u00e9 verde tambi\u00e9n es ideal para quienes buscan mejorar la calidad de su sue\u00f1o. Su secreto est\u00e1 en la <strong>L-teanina<\/strong>, un amino\u00e1cido con efectos calmantes que reduce el estr\u00e9s sin generar somnolencia durante el d\u00eda. Este compuesto aumenta las ondas cerebrales theta, vinculadas con los ciclos de sue\u00f1o profundo, esenciales para consolidar la memoria y recuperar energ\u00eda.<\/p>\n\n\n\n<p>La combinaci\u00f3n de L-teanina y la cafe\u00edna natural del t\u00e9 verde crea un equilibrio perfecto: mejora la concentraci\u00f3n y el estado de alerta durante el d\u00eda, mientras facilita la relajaci\u00f3n y el descanso por la noche.<\/p>\n\n\n\n<figure class=\"wp-block-image size-large\"><img decoding=\"async\" src=\"https:\/\/tn.com.ar\/resizer\/v2\/la-infusion-que-mejora-la-memoria-y-te-ayuda-a-dormir-como-un-bebe-foto-freepik-DV7FXNBJ4RB6JDKXBKVVPNGLZY.png?auth=16e829244da7cea8afbeced1cc37b38d8cedb8246a5ea7d252b700aad2eaef06&amp;width=1440\" alt=\"\"\/><\/figure>\n\n\n\n<p><\/p>\n\n\n\n<h3 class=\"wp-block-heading\"><strong><mark style=\"background-color:rgba(0, 0, 0, 0)\" class=\"has-inline-color has-vivid-red-color\">Otros beneficios del t\u00e9 verde<\/mark><\/strong><\/h3>\n\n\n\n<p>Adem\u00e1s de su impacto en la memoria y el sue\u00f1o, el t\u00e9 verde ofrece una amplia gama de ventajas para la salud:<\/p>\n\n\n\n<ul class=\"wp-block-list\">\n<li><strong>Poder antioxidante:<\/strong> combate el envejecimiento prematuro y protege las c\u00e9lulas del cuerpo.<\/li>\n\n\n\n<li><strong>Reducci\u00f3n del estr\u00e9s:<\/strong> regula los niveles de cortisol, promoviendo un estado de calma.<\/li>\n\n\n\n<li><strong>Mejora de la concentraci\u00f3n:<\/strong> estimula el enfoque mental sin los efectos secundarios de estimulantes m\u00e1s agresivos.<\/li>\n<\/ul>\n\n\n\n<h3 class=\"wp-block-heading\"><strong>Consejos para preparar el t\u00e9 verde<\/strong><\/h3>\n\n\n\n<p>Para maximizar sus beneficios, es fundamental preparar el t\u00e9 verde correctamente:<\/p>\n\n\n\n<ol class=\"wp-block-list\">\n<li>Calent\u00e1 el agua entre 70 y 80 \u00b0C (evit\u00e1 que hierva para preservar sus compuestos activos).<\/li>\n\n\n\n<li>Infusion\u00e1 una cucharadita de t\u00e9 verde durante 2-3 minutos.<\/li>\n\n\n\n<li>Consumilo por la ma\u00f1ana para potenciar la memoria o por la tarde para mejorar tu descanso nocturno.<\/li>\n<\/ol>\n\n\n\n<p>Con su equilibrio perfecto entre sabor y propiedades saludables, el t\u00e9 verde es mucho m\u00e1s que una bebida: es un verdadero elixir para cuerpo y mente.<\/p>\n\n\n\n<p><\/p>\n\n\n\n<p class=\"has-text-align-center\"><strong><a href=\"https:\/\/chat.whatsapp.com\/KWkTmakY3I05kNdd2oZl6d\"><em>\u00daNETE A NUESTRO GRUPO DE WHATSAPP PARA ESTAR INFORMADO<\/em><\/a><\/strong><\/p>\n","protected":false},"excerpt":{"rendered":"<p>Seg\u00fan un estudio de Journal of Nutrition, Health and Aging, esta infusi\u00f3n muestra mejoras significativas en la salud.<\/p>\n","protected":false},"author":3,"featured_media":65564,"comment_status":"closed","ping_status":"closed","sticky":false,"template":"","format":"standard","meta":{"jnews-multi-image_gallery":[],"jnews_single_post":{"format":"standard"},"jnews_primary_category":[],"jnews_social_meta":[],"jnews_review":[],"enable_review":"","type":"","name":"","summary":"","brand":"","sku":"","good":[],"bad":[],"score_override":"","override_value":"","rating":[],"price":[],"jnews_override_counter":[],"jnews_post_split":[],"footnotes":""},"categories":[84],"tags":[18519,18257,45,7975,21097],"class_list":["post-65563","post","type-post","status-publish","format-standard","has-post-thumbnail","hentry","category-salud","tag-infusion","tag-memoria","tag-noticias","tag-sueno","tag-te-verde"],"amp_enabled":true,"_links":{"self":[{"href":"https:\/\/esreviral.com\/index.php?rest_route=\/wp\/v2\/posts\/65563"}],"collection":[{"href":"https:\/\/esreviral.com\/index.php?rest_route=\/wp\/v2\/posts"}],"about":[{"href":"https:\/\/esreviral.com\/index.php?rest_route=\/wp\/v2\/types\/post"}],"author":[{"embeddable":true,"href":"https:\/\/esreviral.com\/index.php?rest_route=\/wp\/v2\/users\/3"}],"replies":[{"embeddable":true,"href":"https:\/\/esreviral.com\/index.php?rest_route=%2Fwp%2Fv2%2Fcomments&post=65563"}],"version-history":[{"count":0,"href":"https:\/\/esreviral.com\/index.php?rest_route=\/wp\/v2\/posts\/65563\/revisions"}],"wp:featuredmedia":[{"embeddable":true,"href":"https:\/\/esreviral.com\/index.php?rest_route=\/wp\/v2\/media\/65564"}],"wp:attachment":[{"href":"https:\/\/esreviral.com\/index.php?rest_route=%2Fwp%2Fv2%2Fmedia&parent=65563"}],"wp:term":[{"taxonomy":"category","embeddable":true,"href":"https:\/\/esreviral.com\/index.php?rest_route=%2Fwp%2Fv2%2Fcategories&post=65563"},{"taxonomy":"post_tag","embeddable":true,"href":"https:\/\/esreviral.com\/index.php?rest_route=%2Fwp%2Fv2%2Ftags&post=65563"}],"curies":[{"name":"wp","href":"https:\/\/api.w.org\/{rel}","templated":true}]}}