{"id":65546,"date":"2024-12-07T09:10:56","date_gmt":"2024-12-07T14:10:56","guid":{"rendered":"https:\/\/esreviral.com\/?p=65546"},"modified":"2024-12-07T09:10:58","modified_gmt":"2024-12-07T14:10:58","slug":"linea-d-cerraran-otra-estacion-de-subte-debido-a-reformas-integrales","status":"publish","type":"post","link":"https:\/\/esreviral.com\/?p=65546","title":{"rendered":"L\u00ednea D: Cerrar\u00e1n otra estaci\u00f3n de subte debido a reformas integrales"},"content":{"rendered":"\n<p><strong>A partir del lunes 9 de diciembre, la estaci\u00f3n Palermo de la L\u00ednea D del subte<\/strong> <strong>quedar\u00e1 fuera de servicio temporalmente debido a las obras del Plan de Renovaci\u00f3n Integral de Estaciones<\/strong>, seg\u00fan anunci\u00f3 Emova, la empresa concesionaria del servicio, a trav\u00e9s de sus redes sociales. La interrupci\u00f3n responde a la necesidad de llevar a cabo trabajos de mejora, que incluir\u00e1n impermeabilizaci\u00f3n, pintura, recambio de luminarias y se\u00f1al\u00e9tica, entre otras tareas. Las obras podr\u00edan extenderse aproximadamente tres meses, aunque no se confirm\u00f3 una fecha exacta de reapertura.<\/p>\n\n\n\n<p>En un comunicado publicado en la red social X, Emova inst\u00f3 a los usuarios a planificar sus viajes utilizando estaciones cercanas para minimizar inconvenientes. Adem\u00e1s, recordaron que la estaci\u00f3n Scalabrini Ortiz, tambi\u00e9n de la L\u00ednea D, permanece cerrada desde el 21 de octubre por refacciones similares, con una reapertura prevista para finales de enero de 2025.<\/p>\n\n\n\n<p>Desde Subterr\u00e1neos de Buenos Aires S.E. (SBASE), la empresa a cargo del proyecto, explicaron que el plan busca optimizar la experiencia de los pasajeros mediante la renovaci\u00f3n de accesos, escaleras, andenes y vest\u00edbulos, as\u00ed como la instalaci\u00f3n de sistemas inclusivos como se\u00f1al\u00e9tica en braille. Tambi\u00e9n se colocar\u00e1n nuevos muebles, como bancos, cestos y apoyos isqui\u00e1ticos.<\/p>\n\n\n\n<p class=\"has-text-align-center\"><em><strong><em><strong><em><strong><em><strong><a href=\"https:\/\/t.me\/esreviral\">\u00daNETE A NUESTRO CANAL DE TELEGRAM PARA ESTAR INFORMADO<\/a><\/strong><\/em><\/strong><\/em><\/strong><\/em><\/strong><\/em><\/p>\n\n\n\n<figure class=\"wp-block-image size-large\"><img decoding=\"async\" src=\"https:\/\/www.infobae.com\/resizer\/v2\/Q2UJK5Y5AVA6RAC3KF76KDIXIU.jpg?auth=cf87aedbc8fddb35c711eb181806f868d6c835850409d96504f5dc9cefa899e9&amp;smart=true&amp;width=992&amp;height=661&amp;quality=85\" alt=\"\"\/><\/figure>\n\n\n\n<p><\/p>\n\n\n\n<p>El plan de renovaci\u00f3n se encuentra en su fase final e incluye las estaciones Palermo (L\u00ednea D), Pueyrred\u00f3n (L\u00ednea B) y Lima (L\u00ednea A), as\u00ed como paradores del Premetro, como Somellera, Mariano Acosta y Cecilia Grierson. Durante los primeros meses del a\u00f1o, otras estaciones como Castro Barros, Acoyte, San Mart\u00edn y Facultad de Medicina ya fueron renovadas.<\/p>\n\n\n\n<p><strong><mark style=\"background-color:rgba(0, 0, 0, 0)\" class=\"has-inline-color has-vivid-red-color\">Horario extendido para las l\u00edneas B y H<\/mark><\/strong><br>Por otro lado, el Gobierno porte\u00f1o anunci\u00f3 que las l\u00edneas B y H operar\u00e1n con horario extendido hasta las 2:00 a.m. todos los viernes de diciembre. La medida responde al aumento de pasajeros por los eventos culturales nocturnos en la ciudad, especialmente en la Avenida Corrientes, epicentro de teatros y espect\u00e1culos.<\/p>\n\n\n\n<p>El \u00faltimo tren de la estaci\u00f3n Juan Manuel de Rosas partir\u00e1 a la 1:00, mientras que desde Leandro N. Alem el servicio finalizar\u00e1 a la 1:30. Las estaciones seleccionadas para el horario extendido fueron elegidas estrat\u00e9gicamente por su proximidad a los principales eventos.<\/p>\n\n\n\n<p>Esta extensi\u00f3n de horarios funcionar\u00e1 como prueba piloto y podr\u00eda repetirse en fechas futuras con alta demanda cultural, se\u00f1alaron desde SBASE.<\/p>\n\n\n\n<p class=\"has-text-align-center\"><strong><a href=\"https:\/\/chat.whatsapp.com\/KWkTmakY3I05kNdd2oZl6d\"><em>\u00daNETE A NUESTRO GRUPO DE WHATSAPP PARA ESTAR INFORMADO<\/em><\/a><\/strong><\/p>\n","protected":false},"excerpt":{"rendered":"<p>Ya son dos las estaciones del recorrido que conecta el microcentro porte\u00f1o con el barrio de Belgrano que dejaron de estar disponibles<\/p>\n","protected":false},"author":3,"featured_media":65547,"comment_status":"closed","ping_status":"closed","sticky":false,"template":"","format":"standard","meta":{"jnews-multi-image_gallery":[],"jnews_single_post":{"format":"standard"},"jnews_primary_category":[],"jnews_social_meta":[],"jnews_review":[],"enable_review":"","type":"","name":"","summary":"","brand":"","sku":"","good":[],"bad":[],"score_override":"","override_value":"","rating":[],"price":[],"jnews_override_counter":[],"jnews_post_split":[],"footnotes":""},"categories":[58],"tags":[44,3785,894,3910,45,2379,784,290],"class_list":["post-65546","post","type-post","status-publish","format-standard","has-post-thumbnail","hentry","category-argentina","tag-argentina","tag-cierre","tag-ciudad-de-buenos-aires","tag-linea-d","tag-noticias","tag-obras","tag-palermo","tag-subte"],"amp_enabled":true,"_links":{"self":[{"href":"https:\/\/esreviral.com\/index.php?rest_route=\/wp\/v2\/posts\/65546"}],"collection":[{"href":"https:\/\/esreviral.com\/index.php?rest_route=\/wp\/v2\/posts"}],"about":[{"href":"https:\/\/esreviral.com\/index.php?rest_route=\/wp\/v2\/types\/post"}],"author":[{"embeddable":true,"href":"https:\/\/esreviral.com\/index.php?rest_route=\/wp\/v2\/users\/3"}],"replies":[{"embeddable":true,"href":"https:\/\/esreviral.com\/index.php?rest_route=%2Fwp%2Fv2%2Fcomments&post=65546"}],"version-history":[{"count":0,"href":"https:\/\/esreviral.com\/index.php?rest_route=\/wp\/v2\/posts\/65546\/revisions"}],"wp:featuredmedia":[{"embeddable":true,"href":"https:\/\/esreviral.com\/index.php?rest_route=\/wp\/v2\/media\/65547"}],"wp:attachment":[{"href":"https:\/\/esreviral.com\/index.php?rest_route=%2Fwp%2Fv2%2Fmedia&parent=65546"}],"wp:term":[{"taxonomy":"category","embeddable":true,"href":"https:\/\/esreviral.com\/index.php?rest_route=%2Fwp%2Fv2%2Fcategories&post=65546"},{"taxonomy":"post_tag","embeddable":true,"href":"https:\/\/esreviral.com\/index.php?rest_route=%2Fwp%2Fv2%2Ftags&post=65546"}],"curies":[{"name":"wp","href":"https:\/\/api.w.org\/{rel}","templated":true}]}}