{"id":6554,"date":"2021-05-13T17:08:49","date_gmt":"2021-05-13T20:08:49","guid":{"rendered":"http:\/\/esreviral.com\/?p=6554"},"modified":"2021-05-13T17:08:49","modified_gmt":"2021-05-13T20:08:49","slug":"la-inflacion-en-abril-fue-de-41-en-argentina","status":"publish","type":"post","link":"https:\/\/esreviral.com\/?p=6554","title":{"rendered":"La inflaci\u00f3n en abril fue de 4,1 % en Argentina"},"content":{"rendered":"\n<p>El \u00edndice de precios al consumidor registr\u00f3 en abril un incremento de 4,1%, con lo que en los primeros cuatro meses del a\u00f1o acumul\u00f3 una suba de 17,6%, inform\u00f3 el Instituto Nacional de Estad\u00edstica y Censos (Indec).<\/p>\n\n\n\n<figure class=\"wp-block-embed-twitter wp-block-embed is-type-rich is-provider-twitter\"><div class=\"wp-block-embed__wrapper\">\n<blockquote class=\"twitter-tweet\" data-width=\"500\" data-dnt=\"true\"><p lang=\"es\" dir=\"ltr\"><a href=\"https:\/\/twitter.com\/hashtag\/DatoINDEC?src=hash&amp;ref_src=twsrc%5Etfw\">#DatoINDEC<\/a><br>Los precios al consumidor (<a href=\"https:\/\/twitter.com\/hashtag\/IPC?src=hash&amp;ref_src=twsrc%5Etfw\">#IPC<\/a>) subieron 4,1% en abril de 2021 respecto de marzo y 46,3% interanual. Acumularon un alza de 17,6% en el 1\u00b0 cuatrimestre <a href=\"https:\/\/t.co\/PSpIs3YFHZ\">https:\/\/t.co\/PSpIs3YFHZ<\/a> <a href=\"https:\/\/t.co\/bxP2hNN7TH\">pic.twitter.com\/bxP2hNN7TH<\/a><\/p>&mdash; INDEC Argentina (@INDECArgentina) <a href=\"https:\/\/twitter.com\/INDECArgentina\/status\/1392917588510904321?ref_src=twsrc%5Etfw\">May 13, 2021<\/a><\/blockquote><script async src=\"https:\/\/platform.twitter.com\/widgets.js\" charset=\"utf-8\"><\/script>\n<\/div><\/figure>\n\n\n\n<p>Durante el cuarto mes del a\u00f1o, los alimentos y bebidas no alcoh\u00f3licas aportaron la mayor incidencia sobre la variaci\u00f3n mensual en todas las regiones de la Argentina.<\/p>\n\n\n\n<p>Prendas de vestir y calzado fue la divisi\u00f3n con mayor alza interanual (79,1%) en abril 2021, escoltada por Transporte (52,6%)<\/p>\n\n\n\n<figure class=\"wp-block-image size-large\"><img decoding=\"async\" src=\"https:\/\/pbs.twimg.com\/media\/E1SjfMJXoAQId4p?format=jpg&amp;name=4096x4096\" alt=\"\"\/><\/figure>\n","protected":false},"excerpt":{"rendered":"<p>Durante el cuarto mes del a\u00f1o, los alimentos y bebidas no alcoh\u00f3licas aportaron la mayor incidencia sobre la variaci\u00f3n mensual en todas las regiones de la Argentina<\/p>\n","protected":false},"author":2,"featured_media":6555,"comment_status":"open","ping_status":"open","sticky":false,"template":"","format":"standard","meta":{"jnews-multi-image_gallery":[],"jnews_single_post":[],"jnews_primary_category":[],"jnews_social_meta":[],"jnews_review":[],"enable_review":"","type":"","name":"","summary":"","brand":"","sku":"","good":[],"bad":[],"score_override":"","override_value":"","rating":[],"price":[],"jnews_override_counter":[],"jnews_post_split":[],"footnotes":""},"categories":[61],"tags":[44,62,268],"class_list":["post-6554","post","type-post","status-publish","format-standard","has-post-thumbnail","hentry","category-economia","tag-argentina","tag-economia","tag-inflacion"],"amp_enabled":true,"_links":{"self":[{"href":"https:\/\/esreviral.com\/index.php?rest_route=\/wp\/v2\/posts\/6554"}],"collection":[{"href":"https:\/\/esreviral.com\/index.php?rest_route=\/wp\/v2\/posts"}],"about":[{"href":"https:\/\/esreviral.com\/index.php?rest_route=\/wp\/v2\/types\/post"}],"author":[{"embeddable":true,"href":"https:\/\/esreviral.com\/index.php?rest_route=\/wp\/v2\/users\/2"}],"replies":[{"embeddable":true,"href":"https:\/\/esreviral.com\/index.php?rest_route=%2Fwp%2Fv2%2Fcomments&post=6554"}],"version-history":[{"count":0,"href":"https:\/\/esreviral.com\/index.php?rest_route=\/wp\/v2\/posts\/6554\/revisions"}],"wp:featuredmedia":[{"embeddable":true,"href":"https:\/\/esreviral.com\/index.php?rest_route=\/"}],"wp:attachment":[{"href":"https:\/\/esreviral.com\/index.php?rest_route=%2Fwp%2Fv2%2Fmedia&parent=6554"}],"wp:term":[{"taxonomy":"category","embeddable":true,"href":"https:\/\/esreviral.com\/index.php?rest_route=%2Fwp%2Fv2%2Fcategories&post=6554"},{"taxonomy":"post_tag","embeddable":true,"href":"https:\/\/esreviral.com\/index.php?rest_route=%2Fwp%2Fv2%2Ftags&post=6554"}],"curies":[{"name":"wp","href":"https:\/\/api.w.org\/{rel}","templated":true}]}}