{"id":6551,"date":"2021-05-13T14:15:54","date_gmt":"2021-05-13T17:15:54","guid":{"rendered":"http:\/\/esreviral.com\/?p=6551"},"modified":"2021-05-13T14:15:54","modified_gmt":"2021-05-13T17:15:54","slug":"israel-intensifica-su-ofensiva-en-gaza-mientras-enfrenta-una-ola-de-violencia-interna","status":"publish","type":"post","link":"https:\/\/esreviral.com\/?p=6551","title":{"rendered":"Israel intensifica su ofensiva en Gaza mientras enfrenta una ola de violencia interna"},"content":{"rendered":"\n<p>Los palestinos celebraban este jueves un amargo fin del mes sagrado isl\u00e1mico de Ramad\u00e1n, mientras Israel y Hamas intercambiaban m\u00e1s ataques con cohetes y bombardeos desde y contra Gaza y en Israel se extend\u00eda la violencia entre ciudadanos jud\u00edos y palestinos.<\/p>\n\n\n\n<p>El Ministerio de Salud de Gaza elev\u00f3 a <strong>83 la cifra de palestinos muertos,<\/strong> <strong>entre ellos 17 ni\u00f1os<\/strong>, y a 487 la de heridos en cuatro d\u00edas de ataques a\u00e9reos israel\u00edes en la franja costera, en la mayor escalada desde una gran ofensiva israel\u00ed contra la regi\u00f3n en 2014.<\/p>\n\n\n\n<p>Voceros militares israel\u00edes dijeron que\u00a0<strong>la aviaci\u00f3n bombarde\u00f3 Gaza m\u00e1s de 600 veces desde el lunes\u00a0<\/strong>y que los movimientos armados palestinos Hamas y Yihad Isl\u00e1mica lanzaron m\u00e1s de 1.600 cohetes hacia Israel en ese mismo periodo.<\/p>\n\n\n\n<p>Siete israel\u00edes murieron hasta ahora por los cohetes, entre ellos un ni\u00f1o de seis a\u00f1os y un soldado que fue alcanzado por un misil antitanque.<\/p>\n\n\n\n<p><img decoding=\"async\" src=\"https:\/\/www.telam.com.ar\/advf\/imagenes\/2021\/05\/609d16ddd2778_1004x565.jpg\" alt=\"Esta es la mayor escalada desde una gran ofensiva israel\u00ed contra la regi\u00f3n en 2014\"><\/p>\n\n\n\n<p>La violencia se ha extendido en Israel como nunca antes desde el levantamiento o Intifada palestina de 2000, con una explosi\u00f3n de choques intercomunitarios que abre un nuevo frente que se suma al de Gaza y constituye una seria amenaza a la paz interna del pa\u00eds.<\/p>\n\n\n\n<p>Palestinos de nacionalidad israel\u00ed e israel\u00edes jud\u00edos est\u00e1n recorriendo las calles desbocados, atac\u00e1ndose entre s\u00ed e incendiado propiedades y autos, lo que oblig\u00f3 al Gobierno a cancelar o desviar vuelos desde el aeropuerto de Tel Aviv.<\/p>\n\n\n\n<p>Mientras que la violencia estuvo mayormente confinada a Gaza en las tres ofensivas previas que Israel lanz\u00f3 contra Hamas en Gaza desde 2007, esta vez -que como la Intifada, comenz\u00f3 en Jerusal\u00e9n- est\u00e1 repercutiendo mucho m\u00e1s all\u00e1 de la regi\u00f3n palestina.<\/p>\n\n\n\n<p>Desde que comenzaron las hostilidades a trav\u00e9s de la frontera entre Gaza e Israel, el lunes, la aviaci\u00f3n israel\u00ed derrib\u00f3 ya tres edificios de departamentos en los que, seg\u00fan dijo, hab\u00eda instalaciones de Hamas, luego de advertir a los civiles que los evacuaran.<\/p>\n\n\n\n<p><img decoding=\"async\" src=\"https:\/\/www.telam.com.ar\/advf\/imagenes\/2021\/05\/609d16ddcb2bb_1004x565.jpg\" alt=\"Esta es la mayor escalada desde una gran ofensiva israel\u00ed contra la regi\u00f3n en 2014\"><\/p>\n\n\n\n<p>Yihad Isl\u00e1mica dijo que siete de sus milicianos murieron, mientras que Hamas admiti\u00f3 que uno de sus principales comandantes y varios jefes de su brazo armado tambi\u00e9n fueron muertos en los ataques a\u00e9reos israel\u00edes.<\/p>\n\n\n\n<p>Los palestinos celebran el Eid al-Fitr, que marca el fin del mes sagrado isl\u00e1mico de ayuno y oraci\u00f3n del Ramad\u00e1n, una ocasi\u00f3n en la que las familias salen a hacer compras antes de reunirse por la noche para comer.<\/p>\n\n\n\n<p>En su lugar, Hamas urgi\u00f3 a los fieles a celebrar las oraciones del Eid dentro de sus casas o en la mezquita m\u00e1s cercana, en lugar de al aire libre, como es la tradici\u00f3n.<\/p>\n\n\n\n<p>Aunque la ONU y funcionarios egipcios dijeron que hab\u00eda esfuerzos en curso para lograr una tregua, a\u00fan no hab\u00eda signos de progresos.<\/p>\n\n\n\n<p>Por el contrario, el gabinete de seguridad del primer ministro israel\u00ed, Benjamin Netanyahu, autoriz\u00f3 la noche del mi\u00e9rcoles una ampliaci\u00f3n de la ofensiva contra Gaza, informaron Canal 12 y otros medios israel\u00edes.<\/p>\n\n\n\n<p class=\"has-text-align-right\"><strong><em>Telam.-<\/em><\/strong><\/p>\n","protected":false},"excerpt":{"rendered":"<p>El Ministerio de Salud de Gaza elev\u00f3 a 83 la cifra de palestinos muertos, entre ellos 17 ni\u00f1os, y a 487 la de heridos en cuatro d\u00edas de ataques a\u00e9reos israel\u00edes en la franja costera, en la mayor escalada desde una gran ofensiva israel\u00ed contra la regi\u00f3n en 2014<\/p>\n","protected":false},"author":2,"featured_media":6552,"comment_status":"open","ping_status":"open","sticky":false,"template":"","format":"standard","meta":{"jnews-multi-image_gallery":[],"jnews_single_post":[],"jnews_primary_category":[],"jnews_social_meta":[],"jnews_review":[],"enable_review":"","type":"","name":"","summary":"","brand":"","sku":"","good":[],"bad":[],"score_override":"","override_value":"","rating":[],"price":[],"jnews_override_counter":[],"jnews_post_split":[],"footnotes":""},"categories":[88],"tags":[805,806,45],"class_list":["post-6551","post","type-post","status-publish","format-standard","has-post-thumbnail","hentry","category-internacionales","tag-gaza","tag-israel","tag-noticias"],"amp_enabled":true,"_links":{"self":[{"href":"https:\/\/esreviral.com\/index.php?rest_route=\/wp\/v2\/posts\/6551"}],"collection":[{"href":"https:\/\/esreviral.com\/index.php?rest_route=\/wp\/v2\/posts"}],"about":[{"href":"https:\/\/esreviral.com\/index.php?rest_route=\/wp\/v2\/types\/post"}],"author":[{"embeddable":true,"href":"https:\/\/esreviral.com\/index.php?rest_route=\/wp\/v2\/users\/2"}],"replies":[{"embeddable":true,"href":"https:\/\/esreviral.com\/index.php?rest_route=%2Fwp%2Fv2%2Fcomments&post=6551"}],"version-history":[{"count":0,"href":"https:\/\/esreviral.com\/index.php?rest_route=\/wp\/v2\/posts\/6551\/revisions"}],"wp:featuredmedia":[{"embeddable":true,"href":"https:\/\/esreviral.com\/index.php?rest_route=\/"}],"wp:attachment":[{"href":"https:\/\/esreviral.com\/index.php?rest_route=%2Fwp%2Fv2%2Fmedia&parent=6551"}],"wp:term":[{"taxonomy":"category","embeddable":true,"href":"https:\/\/esreviral.com\/index.php?rest_route=%2Fwp%2Fv2%2Fcategories&post=6551"},{"taxonomy":"post_tag","embeddable":true,"href":"https:\/\/esreviral.com\/index.php?rest_route=%2Fwp%2Fv2%2Ftags&post=6551"}],"curies":[{"name":"wp","href":"https:\/\/api.w.org\/{rel}","templated":true}]}}