{"id":65505,"date":"2024-12-06T08:59:32","date_gmt":"2024-12-06T13:59:32","guid":{"rendered":"https:\/\/esreviral.com\/?p=65505"},"modified":"2024-12-06T09:08:37","modified_gmt":"2024-12-06T14:08:37","slug":"tras-25-anos-de-negociaciones-el-mercosur-y-la-union-europea-sellaron-un-acuerdo-de-libre-comercio","status":"publish","type":"post","link":"https:\/\/esreviral.com\/?p=65505","title":{"rendered":"Tras 25 a\u00f1os de negociaciones,\u00a0el Mercosur y la Uni\u00f3n Europea sellaron un acuerdo de libre comercio"},"content":{"rendered":"\n<p>Este viernes, los presidentes del Mercosur y la Uni\u00f3n Europea anunciaron la culminaci\u00f3n de un acuerdo de libre comercio, marcando el fin de 25 a\u00f1os de complejas y prolongadas negociaciones. Este pacto establecer\u00e1 un mercado conjunto que abarcar\u00e1 a m\u00e1s de 700 millones de personas, consolidando un acceso comercial sin precedentes entre ambas regiones.<\/p>\n\n\n\n<p>El anuncio se realiz\u00f3 en Montevideo durante la <strong>65\u00aa Cumbre del Mercosur<\/strong>, con la presencia destacada de l\u00edderes como <strong>Luis Lacalle Pou<\/strong> (Uruguay), <strong>Javier Milei<\/strong> (Argentina), <strong>Lula da Silva<\/strong> (Brasil), <strong>Santiago Pe\u00f1a<\/strong> (Paraguay) y la presidenta de la Comisi\u00f3n Europea, <strong>Ursula von der Leyen<\/strong>, quien hab\u00eda llegado inesperadamente a la ciudad el jueves, lo que ya anticipaba la concreci\u00f3n del acuerdo.<\/p>\n\n\n\n<p><em>\u00abEs un hito hist\u00f3rico\u00bb<\/em>, declar\u00f3 Von der Leyen durante una conferencia de prensa, flanqueada por los l\u00edderes del Mercosur. Por su parte, Javier Milei afirm\u00f3 brevemente: <em>\u00abTodo lo que ayude a flexibilizar, bienvenido\u00bb<\/em>, reflejando su postura favorable hacia este pacto.<\/p>\n\n\n\n<p class=\"has-text-align-center\"><em><strong><em><strong><em><strong><em><strong><a href=\"https:\/\/t.me\/esreviral\">\u00daNETE A NUESTRO CANAL DE TELEGRAM PARA ESTAR INFORMADO<\/a><\/strong><\/em><\/strong><\/em><\/strong><\/em><\/strong><\/em><\/p>\n\n\n\n<h3 class=\"wp-block-heading\"><strong><mark style=\"background-color:rgba(0, 0, 0, 0)\" class=\"has-inline-color has-vivid-red-color\">Un acuerdo largamente esperado<\/mark><\/strong><\/h3>\n\n\n\n<p>El presidente de Paraguay, Santiago Pe\u00f1a, fue el primero en confirmar el \u00e9xito de las negociaciones a primera hora del viernes, despejando los \u00faltimos obst\u00e1culos que su pa\u00eds hab\u00eda planteado en las etapas finales del proceso.<\/p>\n\n\n\n<p>En un comunicado conjunto emitido durante la cumbre, se declar\u00f3 que:<br><em>\u00abLos Estados Partes signatarios del Mercosur \u2014la Rep\u00fablica de Argentina, la Rep\u00fablica Federativa del Brasil, la Rep\u00fablica del Paraguay y la Rep\u00fablica Oriental del Uruguay\u2014 y la Comisi\u00f3n Europea han concluido las negociaciones de un Acuerdo de Asociaci\u00f3n entre las dos regiones, despu\u00e9s de m\u00e1s de dos d\u00e9cadas de discusiones\u00bb.<\/em><\/p>\n\n\n\n<p>El texto, compuesto por tres p\u00e1rrafos, agrega que:<br><em>\u00abA la luz del progreso logrado desde 2023, el Acuerdo de Asociaci\u00f3n entre el Mercosur y la Uni\u00f3n Europea est\u00e1 ahora listo para revisi\u00f3n legal y traducci\u00f3n. Ambos bloques est\u00e1n decididos a llevar a cabo estas actividades en los pr\u00f3ximos meses, con vistas a la futura firma del acuerdo\u00bb.<\/em><\/p>\n\n\n\n<h3 class=\"wp-block-heading\"><strong><mark style=\"background-color:rgba(0, 0, 0, 0)\" class=\"has-inline-color has-vivid-red-color\">Un encuentro cargado de simbolismo<\/mark><\/strong><\/h3>\n\n\n\n<p>El presidente uruguayo, Lacalle Pou, fue el primero en llegar a la sede del bloque, ubicada en la costa de Montevideo, donde recibi\u00f3 a los dem\u00e1s mandatarios y a Von der Leyen, quien lleg\u00f3 acompa\u00f1ada del comisario europeo de Comercio y Seguridad Econ\u00f3mica, <strong>Maros Sefcovic<\/strong>.<\/p>\n\n\n\n<p>Tras la cumbre, los cinco l\u00edderes posaron para una foto oficial y luego se dirigieron a la sala de prensa para dar a conocer el anuncio hist\u00f3rico.<\/p>\n\n\n\n<p>Este acuerdo, que representa un avance significativo en las relaciones comerciales entre Europa y Am\u00e9rica Latina, promete impulsar el desarrollo econ\u00f3mico, la cooperaci\u00f3n bilateral y la integraci\u00f3n de ambas regiones en el escenario global.<\/p>\n\n\n\n<p><strong><em>Noticia en desarrollo&#8230;<\/em><\/strong><\/p>\n\n\n\n<p class=\"has-text-align-center\"><strong><a href=\"https:\/\/chat.whatsapp.com\/KWkTmakY3I05kNdd2oZl6d\"><em>\u00daNETE A NUESTRO GRUPO DE WHATSAPP PARA ESTAR INFORMADO<\/em><\/a><\/strong><\/p>\n","protected":false},"excerpt":{"rendered":"<p>\u00abEs un hito hist\u00f3rico\u00bb, afirm\u00f3 la presidenta de la Comisi\u00f3n Europea, Ursula von der Leyen. Javier Milei dijo en una breve declaraci\u00f3n a la prensa: \u00abtodo lo que ayude a flexibilizar, bienvenido\u00bb.<\/p>\n","protected":false},"author":3,"featured_media":65506,"comment_status":"closed","ping_status":"closed","sticky":false,"template":"","format":"standard","meta":{"jnews-multi-image_gallery":[],"jnews_single_post":{"format":"standard"},"jnews_primary_category":[],"jnews_social_meta":[],"jnews_review":[],"enable_review":"","type":"","name":"","summary":"","brand":"","sku":"","good":[],"bad":[],"score_override":"","override_value":"","rating":[],"price":[],"jnews_override_counter":[],"jnews_post_split":[],"footnotes":""},"categories":[59],"tags":[21065,425,1587],"class_list":["post-65505","post","type-post","status-publish","format-standard","has-post-thumbnail","hentry","category-politica","tag-libre-comercio","tag-mercosur","tag-union-europea"],"amp_enabled":true,"_links":{"self":[{"href":"https:\/\/esreviral.com\/index.php?rest_route=\/wp\/v2\/posts\/65505"}],"collection":[{"href":"https:\/\/esreviral.com\/index.php?rest_route=\/wp\/v2\/posts"}],"about":[{"href":"https:\/\/esreviral.com\/index.php?rest_route=\/wp\/v2\/types\/post"}],"author":[{"embeddable":true,"href":"https:\/\/esreviral.com\/index.php?rest_route=\/wp\/v2\/users\/3"}],"replies":[{"embeddable":true,"href":"https:\/\/esreviral.com\/index.php?rest_route=%2Fwp%2Fv2%2Fcomments&post=65505"}],"version-history":[{"count":0,"href":"https:\/\/esreviral.com\/index.php?rest_route=\/wp\/v2\/posts\/65505\/revisions"}],"wp:featuredmedia":[{"embeddable":true,"href":"https:\/\/esreviral.com\/index.php?rest_route=\/wp\/v2\/media\/65506"}],"wp:attachment":[{"href":"https:\/\/esreviral.com\/index.php?rest_route=%2Fwp%2Fv2%2Fmedia&parent=65505"}],"wp:term":[{"taxonomy":"category","embeddable":true,"href":"https:\/\/esreviral.com\/index.php?rest_route=%2Fwp%2Fv2%2Fcategories&post=65505"},{"taxonomy":"post_tag","embeddable":true,"href":"https:\/\/esreviral.com\/index.php?rest_route=%2Fwp%2Fv2%2Ftags&post=65505"}],"curies":[{"name":"wp","href":"https:\/\/api.w.org\/{rel}","templated":true}]}}