{"id":65464,"date":"2024-12-05T14:56:54","date_gmt":"2024-12-05T19:56:54","guid":{"rendered":"https:\/\/esreviral.com\/?p=65464"},"modified":"2024-12-05T15:01:16","modified_gmt":"2024-12-05T20:01:16","slug":"venezolanos-en-argentina-organizan-festival-para-pedir-por-la-paz-y-la-democracia-en-venezuela","status":"publish","type":"post","link":"https:\/\/esreviral.com\/?p=65464","title":{"rendered":"Venezolanos en Argentina organizan festival para pedir por la paz y la democracia en Venezuela"},"content":{"rendered":"\n<p><strong><em>La asociaci\u00f3n civil Alianza por Venezuela<\/em><\/strong> realizar\u00e1 el pr\u00f3ximo domingo 15 de diciembre en Buenos Aires, Argentina, <strong>su acostumbrado festival navide\u00f1o \u00abVenezuela Siente\u00bb, que este a\u00f1o estar\u00e1 dedicado a pedir por la paz y la democracia en su pa\u00eds.<\/strong><\/p>\n\n\n\n<p>El evento se realizar\u00e1 entre las <strong>13:00 y las 21:00 horas en la Plaza Brasil, ubicada a la salida de la estaci\u00f3n Facultad de Derecho de la l\u00ednea H del Subte, en Recoleta.<\/strong><\/p>\n\n\n\n<p>La jornada contar\u00e1 con la participaci\u00f3n de m\u00e1s de 40 emprendedores gastron\u00f3micos y de artesan\u00edas, adem\u00e1s de agrupaciones musicales de gaitas, tambores y m\u00fasica llanera venezolana.<\/p>\n\n\n\n<p><strong>Alexander Galvis<\/strong>, presidente de Alianza por Venezuela, afirm\u00f3 que \u00ab<strong><em>esta ser\u00e1 una ocasi\u00f3n muy especial porque, adem\u00e1s de generar un espacio para la integraci\u00f3n cultural y reivindicar los aspectos t\u00edpicos de la venezolanidad, a trav\u00e9s de la cultura, la m\u00fasica, la gastronom\u00eda y el arte, tambi\u00e9n tendremos un espacio para visibilizar lo que ocurre en nuestro pa\u00eds y sobre todo para pedir por la paz y la democracia de Venezuela<\/em><\/strong>\u201d.<\/p>\n\n\n\n<p>Lea tambi\u00e9n: <strong><a href=\"https:\/\/esreviral.com\/?p=65333\">Por primera vez la procesi\u00f3n de la Divina Pastora llegar\u00e1 a la Catedral Metropolitana de Buenos Aires<\/a><\/strong><\/p>\n\n\n\n<p class=\"has-text-align-center\"><em><strong><em><strong><em><strong><em><strong><a href=\"https:\/\/t.me\/esreviral\">\u00daNETE A NUESTRO CANAL DE TELEGRAM PARA ESTAR INFORMADO<\/a><\/strong><\/em><\/strong><\/em><\/strong><\/em><\/strong><\/em><\/p>\n\n\n\n<figure class=\"wp-block-image size-large\"><img fetchpriority=\"high\" decoding=\"async\" width=\"1024\" height=\"576\" src=\"https:\/\/esreviral.com\/wp-content\/uploads\/2024\/12\/AnyConv.com__WhatsApp-Image-2024-12-05-at-4.41.50-PM-1024x576.webp\" alt=\"\" class=\"wp-image-65465\" srcset=\"https:\/\/esreviral.com\/wp-content\/uploads\/2024\/12\/AnyConv.com__WhatsApp-Image-2024-12-05-at-4.41.50-PM-1024x576.webp 1024w, https:\/\/esreviral.com\/wp-content\/uploads\/2024\/12\/AnyConv.com__WhatsApp-Image-2024-12-05-at-4.41.50-PM-300x169.webp 300w, https:\/\/esreviral.com\/wp-content\/uploads\/2024\/12\/AnyConv.com__WhatsApp-Image-2024-12-05-at-4.41.50-PM-768x432.webp 768w, https:\/\/esreviral.com\/wp-content\/uploads\/2024\/12\/AnyConv.com__WhatsApp-Image-2024-12-05-at-4.41.50-PM-1536x864.webp 1536w, https:\/\/esreviral.com\/wp-content\/uploads\/2024\/12\/AnyConv.com__WhatsApp-Image-2024-12-05-at-4.41.50-PM.webp 1600w\" sizes=\"(max-width: 1024px) 100vw, 1024px\" \/><\/figure>\n\n\n\n<p><\/p>\n\n\n\n<p><strong><em>Charbel Najm<\/em><\/strong>, <strong>vicepresidente de la organizaci\u00f3n<\/strong>, explic\u00f3 que tambi\u00e9n habr\u00e1 espacios para informar sobre las violaciones a los derechos humanos en el pa\u00eds y pedir por la liberaci\u00f3n de los cerca de 2.000 presos pol\u00edticos.<\/p>\n\n\n\n<p>\u00ab<strong><em>Los venezolanos en el exterior sentimos profundo dolor y tristeza por lo que sucede en Venezuela, especialmente en estas fechas decembrinas que deber\u00edan ser de reencuentro familiar. Pero tambi\u00e9n sentimos esperanza por un mejor futuro que estamos seguros llegar\u00e1 m\u00e1s temprano que tarde a nuestra patria, porque los venezolanos ya decidimos mayoritariamente ser libres y lo vamos a lograr. Por eso este a\u00f1o nuestro festival, adem\u00e1s de reencontrarnos con los sabores y sonidos de nuestra venezolanidad, tambi\u00e9n est\u00e1 dedicado a pedir por la paz y la democracia<\/em><\/strong>\u00ab, dijo Najm<\/p>\n\n\n\n<p class=\"has-text-align-center\"><strong><a href=\"https:\/\/chat.whatsapp.com\/KWkTmakY3I05kNdd2oZl6d\"><em>\u00daNETE A NUESTRO GRUPO DE WHATSAPP PARA ESTAR INFORMADO<\/em><\/a><\/strong><\/p>\n\n\n\n<p class=\"has-text-align-right\"><strong><em>Informaci\u00f3n de prensa Alianza x Venezuela.-<\/em><\/strong><\/p>\n\n\n\n<figure class=\"wp-block-image size-large\"><img decoding=\"async\" width=\"1024\" height=\"929\" src=\"https:\/\/esreviral.com\/wp-content\/uploads\/2024\/12\/AnyConv.com__WhatsApp-Image-2024-12-05-at-4.53.58-PM-1-1024x929.webp\" alt=\"\" class=\"wp-image-65467\" srcset=\"https:\/\/esreviral.com\/wp-content\/uploads\/2024\/12\/AnyConv.com__WhatsApp-Image-2024-12-05-at-4.53.58-PM-1-1024x929.webp 1024w, https:\/\/esreviral.com\/wp-content\/uploads\/2024\/12\/AnyConv.com__WhatsApp-Image-2024-12-05-at-4.53.58-PM-1-300x272.webp 300w, https:\/\/esreviral.com\/wp-content\/uploads\/2024\/12\/AnyConv.com__WhatsApp-Image-2024-12-05-at-4.53.58-PM-1-768x697.webp 768w, https:\/\/esreviral.com\/wp-content\/uploads\/2024\/12\/AnyConv.com__WhatsApp-Image-2024-12-05-at-4.53.58-PM-1.webp 1080w\" sizes=\"(max-width: 1024px) 100vw, 1024px\" \/><\/figure>\n","protected":false},"excerpt":{"rendered":"<p>La asociaci\u00f3n civil Alianza por Venezuela realizar\u00e1 el pr\u00f3ximo domingo 15 de diciembre en Buenos Aires, Argentina, su acostumbrado festival navide\u00f1o \u00abVenezuela Siente\u00bb, que este a\u00f1o estar\u00e1 dedicado a pedir por la paz y la democracia en su pa\u00eds. El evento se realizar\u00e1 entre las 13:00 y las 21:00 horas en la Plaza Brasil, ubicada [&hellip;]<\/p>\n","protected":false},"author":3,"featured_media":65466,"comment_status":"closed","ping_status":"closed","sticky":false,"template":"","format":"standard","meta":{"jnews-multi-image_gallery":[],"jnews_single_post":{"format":"standard"},"jnews_primary_category":[],"jnews_social_meta":[],"jnews_review":[],"enable_review":"","type":"","name":"","summary":"","brand":"","sku":"","good":[],"bad":[],"score_override":"","override_value":"","rating":[],"price":[],"jnews_override_counter":[],"jnews_post_split":[],"footnotes":""},"categories":[5892],"tags":[21007,44,21005,21006,2602,45,67,12968],"class_list":["post-65464","post","type-post","status-publish","format-standard","has-post-thumbnail","hentry","category-venezolanos-en-argentina","tag-alexander-galvis","tag-argentina","tag-charbel-najm","tag-emprendedores-gastronomicos","tag-festival","tag-noticias","tag-venezolanos-en-argentina","tag-venezuela-siente"],"_links":{"self":[{"href":"https:\/\/esreviral.com\/index.php?rest_route=\/wp\/v2\/posts\/65464","targetHints":{"allow":["GET"]}}],"collection":[{"href":"https:\/\/esreviral.com\/index.php?rest_route=\/wp\/v2\/posts"}],"about":[{"href":"https:\/\/esreviral.com\/index.php?rest_route=\/wp\/v2\/types\/post"}],"author":[{"embeddable":true,"href":"https:\/\/esreviral.com\/index.php?rest_route=\/wp\/v2\/users\/3"}],"replies":[{"embeddable":true,"href":"https:\/\/esreviral.com\/index.php?rest_route=%2Fwp%2Fv2%2Fcomments&post=65464"}],"version-history":[{"count":0,"href":"https:\/\/esreviral.com\/index.php?rest_route=\/wp\/v2\/posts\/65464\/revisions"}],"wp:featuredmedia":[{"embeddable":true,"href":"https:\/\/esreviral.com\/index.php?rest_route=\/wp\/v2\/media\/65466"}],"wp:attachment":[{"href":"https:\/\/esreviral.com\/index.php?rest_route=%2Fwp%2Fv2%2Fmedia&parent=65464"}],"wp:term":[{"taxonomy":"category","embeddable":true,"href":"https:\/\/esreviral.com\/index.php?rest_route=%2Fwp%2Fv2%2Fcategories&post=65464"},{"taxonomy":"post_tag","embeddable":true,"href":"https:\/\/esreviral.com\/index.php?rest_route=%2Fwp%2Fv2%2Ftags&post=65464"}],"curies":[{"name":"wp","href":"https:\/\/api.w.org\/{rel}","templated":true}]}}