{"id":6545,"date":"2021-05-13T13:20:31","date_gmt":"2021-05-13T16:20:31","guid":{"rendered":"http:\/\/esreviral.com\/?p=6545"},"modified":"2021-05-13T13:20:31","modified_gmt":"2021-05-13T16:20:31","slug":"en-colombia-las-protestas-y-la-pandemia-ponen-en-duda-la-copa-a-solo-un-mes","status":"publish","type":"post","link":"https:\/\/esreviral.com\/?p=6545","title":{"rendered":"En Colombia las protestas y la pandemia ponen en duda la Copa a solo un mes"},"content":{"rendered":"\n<p>A un mes del comienzo de la Copa Am\u00e9rica, el 13 de junio en dos canchas de Argentina, la incertidumbre impera en el segundo pa\u00eds organizador, Colombia, en d\u00edas de zozobra por las violentas protestas que cumplen ya dos semanas, y por el avance de la covid-19, aunque el Gobierno mantiene su palabra con el f\u00fatbol.<\/p>\n\n\n\n<p>Seg\u00fan el presidente colombiano, Iv\u00e1n Duque, est\u00e1n garantizadas las condiciones de bioseguridad para que se desarrolle el torneo en un formato de \u00abburbuja\u00bb, como ha sucedido con la Liga y las copas Libertadores y Sudamericana.<\/p>\n\n\n\n<p>\u00abSer\u00eda il\u00f3gico que se pudiera jugar un torneo rentado nacional y la Copa Libertadores de Am\u00e9rica y no pudieran jugar cinco equipos en un entorno seguro, en una burbuja\u00bb, afirm\u00f3 Duque en una entrevista con Efe el 19 de abril.<\/p>\n\n\n\n<p>Sin embargo, el contexto ha cambiado y sobre el desarrollo del torneo en Colombia se cierne la amenaza de las protestas, que comenzaron el 28 de abril y han dejado hasta el momento 42 muertos (41 civiles y un polic\u00eda).<\/p>\n\n\n\n<p>Justamente, las violentas manifestaciones han abierto un debate en el pa\u00eds en el que muchos claman, incluso en las calles, porque Colombia desista de organizar un torneo en medio de una crisis cuyo fin no se percibe cercano.<\/p>\n\n\n\n<p>\u00abColombia est\u00e1 pasando unos momentos dif\u00edciles desde el punto de vista social, pero hoy con el di\u00e1logo, con la armon\u00eda, estamos haciendo que esta Copa Am\u00e9rica sea celebrada de la mejor manera\u00bb, indic\u00f3 esta semana el ministro del Deporte, Ernesto Lucena, durante la presentaci\u00f3n del himno oficial del torneo que organizar\u00e1 su pa\u00eds con Argentina.<\/p>\n\n\n\n<p>La Copa Am\u00e9rica, que iba a disputarse en 2020, se pospuso para este a\u00f1o y est\u00e1 previsto que se juegue del 13 de junio al 10 de julio.<\/p>\n\n\n\n<p><strong><span style=\"background-color:#9a1b22\" class=\"td_text_highlight_marker\">SE AGOTA LA CAPACIDAD<\/span><\/strong><\/p>\n\n\n\n<p>El ministro de Salud y Protecci\u00f3n Social, Fernando Ruiz, encendi\u00f3 las alarmas el mi\u00e9rcoles al advertir que pr\u00e1cticamente se lleg\u00f3 al l\u00edmite de la capacidad de atenci\u00f3n en Unidades de Cuidados Intensivos (UCI) en Bogot\u00e1, una de las cuatro subsedes colombianas del torneo. Las otras son Barranquilla, Cali y Medell\u00edn.<\/p>\n\n\n\n<p>\u00abHay que decirlo con toda su realidad: la situaci\u00f3n de contagio de Bogota es CRITICA: casi 100% de ocupaci\u00f3n de UCI y cerca de 500 pacientes por ubicar. Es responsabilidad de todos protegernos. Cada aglomeraci\u00f3n crece un riesgo para el cual ya no tenemos capacidad\u00bb, escribi\u00f3 Ruiz en su cuenta de Twitter.<\/p>\n\n\n\n<p>En el informe del Ministerio de Salud y Protecci\u00f3n Social del 12 de mayo se confirmaron 16.993 nuevos casos en el pa\u00eds, 490 fallecidos m\u00e1s para un total de 79.266. El n\u00famero de casos activos es de 99.721.<\/p>\n\n\n\n<p><strong><span style=\"background-color:#9a1b22\" class=\"td_text_highlight_marker\">\u00abCON LUTO NO SE JUEGA\u00bb<\/span><\/strong><\/p>\n\n\n\n<p>Por el estallido social, los cinco partidos que deb\u00edan jugar los equipos colombianos en Copa Libertadores y Copa Sudamericana la semana pasada se disputaron en estadios de Asunci\u00f3n, Lima y Guayaquil.<\/p>\n\n\n\n<p>Sin embargo, la Confederaci\u00f3n Sudamericana de F\u00fatbol (Conmebol) decidi\u00f3 hacer una prueba de fuego esta semana y program\u00f3 en Pereira el duelo entre Atl\u00e9tico Nacional y Nacional de Montevideo y en Barranquilla los partidos Junior-River Plate y Am\u00e9rica de Cali-Atl\u00e9tico Mineiro, este \u00faltimo previsto para la noche del 13 de mayo.<\/p>\n\n\n\n<p>Pero la tensi\u00f3n previa a los partidos entre Junior y River Plate, y Atl\u00e9tico Nacional con Nacional ensombreci\u00f3 las horas previas a ambos espect\u00e1culos.<\/p>\n\n\n\n<p>Tanto, que el Nacional uruguayo argument\u00f3 que no se daban las condiciones para jugar, y el partido en Barranquilla debi\u00f3 ser interrumpido durante unos minutos por el \u00e1rbitro uruguayo Esteban Ostojich debido al efecto de los gases lacrim\u00f3genos lanzados en la calle por las autoridades para dispersar manifestantes que llegaron a sentirse en la cancha.<\/p>\n\n\n\n<p>En Pereira, una multitud se congreg\u00f3 frente al hotel donde estaba hospedado el club uruguayo y al grito de \u00abcon luto no se juega\u00bb, en referencia a los muertos durante las protestas. Los manifestantes trataron de boicotear el encuentro.<\/p>\n\n\n\n<p>Adem\u00e1s, hubo carteles de \u00abNo a la Copa Am\u00e9rica\u00bb izados por manifestantes, aficionados del Deportivo Pereira, el equipo de esa ciudad colombiana donde el Atl\u00e9tico Nacional juega mientras hacen reparaciones al Atanasio Girardot de Medell\u00edn, de cara al torneo continental de selecciones.<\/p>\n\n\n\n<p><strong><span style=\"background-color:#9a1b22\" class=\"td_text_highlight_marker\">\u00abESTAMOS PR\u00c1CTICAMENTE LISTOS\u00bb<\/span><\/strong><\/p>\n\n\n\n<p>Pese a toda la situaci\u00f3n que se vive, el presidente de la Federaci\u00f3n Colombiana de F\u00fatbol (FCF), Ram\u00f3n Jesur\u00fan, expres\u00f3 el mi\u00e9rcoles en una entrevista con la emisora Antena 2 que su pa\u00eds est\u00e1 \u00abpr\u00e1cticamente listo\u00bb para el torneo y que lo \u00fanico que falta es \u00abarreglar unos temas de iluminaci\u00f3n en unos estadios\u00bb.<\/p>\n\n\n\n<p>\u00abLa Conmebol nos ha apoyado. Nosotros trabajamos, esto no es f\u00e1cil. Lo que debe quedar claro es que la Copa Am\u00e9rica va o va, ya sea en Argentina o en Colombia o donde sea\u00bb, dijo.<\/p>\n\n\n\n<p>Y frente a la crisis que vive su pa\u00eds en este momento, el directivo fue tajante: \u00abUno entiende el problema social, pero el decir anticipadamente no lo hagamos, pues&#8230; Si no se hace aqu\u00ed, igual se har\u00e1 en otra parte. Son muchas voces que dicen eso y no las entiendo\u00bb. EFE<\/p>\n","protected":false},"excerpt":{"rendered":"<p>A un mes del comienzo de la Copa Am\u00e9rica, el 13 de junio en dos canchas de Argentina, la incertidumbre impera en el segundo pa\u00eds organizador, Colombia, en d\u00edas de zozobra por las violentas protestas que cumplen ya dos semanas, y por el avance de la covid-19, aunque el Gobierno mantiene su palabra con el [&hellip;]<\/p>\n","protected":false},"author":2,"featured_media":6546,"comment_status":"open","ping_status":"open","sticky":false,"template":"","format":"standard","meta":{"jnews-multi-image_gallery":[],"jnews_single_post":[],"jnews_primary_category":[],"jnews_social_meta":[],"jnews_review":[],"enable_review":"","type":"","name":"","summary":"","brand":"","sku":"","good":[],"bad":[],"score_override":"","override_value":"","rating":[],"price":[],"jnews_override_counter":[],"jnews_post_split":[],"footnotes":""},"categories":[48],"tags":[283,589],"class_list":["post-6545","post","type-post","status-publish","format-standard","has-post-thumbnail","hentry","category-deportes","tag-colombia","tag-copa-america"],"amp_enabled":true,"_links":{"self":[{"href":"https:\/\/esreviral.com\/index.php?rest_route=\/wp\/v2\/posts\/6545"}],"collection":[{"href":"https:\/\/esreviral.com\/index.php?rest_route=\/wp\/v2\/posts"}],"about":[{"href":"https:\/\/esreviral.com\/index.php?rest_route=\/wp\/v2\/types\/post"}],"author":[{"embeddable":true,"href":"https:\/\/esreviral.com\/index.php?rest_route=\/wp\/v2\/users\/2"}],"replies":[{"embeddable":true,"href":"https:\/\/esreviral.com\/index.php?rest_route=%2Fwp%2Fv2%2Fcomments&post=6545"}],"version-history":[{"count":0,"href":"https:\/\/esreviral.com\/index.php?rest_route=\/wp\/v2\/posts\/6545\/revisions"}],"wp:featuredmedia":[{"embeddable":true,"href":"https:\/\/esreviral.com\/index.php?rest_route=\/"}],"wp:attachment":[{"href":"https:\/\/esreviral.com\/index.php?rest_route=%2Fwp%2Fv2%2Fmedia&parent=6545"}],"wp:term":[{"taxonomy":"category","embeddable":true,"href":"https:\/\/esreviral.com\/index.php?rest_route=%2Fwp%2Fv2%2Fcategories&post=6545"},{"taxonomy":"post_tag","embeddable":true,"href":"https:\/\/esreviral.com\/index.php?rest_route=%2Fwp%2Fv2%2Ftags&post=6545"}],"curies":[{"name":"wp","href":"https:\/\/api.w.org\/{rel}","templated":true}]}}