{"id":65353,"date":"2024-12-04T07:02:18","date_gmt":"2024-12-04T12:02:18","guid":{"rendered":"https:\/\/esreviral.com\/?p=65353"},"modified":"2024-12-04T07:02:19","modified_gmt":"2024-12-04T12:02:19","slug":"permitiran-que-los-conductores-puedan-cargar-combustible-solos-en-las-estaciones-de-servicio","status":"publish","type":"post","link":"https:\/\/esreviral.com\/?p=65353","title":{"rendered":"Permitir\u00e1n que los conductores puedan cargar combustible solos en las estaciones de servicio"},"content":{"rendered":"\n<p>El Gobierno eval\u00faa emitir un decreto en las pr\u00f3ximas semanas<strong> que permitir\u00e1 a los conductores cargar combustible de forma aut\u00f3noma en las estaciones de servicio, <\/strong>adoptando el modelo de autoservicio popular en Estados Unidos y Europa. Este sistema comenz\u00f3 a implementarse este a\u00f1o en algunas estaciones de Rosario, tras el asesinato de un empleado a manos de narcos.<\/p>\n\n\n\n<p>El anuncio fue realizado por el ministro de Desregulaci\u00f3n y Transformaci\u00f3n del Estado, <strong>Federico Sturzenegger<\/strong>, durante un almuerzo del Club del Petr\u00f3leo. Seg\u00fan el funcionario, la medida tambi\u00e9n incluir\u00e1 opciones para la carga de electricidad, adapt\u00e1ndose a la creciente adopci\u00f3n de veh\u00edculos el\u00e9ctricos.<\/p>\n\n\n\n<p class=\"has-text-align-center\"><em><strong><em><strong><em><strong><em><strong><a href=\"https:\/\/t.me\/esreviral\">\u00daNETE A NUESTRO CANAL DE TELEGRAM PARA ESTAR INFORMADO<\/a><\/strong><\/em><\/strong><\/em><\/strong><\/em><\/strong><\/em><\/p>\n\n\n\n<h3 class=\"wp-block-heading\"><strong><mark style=\"background-color:rgba(0, 0, 0, 0)\" class=\"has-inline-color has-vivid-red-color\">Un cambio en el modelo de estaciones de servicio<\/mark><\/strong><\/h3>\n\n\n\n<p>Sturzenegger destac\u00f3 que la iniciativa busca modernizar el funcionamiento de las estaciones de servicio en el pa\u00eds y podr\u00eda oficializarse en las pr\u00f3ximas semanas. \u00ab\u00bfPor qu\u00e9 vamos a tener una ley que impida el autodespacho de combustible? Es un tema de libertad. Cada uno debe poder organizar su relaci\u00f3n comercial como desee\u00bb, se\u00f1al\u00f3.<\/p>\n\n\n\n<p>El ministro tambi\u00e9n subray\u00f3 que <strong>YPF<\/strong>, la petrolera estatal que controla casi el 60% del mercado con m\u00e1s de 1600 estaciones, jugar\u00e1 un rol clave en la implementaci\u00f3n del nuevo sistema.<\/p>\n\n\n\n<h3 class=\"wp-block-heading\"><strong><mark style=\"background-color:rgba(0, 0, 0, 0)\" class=\"has-inline-color has-vivid-red-color\">Hacia un modelo m\u00e1s flexible<\/mark><\/strong><\/h3>\n\n\n\n<p>La propuesta contempla la eliminaci\u00f3n de restricciones actuales sobre el tama\u00f1o de las estaciones de servicio, permitiendo una mayor flexibilidad en su dise\u00f1o y operaci\u00f3n. Sturzenegger afirm\u00f3 que el decreto, ya en proceso de revisi\u00f3n, tambi\u00e9n incluir\u00e1 disposiciones para facilitar el autoabastecimiento el\u00e9ctrico en puntos estrat\u00e9gicos como centros comerciales y restaurantes.<\/p>\n\n\n\n<p>\u00abCuando tengas autos el\u00e9ctricos, vas a querer cargar el auto mientras cenas en un restaurante o haces compras en un shopping\u00bb, ejemplific\u00f3 el funcionario, destacando la necesidad de adaptarse a las nuevas demandas del mercado.<\/p>\n\n\n\n<h3 class=\"wp-block-heading\"><strong><mark style=\"background-color:rgba(0, 0, 0, 0)\" class=\"has-inline-color has-vivid-red-color\">M\u00e1s medidas en el horizonte<\/mark><\/strong><\/h3>\n\n\n\n<p>Sturzenegger tambi\u00e9n anticip\u00f3 que el presidente <strong>Javier Milei<\/strong> continuar\u00e1 con pol\u00edticas de desregulaci\u00f3n en 2025, prometiendo nuevas medidas para el sector energ\u00e9tico. Sin embargo, no ofreci\u00f3 mayores detalles sobre estas iniciativas.<\/p>\n\n\n\n<p>La implementaci\u00f3n del autoservicio marcar\u00eda un cambio significativo en la experiencia de los consumidores y en la operatividad de las estaciones de servicio, aline\u00e1ndose con las tendencias internacionales de modernizaci\u00f3n en el sector.<\/p>\n\n\n\n<p class=\"has-text-align-center\"><strong><a href=\"https:\/\/chat.whatsapp.com\/KWkTmakY3I05kNdd2oZl6d\"><em>\u00daNETE A NUESTRO GRUPO DE WHATSAPP PARA ESTAR INFORMADO<\/em><\/a><\/strong><\/p>\n","protected":false},"excerpt":{"rendered":"<p>As\u00ed lo anticip\u00f3 el ministro de Desregulaci\u00f3n y Transformaci\u00f3n del Estado, Federico Sturzenegger, durante un evento con el Club del Petr\u00f3leo. Estudia la posibilidad de sacar un decreto en las pr\u00f3ximas semanas.<\/p>\n","protected":false},"author":3,"featured_media":65355,"comment_status":"closed","ping_status":"closed","sticky":false,"template":"","format":"standard","meta":{"jnews-multi-image_gallery":[],"jnews_single_post":{"format":"standard"},"jnews_primary_category":[],"jnews_social_meta":[],"jnews_review":[],"enable_review":"","type":"","name":"","summary":"","brand":"","sku":"","good":[],"bad":[],"score_override":"","override_value":"","rating":[],"price":[],"jnews_override_counter":[],"jnews_post_split":[],"footnotes":""},"categories":[58,61,59],"tags":[44,2401,5833,15902,302,337,45],"class_list":["post-65353","post","type-post","status-publish","format-standard","has-post-thumbnail","hentry","category-argentina","category-economia","category-politica","tag-argentina","tag-combustibles","tag-estaciones-de-servicio","tag-federico-sturzenegger","tag-gasolina","tag-nafta","tag-noticias"],"_links":{"self":[{"href":"https:\/\/esreviral.com\/index.php?rest_route=\/wp\/v2\/posts\/65353","targetHints":{"allow":["GET"]}}],"collection":[{"href":"https:\/\/esreviral.com\/index.php?rest_route=\/wp\/v2\/posts"}],"about":[{"href":"https:\/\/esreviral.com\/index.php?rest_route=\/wp\/v2\/types\/post"}],"author":[{"embeddable":true,"href":"https:\/\/esreviral.com\/index.php?rest_route=\/wp\/v2\/users\/3"}],"replies":[{"embeddable":true,"href":"https:\/\/esreviral.com\/index.php?rest_route=%2Fwp%2Fv2%2Fcomments&post=65353"}],"version-history":[{"count":0,"href":"https:\/\/esreviral.com\/index.php?rest_route=\/wp\/v2\/posts\/65353\/revisions"}],"wp:featuredmedia":[{"embeddable":true,"href":"https:\/\/esreviral.com\/index.php?rest_route=\/wp\/v2\/media\/65355"}],"wp:attachment":[{"href":"https:\/\/esreviral.com\/index.php?rest_route=%2Fwp%2Fv2%2Fmedia&parent=65353"}],"wp:term":[{"taxonomy":"category","embeddable":true,"href":"https:\/\/esreviral.com\/index.php?rest_route=%2Fwp%2Fv2%2Fcategories&post=65353"},{"taxonomy":"post_tag","embeddable":true,"href":"https:\/\/esreviral.com\/index.php?rest_route=%2Fwp%2Fv2%2Ftags&post=65353"}],"curies":[{"name":"wp","href":"https:\/\/api.w.org\/{rel}","templated":true}]}}