{"id":65346,"date":"2024-12-09T08:11:18","date_gmt":"2024-12-09T13:11:18","guid":{"rendered":"https:\/\/esreviral.com\/?p=65346"},"modified":"2024-12-09T08:11:19","modified_gmt":"2024-12-09T13:11:19","slug":"venezolano-obtuvo-cuatro-nominaciones-para-el-martin-fierro-por-su-gran-talento-para-bailar","status":"publish","type":"post","link":"https:\/\/esreviral.com\/?p=65346","title":{"rendered":"Venezolano obtuvo cuatro nominaciones para el Mart\u00edn Fierro por su gran talento para bailar"},"content":{"rendered":"\n<p><strong><em>KQA.-<\/em><\/strong> <em>Elian Salazar <\/em>, un joven bailar\u00edn venezolano originario de Puerto Ordaz, ha desafiado barreras y estereotipos para convertirse en una de las<strong> promesas m\u00e1s destacadas de la danza en Argentina<\/strong>. Este 2024 ha sido un a\u00f1o de logros y emociones para \u00e9l, pero el 2025 promete ser a\u00fan m\u00e1s brillante,<strong> con su reciente nominaci\u00f3n a los premios Mart\u00edn Fierro en cuatro categor\u00edas : <\/strong>Bailar\u00edn revelaci\u00f3n, Mejor bailar\u00edn masculino, Mejor bailar\u00edn de Lyrical jazz y Mejor bailar\u00edn de Jazz Contempor\u00e1neo.<\/p>\n\n\n<div class=\"wp-block-image\">\n<figure class=\"aligncenter size-large\"><img fetchpriority=\"high\" decoding=\"async\" width=\"768\" height=\"1024\" src=\"https:\/\/esreviral.com\/wp-content\/uploads\/2024\/12\/AnyConv.com__WhatsApp-Image-2024-12-03-at-8.44.56-PM-768x1024.webp\" alt=\"\" class=\"wp-image-65395\" srcset=\"https:\/\/esreviral.com\/wp-content\/uploads\/2024\/12\/AnyConv.com__WhatsApp-Image-2024-12-03-at-8.44.56-PM-768x1024.webp 768w, https:\/\/esreviral.com\/wp-content\/uploads\/2024\/12\/AnyConv.com__WhatsApp-Image-2024-12-03-at-8.44.56-PM-225x300.webp 225w, https:\/\/esreviral.com\/wp-content\/uploads\/2024\/12\/AnyConv.com__WhatsApp-Image-2024-12-03-at-8.44.56-PM-1152x1536.webp 1152w, https:\/\/esreviral.com\/wp-content\/uploads\/2024\/12\/AnyConv.com__WhatsApp-Image-2024-12-03-at-8.44.56-PM.webp 1200w\" sizes=\"(max-width: 768px) 100vw, 768px\" \/><\/figure><\/div>\n\n\n<h4 class=\"wp-block-heading\"><strong><mark style=\"background-color:rgba(0, 0, 0, 0)\" class=\"has-inline-color has-vivid-red-color\">De Venezuela a los grandes escenarios<\/mark><\/strong><\/h4>\n\n\n\n<p>Desde los 15 a\u00f1os de edad, Elian descubri\u00f3 su pasi\u00f3n por la danza, inspirado por programas como <em>Dance Moms<\/em>. Aunque nunca imagin\u00f3 llegar tan lejos, su dedicaci\u00f3n lo llev\u00f3 a<strong> migrar a Argentina en 2019, con apenas 19 a\u00f1os<\/strong> <strong>de edad<\/strong>, buscando oportunidades para crecer en el arte.<\/p>\n\n\n\n<p>Tras iniciar clases de piano en Neuqu\u00e9n, se traslad\u00f3 a Buenos Aires, donde encontr\u00f3 su verdadera vocaci\u00f3n: <strong>el jazz contempor\u00e1neo<\/strong>. Gracias a su talento y disciplina, no s\u00f3lo perfeccion\u00f3 su t\u00e9cnica con maestros de renombre, sino que tambi\u00e9n <strong>ingres\u00f3 recientemente a una prestigiosa compa\u00f1\u00eda de danza.<\/strong><\/p>\n\n\n\n<p class=\"has-text-align-center\"><em><strong><em><strong><em><strong><em><strong><a href=\"https:\/\/t.me\/esreviral\">\u00daNETE A NUESTRO CANAL DE TELEGRAM PARA ESTAR INFORMADO<\/a><\/strong><\/em><\/strong><\/em><\/strong><\/em><\/strong><\/em><\/p>\n\n\n\n<h4 class=\"wp-block-heading\"><strong><mark style=\"background-color:rgba(0, 0, 0, 0)\" class=\"has-inline-color has-vivid-red-color\">Un a\u00f1o de triunfos<\/mark><\/strong><\/h4>\n\n\n\n<p>Elian brill\u00f3 en competencias este a\u00f1o. En agosto, logr\u00f3 el segundo lugar en un certamen nacional en Buenos Aires, siendo adem\u00e1s premiado como el <strong>mejor bailar\u00edn de la liga internacional 2024<\/strong>. Pero el momento m\u00e1s significativo de su carrera lleg\u00f3 con el<strong><em> <\/em>Campeonato Mundial CIAD<\/strong> (<strong>Confederaci\u00f3n Interamericana de Danza<\/strong>), donde obtuvo el primer lugar.<\/p>\n\n\n\n<p><strong>Su participaci\u00f3n en la Liga Internacional de Danza <\/strong>fue otro de sus mayores retos: clasific\u00f3 por repechaje con apenas mil\u00e9simas de diferencia y, contra todo pron\u00f3stico, destac\u00f3 como uno de los mejores. \u00ab<strong>La rivalidad quedaba en el escenario. Fuera de \u00e9l, vivimos el compa\u00f1erismo, y tengo lindos recuerdos, especialmente de una profesora ucraniana <\/strong>\u00ab, comparte con emoci\u00f3n.<\/p>\n\n\n\n<p><\/p>\n\n\n<div class=\"wp-block-image\">\n<figure class=\"aligncenter size-large\"><img decoding=\"async\" width=\"768\" height=\"1024\" src=\"https:\/\/esreviral.com\/wp-content\/uploads\/2024\/12\/AnyConv.com__WhatsApp-Image-2024-12-03-at-8.51.48-PM-768x1024.webp\" alt=\"\" class=\"wp-image-65389\" srcset=\"https:\/\/esreviral.com\/wp-content\/uploads\/2024\/12\/AnyConv.com__WhatsApp-Image-2024-12-03-at-8.51.48-PM-768x1024.webp 768w, https:\/\/esreviral.com\/wp-content\/uploads\/2024\/12\/AnyConv.com__WhatsApp-Image-2024-12-03-at-8.51.48-PM-225x300.webp 225w, https:\/\/esreviral.com\/wp-content\/uploads\/2024\/12\/AnyConv.com__WhatsApp-Image-2024-12-03-at-8.51.48-PM.webp 960w\" sizes=\"(max-width: 768px) 100vw, 768px\" \/><\/figure><\/div>\n\n\n<p class=\"has-text-align-center\"><strong><em>Con la placa de mejor bailar\u00edn de la liga internacional 2024<\/em><\/strong><\/p>\n\n\n\n<h4 class=\"wp-block-heading\"><strong><mark style=\"background-color:rgba(0, 0, 0, 0)\" class=\"has-inline-color has-vivid-red-color\">Reconocimientos y sue\u00f1os<\/mark><\/strong><\/h4>\n\n\n\n<p>El 2025 lo encuentra planeando con entusiasmo las coreograf\u00edas para el 7 de diciembre 2025, fecha en la que se celebrar\u00e1n los<strong> Mart\u00edn Fierro<\/strong>, donde est\u00e1 nominado en cuatro categor\u00edas. Adem\u00e1s, figuras del espect\u00e1culo como un<strong> productor de <em>Argentina Got Talent<\/em> ya le han escrito para felicitarlo.<\/strong><\/p>\n\n\n\n<p>Elian tambi\u00e9n ha compartido con core\u00f3grafos reconocidos internacionalmente, como el que dirigi\u00f3 giras de<strong><em> Ariana Grande<\/em><\/strong>, algo que considera una experiencia transformadora. \u00ab<strong>La vida te cambia. Empiezas a vivir de otra manera. Desde que comenc\u00e9 a bailar, me siento m\u00e1s feliz y las cosas me empiezan a salir mejor<\/strong>\u00ab, confes\u00f3.<\/p>\n\n\n\n<h4 class=\"wp-block-heading\"><strong><mark style=\"background-color:rgba(0, 0, 0, 0)\" class=\"has-inline-color has-vivid-red-color\">La danza como pasi\u00f3n y mensaje<\/mark><\/strong><\/h4>\n\n\n\n<p>Salazar es un firme defensor de que <strong>\u00abla danza no tiene g\u00e9nero y es evolutiva<\/strong>\u00ab. Contrastando con la percepci\u00f3n en Venezuela, donde el arte sigue siendo <strong>asociado mayoritariamente con mujeres, <\/strong>con la realidad de Argentina, donde <strong><em>\u00ab<\/em>ser bailar\u00edn es una profesi\u00f3n respetada<\/strong>\u00ab. Tambi\u00e9n celebra el apoyo de las familias argentinas hacia los ni\u00f1os que quieren bailar, algo que no siempre vio en su tierra natal.<\/p>\n\n\n\n<p>\u00ab<strong>Si todos bail\u00e1ramos, todos ser\u00edamos m\u00e1s felices<\/strong>\u00ab, reflexion\u00f3. Para \u00e9l, <strong>ser considerado el mejor bailar\u00edn en la Liga Internacional es tan significativo como ganar un Oscar<\/strong>. Su objetivo como artista es claro: \u00bb <strong>Tocar el coraz\u00f3n de las personas<\/strong>\u00ab.<\/p>\n\n\n\n<p>Elian Salazar Lamborghini representa el esp\u00edritu de la superaci\u00f3n, llevando no solo su talento, sino tambi\u00e9n un mensaje de evoluci\u00f3n y felicidad a trav\u00e9s del arte.<\/p>\n\n\n\n<p><strong><a href=\"https:\/\/www.instagram.com\/eliansg.ok\/\" data-type=\"link\" data-id=\"https:\/\/www.instagram.com\/eliansg.ok\/\">Instagram: Eliansg.ok<\/a><\/strong><\/p>\n\n\n<div class=\"wp-block-image\">\n<figure class=\"aligncenter size-large is-resized\"><img decoding=\"async\" width=\"768\" height=\"1024\" src=\"https:\/\/esreviral.com\/wp-content\/uploads\/2024\/12\/AnyConv.com__WhatsApp-Image-2024-12-03-at-8.57.47-PM-768x1024.webp\" alt=\"\" class=\"wp-image-65392\" style=\"width:1069px;height:auto\" srcset=\"https:\/\/esreviral.com\/wp-content\/uploads\/2024\/12\/AnyConv.com__WhatsApp-Image-2024-12-03-at-8.57.47-PM-768x1024.webp 768w, https:\/\/esreviral.com\/wp-content\/uploads\/2024\/12\/AnyConv.com__WhatsApp-Image-2024-12-03-at-8.57.47-PM-225x300.webp 225w, https:\/\/esreviral.com\/wp-content\/uploads\/2024\/12\/AnyConv.com__WhatsApp-Image-2024-12-03-at-8.57.47-PM-1152x1536.webp 1152w, https:\/\/esreviral.com\/wp-content\/uploads\/2024\/12\/AnyConv.com__WhatsApp-Image-2024-12-03-at-8.57.47-PM.webp 1200w\" sizes=\"(max-width: 768px) 100vw, 768px\" \/><\/figure><\/div>\n\n\n<p class=\"has-text-align-center\"><strong><em>Foto oficial como campe\u00f3n de los Open dance Awards<\/em><\/strong><\/p>\n\n\n\n<p class=\"has-text-align-center\"><strong><a href=\"https:\/\/chat.whatsapp.com\/KWkTmakY3I05kNdd2oZl6d\"><em>\u00daNETE A NUESTRO GRUPO DE WHATSAPP PARA ESTAR INFORMADO<\/em><\/a><\/strong><\/p>\n","protected":false},"excerpt":{"rendered":"<p>KQA.- Elian Salazar , un joven bailar\u00edn venezolano originario de Puerto Ordaz, ha desafiado barreras y estereotipos para convertirse en una de las promesas m\u00e1s destacadas de la danza en Argentina. Este 2024 ha sido un a\u00f1o de logros y emociones para \u00e9l, pero el 2025 promete ser a\u00fan m\u00e1s brillante, con su reciente nominaci\u00f3n [&hellip;]<\/p>\n","protected":false},"author":3,"featured_media":65347,"comment_status":"closed","ping_status":"closed","sticky":false,"template":"","format":"standard","meta":{"jnews-multi-image_gallery":[],"jnews_single_post":{"format":"standard"},"jnews_primary_category":[],"jnews_social_meta":[],"jnews_review":[],"enable_review":"","type":"","name":"","summary":"","brand":"","sku":"","good":[],"bad":[],"score_override":"","override_value":"","rating":[],"price":[],"jnews_override_counter":[],"jnews_post_split":[],"footnotes":""},"categories":[5892],"tags":[20927,215,20928,45,67],"class_list":["post-65346","post","type-post","status-publish","format-standard","has-post-thumbnail","hentry","category-venezolanos-en-argentina","tag-certamen-interamericano-de-la-danza","tag-danza","tag-elian-salazar","tag-noticias","tag-venezolanos-en-argentina"],"amp_enabled":true,"_links":{"self":[{"href":"https:\/\/esreviral.com\/index.php?rest_route=\/wp\/v2\/posts\/65346"}],"collection":[{"href":"https:\/\/esreviral.com\/index.php?rest_route=\/wp\/v2\/posts"}],"about":[{"href":"https:\/\/esreviral.com\/index.php?rest_route=\/wp\/v2\/types\/post"}],"author":[{"embeddable":true,"href":"https:\/\/esreviral.com\/index.php?rest_route=\/wp\/v2\/users\/3"}],"replies":[{"embeddable":true,"href":"https:\/\/esreviral.com\/index.php?rest_route=%2Fwp%2Fv2%2Fcomments&post=65346"}],"version-history":[{"count":0,"href":"https:\/\/esreviral.com\/index.php?rest_route=\/wp\/v2\/posts\/65346\/revisions"}],"wp:featuredmedia":[{"embeddable":true,"href":"https:\/\/esreviral.com\/index.php?rest_route=\/wp\/v2\/media\/65347"}],"wp:attachment":[{"href":"https:\/\/esreviral.com\/index.php?rest_route=%2Fwp%2Fv2%2Fmedia&parent=65346"}],"wp:term":[{"taxonomy":"category","embeddable":true,"href":"https:\/\/esreviral.com\/index.php?rest_route=%2Fwp%2Fv2%2Fcategories&post=65346"},{"taxonomy":"post_tag","embeddable":true,"href":"https:\/\/esreviral.com\/index.php?rest_route=%2Fwp%2Fv2%2Ftags&post=65346"}],"curies":[{"name":"wp","href":"https:\/\/api.w.org\/{rel}","templated":true}]}}