{"id":6531,"date":"2021-05-13T11:08:01","date_gmt":"2021-05-13T14:08:01","guid":{"rendered":"http:\/\/esreviral.com\/?p=6531"},"modified":"2021-05-13T11:08:01","modified_gmt":"2021-05-13T14:08:01","slug":"fernandez-se-reunio-con-el-papa-quien-dijo-apoyar-a-argentina-en-lo-que-pueda","status":"publish","type":"post","link":"https:\/\/esreviral.com\/?p=6531","title":{"rendered":"Fern\u00e1ndez se reuni\u00f3 con el papa quien dijo apoyar a Argentina en lo que pueda (+VIDEO)"},"content":{"rendered":"\n<p>El presidente Alberto Fern\u00e1ndez fue recibido esta ma\u00f1ana en el Vaticano por el Papa Francisco, con quien mantuvo una audiencia privada en la que hablaron de los problemas que aquejan al mundo, a la regi\u00f3n y a la Argentina.<\/p>\n\n\n\n<p>El encuentro se desarroll\u00f3 en el estudio privado del Aula Paulo VI y forma parte de una gira que tambi\u00e9n incluy\u00f3 reuniones con los m\u00e1ximos mandatarios de Portugal, Espa\u00f1a, Francia e Italia.<\/p>\n\n\n\n<figure class=\"wp-block-embed-youtube wp-block-embed is-type-video is-provider-youtube wp-embed-aspect-16-9 wp-has-aspect-ratio\"><div class=\"wp-block-embed__wrapper\">\n<div class=\"jeg_video_container jeg_video_content\"><iframe title=\"Visita del presidente Alberto Fern\u00e1ndez al papa Francisco 2021\" width=\"500\" height=\"281\" src=\"https:\/\/www.youtube.com\/embed\/lXVJOBL2uq4?feature=oembed\" frameborder=\"0\" allow=\"accelerometer; autoplay; clipboard-write; encrypted-media; gyroscope; picture-in-picture; web-share\" referrerpolicy=\"strict-origin-when-cross-origin\" allowfullscreen><\/iframe><\/div>\n<\/div><\/figure>\n\n\n\n<p>\u201cFue un muy lindo encuentro. Hablamos de los problemas que aquejan al mundo y tambi\u00e9n a la Argentina. Le coment\u00e9 c\u00f3mo estamos avanzando en las negociaciones con los organismos de cr\u00e9dito y \u00e9l, como siempre hace, me expres\u00f3 su idea de apoyarnos en todo lo que puede\u201d, se\u00f1al\u00f3 Fern\u00e1ndez cuando se dirig\u00eda a un almuerzo con su par italiano Sergio Mattarella.<\/p>\n\n\n\n<p>A trav\u00e9s de un comunicado el Vaticano, en tanto, inform\u00f3 de ambos encuentros celebrados en su sede: \u00abDurante las cordiales discusiones con los Superiores de la Secretar\u00eda de Estado, se expres\u00f3 reconocimiento por las buenas relaciones bilaterales existentes y la intenci\u00f3n de seguir desarrollando la colaboraci\u00f3n en \u00e1reas de inter\u00e9s mutuo\u201d.<\/p>\n\n\n\n<p>\u00abTambi\u00e9n nos centramos en la situaci\u00f3n del pa\u00eds, con especial referencia a algunos problemas como la gesti\u00f3n de la emergencia pand\u00e9mica, la crisis econ\u00f3mico-financiera y la lucha contra la pobreza, destacando, en este contexto, el importante aporte que ha tenido la Iglesia Cat\u00f3lica. Finalmente, se plantearon algunas cuestiones regionales e internacionales\u00bb, concluy\u00f3 el texto oficial.<\/p>\n\n\n\n<p><strong><span style=\"background-color:#9a1b22\" class=\"td_text_highlight_marker\">Luego se reuni\u00f3 con el presidente italiano<\/span><\/strong><\/p>\n\n\n\n<p>El presidente Alberto Fern\u00e1ndez se reuni\u00f3 esta ma\u00f1ana en Roma con su par de la Rep\u00fablica Italiana, Sergio Mattarella, en el Palacio del Quirinale, donde ofreci\u00f3 un almuerzo en honor a la comitiva argentina.<\/p>\n\n\n\n<figure class=\"wp-block-image size-large\"><img decoding=\"async\" src=\"https:\/\/esreviral.com\/wp-content\/uploads\/2021\/05\/1.jpeg\" alt=\"\" class=\"wp-image-6536\"\/><\/figure>\n","protected":false},"excerpt":{"rendered":"<p>Posteriormente Fern\u00e1ndez fue recibido por el jefe del parlamento italiano<\/p>\n","protected":false},"author":2,"featured_media":6532,"comment_status":"open","ping_status":"open","sticky":false,"template":"","format":"standard","meta":{"jnews-multi-image_gallery":[],"jnews_single_post":[],"jnews_primary_category":[],"jnews_social_meta":[],"jnews_review":[],"enable_review":"","type":"","name":"","summary":"","brand":"","sku":"","good":[],"bad":[],"score_override":"","override_value":"","rating":[],"price":[],"jnews_override_counter":[],"jnews_post_split":[],"footnotes":""},"categories":[88],"tags":[794,45],"class_list":["post-6531","post","type-post","status-publish","format-standard","has-post-thumbnail","hentry","category-internacionales","tag-gira-presidencial","tag-noticias"],"amp_enabled":true,"_links":{"self":[{"href":"https:\/\/esreviral.com\/index.php?rest_route=\/wp\/v2\/posts\/6531"}],"collection":[{"href":"https:\/\/esreviral.com\/index.php?rest_route=\/wp\/v2\/posts"}],"about":[{"href":"https:\/\/esreviral.com\/index.php?rest_route=\/wp\/v2\/types\/post"}],"author":[{"embeddable":true,"href":"https:\/\/esreviral.com\/index.php?rest_route=\/wp\/v2\/users\/2"}],"replies":[{"embeddable":true,"href":"https:\/\/esreviral.com\/index.php?rest_route=%2Fwp%2Fv2%2Fcomments&post=6531"}],"version-history":[{"count":0,"href":"https:\/\/esreviral.com\/index.php?rest_route=\/wp\/v2\/posts\/6531\/revisions"}],"wp:featuredmedia":[{"embeddable":true,"href":"https:\/\/esreviral.com\/index.php?rest_route=\/"}],"wp:attachment":[{"href":"https:\/\/esreviral.com\/index.php?rest_route=%2Fwp%2Fv2%2Fmedia&parent=6531"}],"wp:term":[{"taxonomy":"category","embeddable":true,"href":"https:\/\/esreviral.com\/index.php?rest_route=%2Fwp%2Fv2%2Fcategories&post=6531"},{"taxonomy":"post_tag","embeddable":true,"href":"https:\/\/esreviral.com\/index.php?rest_route=%2Fwp%2Fv2%2Ftags&post=6531"}],"curies":[{"name":"wp","href":"https:\/\/api.w.org\/{rel}","templated":true}]}}