{"id":65289,"date":"2024-12-03T08:10:14","date_gmt":"2024-12-03T13:10:14","guid":{"rendered":"https:\/\/esreviral.com\/?p=65289"},"modified":"2024-12-03T12:58:43","modified_gmt":"2024-12-03T17:58:43","slug":"juan-etchegoyen-un-artista-con-corazon-que-impulsa-nuevos-talentos","status":"publish","type":"post","link":"https:\/\/esreviral.com\/?p=65289","title":{"rendered":"Juan Etchegoyen: Un artista con coraz\u00f3n que impulsa nuevos talentos"},"content":{"rendered":"\n<p><strong><em>Carlos Eduardo Escobar.- <\/em><\/strong> En una nueva edici\u00f3n de <em>Historias que Inspiran<\/em>, <strong>el periodista Carlos Eduardo Escobar<\/strong> (@careduescobar) profundiza en la trayectoria de <strong>Juan V\u00edctor Etchegoyen <\/strong>(@juanetchegoyen_official), un destacado artista de 39 a\u00f1os de edad nacido en <strong>Necochea, Buenos Aires<\/strong>. M\u00e1s all\u00e1 de su \u00e9xito musical, Etchegoyen se ha convertido en un ferviente defensor de los<strong> artistas emergentes<\/strong>, transformando sus propias vivencias en una fuente de inspiraci\u00f3n para aquellos que buscan abrirse camino en la industria musical.<\/p>\n\n\n\n<p>Desde joven, Juan V\u00edctor enfrent\u00f3 desaf\u00edos para relacionarse con sus compa\u00f1eros, hallando en la m\u00fasica un refugio y un canal para expresar sus emociones y conectar con los dem\u00e1s. Criado en una familia tradicional, aprendi\u00f3 a afrontar tanto los buenos como los malos momentos, forjando un car\u00e1cter emp\u00e1tico y solidario que lo define hasta el d\u00eda de hoy.<\/p>\n\n\n\n<p>Su recorrido art\u00edstico comenz\u00f3 en su ciudad natal y lo llev\u00f3 a conquistar <strong>escenarios internacionales en pa\u00edses como Uruguay y Espa\u00f1a<\/strong>. Cada logro fue un pelda\u00f1o en su crecimiento personal y profesional. Ahora, Etchegoyen utiliza su plataforma para apoyar a nuevas voces en la m\u00fasica, un gesto que \u00e9l mismo a\u00f1oraba en sus inicios. \u00ab<strong><em>Apoyo a los nuevos artistas porque me hubiese encantado contar con ese respaldo cuando comenzaba<\/em><\/strong>\u00ab, confies\u00f3.<\/p>\n\n\n\n<p class=\"has-text-align-center\"><em><strong><em><strong><em><strong><em><strong><a href=\"https:\/\/t.me\/esreviral\">\u00daNETE A NUESTRO CANAL DE TELEGRAM PARA ESTAR INFORMADO<\/a><\/strong><\/em><\/strong><\/em><\/strong><\/em><\/strong><\/em><\/p>\n\n\n<div class=\"wp-block-image\">\n<figure class=\"aligncenter size-large\"><img fetchpriority=\"high\" decoding=\"async\" width=\"702\" height=\"1024\" src=\"https:\/\/esreviral.com\/wp-content\/uploads\/2024\/12\/AnyConv.com__20240922114105599-702x1024.webp\" alt=\"\" class=\"wp-image-65290\" srcset=\"https:\/\/esreviral.com\/wp-content\/uploads\/2024\/12\/AnyConv.com__20240922114105599-702x1024.webp 702w, https:\/\/esreviral.com\/wp-content\/uploads\/2024\/12\/AnyConv.com__20240922114105599-206x300.webp 206w, https:\/\/esreviral.com\/wp-content\/uploads\/2024\/12\/AnyConv.com__20240922114105599-768x1121.webp 768w, https:\/\/esreviral.com\/wp-content\/uploads\/2024\/12\/AnyConv.com__20240922114105599-1052x1536.webp 1052w, https:\/\/esreviral.com\/wp-content\/uploads\/2024\/12\/AnyConv.com__20240922114105599-1403x2048.webp 1403w, https:\/\/esreviral.com\/wp-content\/uploads\/2024\/12\/AnyConv.com__20240922114105599-scaled.webp 1754w\" sizes=\"(max-width: 702px) 100vw, 702px\" \/><\/figure><\/div>\n\n\n<p><\/p>\n\n\n\n<p><strong><a href=\"https:\/\/chat.whatsapp.com\/KWkTmakY3I05kNdd2oZl6d\"><em>\u00daNETE A NUESTRO GRUPO DE WHATSAPP PARA ESTAR INFORMADO<\/em><\/a><\/strong><\/p>\n\n\n\n<p>A trav\u00e9s de sus redes sociales, Juan V\u00edctor visibiliza a talentos emergentes, ayud\u00e1ndolos a llegar a un p\u00fablico m\u00e1s amplio. Su relaci\u00f3n con figuras influyentes como Marcelo Tinelli tambi\u00e9n ha sido clave para abrir puertas tanto para su m\u00fasica como para la de otros artistas.<\/p>\n\n\n\n<p>A pesar de su \u00e9xito, Etchegoyen se mantiene humilde. \u00abSoy una persona com\u00fan que puede caminar por la calle sin problemas. Si alguien me pide una foto, con gusto se la doy\u00bb, dice, reflejando su car\u00e1cter genuino y cercano. Para \u00e9l, su m\u00fasica es un puente que acompa\u00f1a tanto en la alegr\u00eda como en la tristeza, resonando con historias humanas de superaci\u00f3n y esperanza.<\/p>\n\n\n\n<p>Juan V\u00edctor Etchegoyen no solo es un artista destacado, sino un mentor y un aliado para quienes est\u00e1n comenzando en el mundo de la m\u00fasica. Su legado no se mide \u00fanicamente por sus canciones, sino por su compromiso genuino con el futuro de la m\u00fasica, donde cada nueva voz merece ser escuchada.<\/p>\n\n\n<div class=\"wp-block-image\">\n<figure class=\"aligncenter size-large\"><img decoding=\"async\" width=\"577\" height=\"1024\" src=\"https:\/\/esreviral.com\/wp-content\/uploads\/2024\/12\/AnyConv.com__20240923103332920-577x1024.webp\" alt=\"\" class=\"wp-image-65291\" srcset=\"https:\/\/esreviral.com\/wp-content\/uploads\/2024\/12\/AnyConv.com__20240923103332920-577x1024.webp 577w, https:\/\/esreviral.com\/wp-content\/uploads\/2024\/12\/AnyConv.com__20240923103332920-169x300.webp 169w, https:\/\/esreviral.com\/wp-content\/uploads\/2024\/12\/AnyConv.com__20240923103332920-768x1364.webp 768w, https:\/\/esreviral.com\/wp-content\/uploads\/2024\/12\/AnyConv.com__20240923103332920-865x1536.webp 865w, https:\/\/esreviral.com\/wp-content\/uploads\/2024\/12\/AnyConv.com__20240923103332920-1153x2048.webp 1153w, https:\/\/esreviral.com\/wp-content\/uploads\/2024\/12\/AnyConv.com__20240923103332920-scaled.webp 1441w\" sizes=\"(max-width: 577px) 100vw, 577px\" \/><\/figure><\/div>\n\n\n<p><\/p>\n\n\n\n<p class=\"has-text-align-center\"><\/p>\n\n\n\n<p class=\"has-text-align-right\"><\/p>\n","protected":false},"excerpt":{"rendered":"<p>Carlos Eduardo Escobar.- En una nueva edici\u00f3n de Historias que Inspiran, el periodista Carlos Eduardo Escobar (@careduescobar) profundiza en la trayectoria de Juan V\u00edctor Etchegoyen (@juanetchegoyen_official), un destacado artista de 39 a\u00f1os de edad nacido en Necochea, Buenos Aires. M\u00e1s all\u00e1 de su \u00e9xito musical, Etchegoyen se ha convertido en un ferviente defensor de los [&hellip;]<\/p>\n","protected":false},"author":3,"featured_media":65292,"comment_status":"closed","ping_status":"closed","sticky":false,"template":"","format":"standard","meta":{"jnews-multi-image_gallery":[],"jnews_single_post":{"format":"standard"},"jnews_primary_category":[],"jnews_social_meta":[],"jnews_review":[],"enable_review":"","type":"","name":"","summary":"","brand":"","sku":"","good":[],"bad":[],"score_override":"","override_value":"","rating":[],"price":[],"jnews_override_counter":[],"jnews_post_split":[],"footnotes":""},"categories":[43],"tags":[17808,20812,11619,45],"class_list":["post-65289","post","type-post","status-publish","format-standard","has-post-thumbnail","hentry","category-actualidad","tag-artistas-emergentes","tag-juan-etchegoyen","tag-necochea","tag-noticias"],"amp_enabled":true,"_links":{"self":[{"href":"https:\/\/esreviral.com\/index.php?rest_route=\/wp\/v2\/posts\/65289"}],"collection":[{"href":"https:\/\/esreviral.com\/index.php?rest_route=\/wp\/v2\/posts"}],"about":[{"href":"https:\/\/esreviral.com\/index.php?rest_route=\/wp\/v2\/types\/post"}],"author":[{"embeddable":true,"href":"https:\/\/esreviral.com\/index.php?rest_route=\/wp\/v2\/users\/3"}],"replies":[{"embeddable":true,"href":"https:\/\/esreviral.com\/index.php?rest_route=%2Fwp%2Fv2%2Fcomments&post=65289"}],"version-history":[{"count":0,"href":"https:\/\/esreviral.com\/index.php?rest_route=\/wp\/v2\/posts\/65289\/revisions"}],"wp:featuredmedia":[{"embeddable":true,"href":"https:\/\/esreviral.com\/index.php?rest_route=\/wp\/v2\/media\/65292"}],"wp:attachment":[{"href":"https:\/\/esreviral.com\/index.php?rest_route=%2Fwp%2Fv2%2Fmedia&parent=65289"}],"wp:term":[{"taxonomy":"category","embeddable":true,"href":"https:\/\/esreviral.com\/index.php?rest_route=%2Fwp%2Fv2%2Fcategories&post=65289"},{"taxonomy":"post_tag","embeddable":true,"href":"https:\/\/esreviral.com\/index.php?rest_route=%2Fwp%2Fv2%2Ftags&post=65289"}],"curies":[{"name":"wp","href":"https:\/\/api.w.org\/{rel}","templated":true}]}}