{"id":65145,"date":"2024-11-29T15:36:51","date_gmt":"2024-11-29T20:36:51","guid":{"rendered":"https:\/\/esreviral.com\/?p=65145"},"modified":"2024-11-29T15:37:09","modified_gmt":"2024-11-29T20:37:09","slug":"sujeto-choco-a-venezolano-y-se-dio-a-la-fuga","status":"publish","type":"post","link":"https:\/\/esreviral.com\/?p=65145","title":{"rendered":"Sujeto choc\u00f3 a venezolano y se dio a la fuga: qued\u00f3 identificado y se busca"},"content":{"rendered":"\n<p><strong><em>KQA.- <\/em><\/strong>Un sujeto a alta velocidad que pas\u00f3 la luz del sem\u00e1foro en rojo, impact\u00f3 contra el veh\u00edculo de un venezolano, el hecho ocurri\u00f3 la madrugada de este viernes en el barrio de Palermo de la ciudad de Buenos Aires. <\/p>\n\n\n\n<p>El sujeto manejaba una <strong> furgoneta Renault Master color blanca, con patente JTN977, cruz\u00f3 un sem\u00e1foro en rojo a alta velocidad y embisti\u00f3 a un Fiat Cronos color bord\u00f3 en la intersecci\u00f3n de la Avenida Scalabrini Ortiz y C\u00f3rdoba. <\/strong>El pavimento mojado debido a una intensa lluvia contribuy\u00f3 al siniestro.<\/p>\n\n\n\n<p>La v\u00edctima,<strong> Santiago de Jes\u00fas S\u00e1nchez Affigne, un joven de 31 a\u00f1os de edad<\/strong>, relat\u00f3 que circulaba por la Avenida Scalabrini Ortiz, desde la calle Lerma hacia Niceto Vega, <strong>con el sem\u00e1foro en verde.<\/strong> Al llegar a la intersecci\u00f3n con la avenida C\u00f3rdoba, fue embestido por la furgoneta, el cual iba circulando por la avenida C\u00f3rdoba desde Ar\u00e1oz en direcci\u00f3n hacia Niceto Vega <strong>con el sem\u00e1foro en rojo.<\/strong><\/p>\n\n\n\n<p> \u201cEntre que el se\u00f1or reaccion\u00f3 tarde y el pavimento estaba h\u00famedo por la fuerte lluvia, no pudo frenar y me choc\u00f3 por el lado derecho de la trompa del auto. <strong>Al instante se dio a la fuga<\/strong>\u201d, se\u00f1al\u00f3 <strong>S\u00e1nchez Affigne<\/strong> .<\/p>\n\n\n\n<p class=\"has-text-align-center\"><em><strong><em><strong><em><strong><em><strong><a href=\"https:\/\/t.me\/esreviral\">\u00daNETE A NUESTRO CANAL DE TELEGRAM PARA ESTAR INFORMADO<\/a><\/strong><\/em><\/strong><\/em><\/strong><\/em><\/strong><\/em><\/p>\n\n\n<div class=\"wp-block-image\">\n<figure class=\"aligncenter size-large\"><img fetchpriority=\"high\" decoding=\"async\" width=\"677\" height=\"1024\" src=\"https:\/\/esreviral.com\/wp-content\/uploads\/2024\/11\/AnyConv.com__WhatsApp-Image-2024-11-29-at-5.07.36-PM-677x1024.webp\" alt=\"\" class=\"wp-image-65150\" srcset=\"https:\/\/esreviral.com\/wp-content\/uploads\/2024\/11\/AnyConv.com__WhatsApp-Image-2024-11-29-at-5.07.36-PM-677x1024.webp 677w, https:\/\/esreviral.com\/wp-content\/uploads\/2024\/11\/AnyConv.com__WhatsApp-Image-2024-11-29-at-5.07.36-PM-198x300.webp 198w, https:\/\/esreviral.com\/wp-content\/uploads\/2024\/11\/AnyConv.com__WhatsApp-Image-2024-11-29-at-5.07.36-PM-768x1161.webp 768w, https:\/\/esreviral.com\/wp-content\/uploads\/2024\/11\/AnyConv.com__WhatsApp-Image-2024-11-29-at-5.07.36-PM-1016x1536.webp 1016w, https:\/\/esreviral.com\/wp-content\/uploads\/2024\/11\/AnyConv.com__WhatsApp-Image-2024-11-29-at-5.07.36-PM.webp 1058w\" sizes=\"(max-width: 677px) 100vw, 677px\" \/><\/figure><\/div>\n\n\n<p><\/p>\n\n\n\n<p>Afortunadamente, <strong>un taxista que presenci\u00f3 el<\/strong> <strong>accidente <\/strong><strong>persigui\u00f3 al veh\u00edculo y logr\u00f3 capturar en video la patente<\/strong> <strong>de la furgoneta<\/strong>, proporcionando un elemento clave para la investigaci\u00f3n. Gracias a esto, <strong>S\u00e1nchez Affigne<\/strong> pudo realizar la denuncia ante la Divisi\u00f3n Comisar\u00eda Vecinal 14A de la Polic\u00eda de la Ciudad.<\/p>\n\n\n\n<p>El veh\u00edculo infractor est\u00e1 registrado a nombre de<strong> Hern\u00e1n Eduardo Gim\u00e9nez, DNI 30.945.033<\/strong>, mientras que <strong>el autorizado a manejarlo es Lucas Gabriel Cappuccio, DNI 36.164.975<\/strong>. Sin embargo, el afectado a\u00fan no cuenta con informaci\u00f3n sobre un seguro vigente o contacto directo con los responsables.<\/p>\n\n\n\n<p>El choque dej\u00f3 da\u00f1os visibles en el tren delantero del<strong> Fiat Cronos de la v\u00edctima<\/strong>, pero no se reportaron lesiones f\u00edsicas.<\/p>\n\n\n\n<figure class=\"wp-block-image size-large\"><img decoding=\"async\" width=\"1024\" height=\"768\" src=\"https:\/\/esreviral.com\/wp-content\/uploads\/2024\/11\/AnyConv.com__WhatsApp-Image-2024-11-29-at-4.47.10-PM-1024x768.webp\" alt=\"\" class=\"wp-image-65146\" srcset=\"https:\/\/esreviral.com\/wp-content\/uploads\/2024\/11\/AnyConv.com__WhatsApp-Image-2024-11-29-at-4.47.10-PM-1024x768.webp 1024w, https:\/\/esreviral.com\/wp-content\/uploads\/2024\/11\/AnyConv.com__WhatsApp-Image-2024-11-29-at-4.47.10-PM-300x225.webp 300w, https:\/\/esreviral.com\/wp-content\/uploads\/2024\/11\/AnyConv.com__WhatsApp-Image-2024-11-29-at-4.47.10-PM-768x576.webp 768w, https:\/\/esreviral.com\/wp-content\/uploads\/2024\/11\/AnyConv.com__WhatsApp-Image-2024-11-29-at-4.47.10-PM.webp 1280w\" sizes=\"(max-width: 1024px) 100vw, 1024px\" \/><\/figure>\n\n\n\n<p><\/p>\n\n\n\n<p><\/p>\n\n\n\n<figure class=\"wp-block-image size-large\"><img decoding=\"async\" width=\"1024\" height=\"768\" src=\"https:\/\/esreviral.com\/wp-content\/uploads\/2024\/11\/AnyConv.com__WhatsApp-Image-2024-11-29-at-4.47.10-PM-1-1024x768.webp\" alt=\"\" class=\"wp-image-65147\" srcset=\"https:\/\/esreviral.com\/wp-content\/uploads\/2024\/11\/AnyConv.com__WhatsApp-Image-2024-11-29-at-4.47.10-PM-1-1024x768.webp 1024w, https:\/\/esreviral.com\/wp-content\/uploads\/2024\/11\/AnyConv.com__WhatsApp-Image-2024-11-29-at-4.47.10-PM-1-300x225.webp 300w, https:\/\/esreviral.com\/wp-content\/uploads\/2024\/11\/AnyConv.com__WhatsApp-Image-2024-11-29-at-4.47.10-PM-1-768x576.webp 768w, https:\/\/esreviral.com\/wp-content\/uploads\/2024\/11\/AnyConv.com__WhatsApp-Image-2024-11-29-at-4.47.10-PM-1.webp 1280w\" sizes=\"(max-width: 1024px) 100vw, 1024px\" \/><\/figure>\n\n\n\n<p><\/p>\n\n\n\n<p><\/p>\n\n\n\n<p class=\"has-text-align-center\"><strong><a href=\"https:\/\/chat.whatsapp.com\/KWkTmakY3I05kNdd2oZl6d\"><em>\u00daNETE A NUESTRO GRUPO DE WHATSAPP PARA ESTAR INFORMADO<\/em><\/a><\/strong><\/p>\n","protected":false},"excerpt":{"rendered":"<p>KQA.- Un sujeto a alta velocidad que pas\u00f3 la luz del sem\u00e1foro en rojo, impact\u00f3 contra el veh\u00edculo de un venezolano, el hecho ocurri\u00f3 la madrugada de este viernes en el barrio de Palermo de la ciudad de Buenos Aires. El sujeto manejaba una furgoneta Renault Master color blanca, con patente JTN977, cruz\u00f3 un sem\u00e1foro [&hellip;]<\/p>\n","protected":false},"author":3,"featured_media":65148,"comment_status":"closed","ping_status":"closed","sticky":false,"template":"","format":"standard","meta":{"jnews-multi-image_gallery":[],"jnews_single_post":{"format":"standard"},"jnews_primary_category":[],"jnews_social_meta":[],"jnews_review":[],"enable_review":"","type":"","name":"","summary":"","brand":"","sku":"","good":[],"bad":[],"score_override":"","override_value":"","rating":[],"price":[],"jnews_override_counter":[],"jnews_post_split":[],"footnotes":""},"categories":[64,5892],"tags":[8097,44,1525,20603,45,784,15044,67],"class_list":["post-65145","post","type-post","status-publish","format-standard","has-post-thumbnail","hentry","category-sucesos","category-venezolanos-en-argentina","tag-accidente-de-transito-3","tag-argentina","tag-fuga","tag-furgoneta","tag-noticias","tag-palermo","tag-semaforo-en-rojo","tag-venezolanos-en-argentina"],"amp_enabled":true,"_links":{"self":[{"href":"https:\/\/esreviral.com\/index.php?rest_route=\/wp\/v2\/posts\/65145"}],"collection":[{"href":"https:\/\/esreviral.com\/index.php?rest_route=\/wp\/v2\/posts"}],"about":[{"href":"https:\/\/esreviral.com\/index.php?rest_route=\/wp\/v2\/types\/post"}],"author":[{"embeddable":true,"href":"https:\/\/esreviral.com\/index.php?rest_route=\/wp\/v2\/users\/3"}],"replies":[{"embeddable":true,"href":"https:\/\/esreviral.com\/index.php?rest_route=%2Fwp%2Fv2%2Fcomments&post=65145"}],"version-history":[{"count":0,"href":"https:\/\/esreviral.com\/index.php?rest_route=\/wp\/v2\/posts\/65145\/revisions"}],"wp:featuredmedia":[{"embeddable":true,"href":"https:\/\/esreviral.com\/index.php?rest_route=\/wp\/v2\/media\/65148"}],"wp:attachment":[{"href":"https:\/\/esreviral.com\/index.php?rest_route=%2Fwp%2Fv2%2Fmedia&parent=65145"}],"wp:term":[{"taxonomy":"category","embeddable":true,"href":"https:\/\/esreviral.com\/index.php?rest_route=%2Fwp%2Fv2%2Fcategories&post=65145"},{"taxonomy":"post_tag","embeddable":true,"href":"https:\/\/esreviral.com\/index.php?rest_route=%2Fwp%2Fv2%2Ftags&post=65145"}],"curies":[{"name":"wp","href":"https:\/\/api.w.org\/{rel}","templated":true}]}}