{"id":65052,"date":"2024-11-28T13:24:24","date_gmt":"2024-11-28T18:24:24","guid":{"rendered":"https:\/\/esreviral.com\/?p=65052"},"modified":"2024-11-28T13:24:26","modified_gmt":"2024-11-28T18:24:26","slug":"un-colectivo-se-quedo-sin-frenos-atropello-a-dos-mujeres-y-se-incrusto-en-un-kiosco-chofer-y-pasajeros-bajaron-a-tiempo","status":"publish","type":"post","link":"https:\/\/esreviral.com\/?p=65052","title":{"rendered":"Un colectivo se qued\u00f3 sin frenos, atropell\u00f3 a dos mujeres y se incrust\u00f3 en un kiosco: chofer y pasajeros bajaron a tiempo"},"content":{"rendered":"\n<p><strong>Un ins\u00f3lito accidente tuvo lugar este jueves al mediod\u00eda en el microcentro de C\u00f3rdoba,<\/strong> cuando un colectivo de la l\u00ednea 23, sin chofer ni pasajeros, embisti\u00f3 a dos mujeres que estaban en una esquina y termin\u00f3 incrust\u00e1ndose contra un sem\u00e1foro frente a un kiosco. Seg\u00fan informaciones preliminares, <strong>el veh\u00edculo habr\u00eda sufrido una falla en los frenos<\/strong>. Las v\u00edctimas fueron trasladadas al Hospital de Urgencias, mientras que el tr\u00e1nsito en la zona qued\u00f3 paralizado en plena hora pico, generando un caos vial.<\/p>\n\n\n\n<p>De acuerdo con los primeros reportes de medios locales, la unidad operada por la empresa Tamse circulaba por el bulevar Chacabuco y, al llegar a la intersecci\u00f3n con Illia, atropell\u00f3 a las dos mujeres antes de impactar contra el kiosco. Lo llamativo es que el colectivo estaba completamente vac\u00edo, convirti\u00e9ndose en una especie de \u201c<strong><em>colectivo fantasma\u201d<\/em><\/strong>.<\/p>\n\n\n\n<p>Un pasajero que viajaba en el colectivo antes del accidente relat\u00f3 a <em>El Doce TV <\/em>que el chofer hab\u00eda detectado una falla mec\u00e1nica y les pidi\u00f3 descender en una parada previa. \u201c<strong><em>A la altura del puente de Plaza Espa\u00f1a son\u00f3 una alarma dentro del colectivo. El conductor nos dijo que el veh\u00edculo ten\u00eda un problema en los frenos y nos solicit\u00f3 que baj\u00e1ramos en la esquina con San Juan. Luego, \u00e9l tambi\u00e9n descend\u00f3<\/em><\/strong>\u201d, coment\u00f3 el testigo. Minutos despu\u00e9s, escucharon un estruendo: el colectivo hab\u00eda avanzado solo y provocado el accidente.<\/p>\n\n\n\n<p class=\"has-text-align-center\"><em><strong><em><strong><em><strong><em><strong><a href=\"https:\/\/t.me\/esreviral\">\u00daNETE A NUESTRO CANAL DE TELEGRAM PARA ESTAR INFORMADO<\/a><\/strong><\/em><\/strong><\/em><\/strong><\/em><\/strong><\/em><\/p>\n\n\n\n<blockquote class=\"twitter-tweet\"><p lang=\"es\" dir=\"ltr\"><a href=\"https:\/\/twitter.com\/hashtag\/28Nov?src=hash&amp;ref_src=twsrc%5Etfw\">#28Nov<\/a> \ud83d\udccdAv. Illia y Chacabuco, C\u00f3rdoba<br>\ud83d\udca5Un colectivo de la empresa Tamse linea 23 interno 3034, perdi\u00f3 el control y se incrust\u00f3 contra un kiosco.<br>\ud83d\udc49 Se habr\u00eda quedado sin frenos<br>\ud83d\udc49 Hay dos personas heridas<a href=\"https:\/\/twitter.com\/hashtag\/EsReViral?src=hash&amp;ref_src=twsrc%5Etfw\">#EsReViral<\/a> <a href=\"https:\/\/t.co\/bG72GPGzLG\">pic.twitter.com\/bG72GPGzLG<\/a><\/p>&mdash; ES RE VIRAL (@esreviral) <a href=\"https:\/\/twitter.com\/esreviral\/status\/1862198982434308265?ref_src=twsrc%5Etfw\">November 28, 2024<\/a><\/blockquote> <script async src=\"https:\/\/platform.twitter.com\/widgets.js\" charset=\"utf-8\"><\/script>\n\n\n\n<p><\/p>\n\n\n\n<p>El comisario general Iv\u00e1n Reina confirm\u00f3 la versi\u00f3n del conductor en una entrevista con Cadena 3. \u201c<strong><em>El chofer asegur\u00f3 que dej\u00f3 el freno de mano puesto, pero la unidad avanz\u00f3 unos 100 metros aproximadamente sin control<\/em><\/strong>\u201d, explic\u00f3.<\/p>\n\n\n\n<p>Las mujeres atropelladas, de 56 y 74 a\u00f1os de edad, fueron trasladadas al Hospital de Urgencias. Desde el centro m\u00e9dico informaron que ambas se encuentran fuera de peligro, conscientes y con lesiones leves. \u201c<strong><em>Estaban paradas en la puerta del kiosco y quedaron debajo del colectivo. El sem\u00e1foro lo detuvo; de lo contrario, el veh\u00edculo habr\u00eda ingresado al local<\/em><\/strong>\u201d, relat\u00f3 una empleada del comercio al canal local.<\/p>\n\n\n\n<p>Eduardo Ram\u00edrez, presidente de Tamse, tambi\u00e9n aport\u00f3 detalles sobre el incidente. \u201c<strong><em>El conductor detuvo la unidad al detectar una falla en los pulmones del sistema de freno hidr\u00e1ulico. Lamentablemente, el freno de mano o el dispositivo de fijaci\u00f3n no funcion\u00f3, provocando que el veh\u00edculo se desplazara sin control<\/em><\/strong>\u201d, indic\u00f3.<\/p>\n\n\n\n<p>La Municipalidad de C\u00f3rdoba emiti\u00f3 un comunicado en el que confirm\u00f3 que el colectivo sufri\u00f3 un desperfecto mec\u00e1nico y que, tras el descenso de los pasajeros, el sistema de frenado fall\u00f3. \u201c<strong><em>El \u00f3mnibus cruz\u00f3 la calle e impact\u00f3 contra las dos personas que estaban en la acera<\/em><\/strong>\u201d, concluyeron las autoridades.<\/p>\n\n\n\n<p class=\"has-text-align-center\"><strong><a href=\"https:\/\/chat.whatsapp.com\/KWkTmakY3I05kNdd2oZl6d\"><em>\u00daNETE A NUESTRO GRUPO DE WHATSAPP PARA ESTAR INFORMADO<\/em><\/a><\/strong><\/p>\n","protected":false},"excerpt":{"rendered":"<p>Ocurri\u00f3 este jueves al mediod\u00eda en el microcentro de C\u00f3rdoba capital.<br \/>\nLas v\u00edctimas de 56 y 74 a\u00f1os fueron trasladadas al hospital de Urgencias. Est\u00e1n fuera de peligro.<br \/>\n\u00abEl chofer se percat\u00f3 que hab\u00eda un desperfecto y nos pidi\u00f3 que nos baj\u00e1ramos\u00bb, relat\u00f3 uno de los pasajeros.<\/p>\n","protected":false},"author":3,"featured_media":65053,"comment_status":"closed","ping_status":"closed","sticky":false,"template":"","format":"standard","meta":{"jnews-multi-image_gallery":[],"jnews_single_post":{"format":"standard"},"jnews_primary_category":[],"jnews_social_meta":[],"jnews_review":[],"enable_review":"","type":"","name":"","summary":"","brand":"","sku":"","good":[],"bad":[],"score_override":"","override_value":"","rating":[],"price":[],"jnews_override_counter":[],"jnews_post_split":[],"footnotes":""},"categories":[58,64],"tags":[433,44,898,3587,45],"class_list":["post-65052","post","type-post","status-publish","format-standard","has-post-thumbnail","hentry","category-argentina","category-sucesos","tag-accidente","tag-argentina","tag-cordoba","tag-inseguridad-vial","tag-noticias"],"amp_enabled":true,"_links":{"self":[{"href":"https:\/\/esreviral.com\/index.php?rest_route=\/wp\/v2\/posts\/65052"}],"collection":[{"href":"https:\/\/esreviral.com\/index.php?rest_route=\/wp\/v2\/posts"}],"about":[{"href":"https:\/\/esreviral.com\/index.php?rest_route=\/wp\/v2\/types\/post"}],"author":[{"embeddable":true,"href":"https:\/\/esreviral.com\/index.php?rest_route=\/wp\/v2\/users\/3"}],"replies":[{"embeddable":true,"href":"https:\/\/esreviral.com\/index.php?rest_route=%2Fwp%2Fv2%2Fcomments&post=65052"}],"version-history":[{"count":0,"href":"https:\/\/esreviral.com\/index.php?rest_route=\/wp\/v2\/posts\/65052\/revisions"}],"wp:featuredmedia":[{"embeddable":true,"href":"https:\/\/esreviral.com\/index.php?rest_route=\/wp\/v2\/media\/65053"}],"wp:attachment":[{"href":"https:\/\/esreviral.com\/index.php?rest_route=%2Fwp%2Fv2%2Fmedia&parent=65052"}],"wp:term":[{"taxonomy":"category","embeddable":true,"href":"https:\/\/esreviral.com\/index.php?rest_route=%2Fwp%2Fv2%2Fcategories&post=65052"},{"taxonomy":"post_tag","embeddable":true,"href":"https:\/\/esreviral.com\/index.php?rest_route=%2Fwp%2Fv2%2Ftags&post=65052"}],"curies":[{"name":"wp","href":"https:\/\/api.w.org\/{rel}","templated":true}]}}