{"id":64958,"date":"2024-11-27T08:10:16","date_gmt":"2024-11-27T13:10:16","guid":{"rendered":"https:\/\/esreviral.com\/?p=64958"},"modified":"2024-11-27T08:12:24","modified_gmt":"2024-11-27T13:12:24","slug":"el-gobierno-oficializo-la-implementacion-de-la-cedula-azul-digital-ahora-se-gestiona-desde-mi-argentina","status":"publish","type":"post","link":"https:\/\/esreviral.com\/?p=64958","title":{"rendered":"El Gobierno oficializ\u00f3 la implementaci\u00f3n de la c\u00e9dula azul digital: ahora se gestiona desde Mi Argentina"},"content":{"rendered":"\n<p>El Ministerio de Justicia oficializ\u00f3 la <strong>Disposici\u00f3n 343\/2024<\/strong>, publicada este mi\u00e9rcoles en el Bolet\u00edn Oficial, que introduce un procedimiento innovador para habilitar a terceros a conducir veh\u00edculos mediante la aplicaci\u00f3n <strong>Mi Argentina<\/strong>.<\/p>\n\n\n\n<p>Esta medida da continuidad a lo establecido en la <strong>Disposici\u00f3n 29\/2024<\/strong>, que modific\u00f3 el <strong>Digesto de Normas T\u00e9cnico-Registrales del Registro Nacional de la Propiedad del Automotor<\/strong>, eliminando la versi\u00f3n f\u00edsica de la \u201c<strong>C\u00e9dula de Identificaci\u00f3n para autorizado a conducir<\/strong>\u201d y reemplaz\u00e1ndola por una versi\u00f3n digital con <strong>vigencia indefinida<\/strong>.<\/p>\n\n\n\n<p class=\"has-text-align-center\"><em><strong><em><strong><em><strong><em><strong><a href=\"https:\/\/t.me\/esreviral\">\u00daNETE A NUESTRO CANAL DE TELEGRAM PARA ESTAR INFORMADO<\/a><\/strong><\/em><\/strong><\/em><\/strong><\/em><\/strong><\/em><\/p>\n\n\n\n<h3 class=\"wp-block-heading\"><strong><mark style=\"background-color:rgba(0, 0, 0, 0)\" class=\"has-inline-color has-vivid-red-color\">C\u00f3mo funciona el sistema<\/mark><\/strong><\/h3>\n\n\n\n<p>A partir de ahora, los titulares registrales podr\u00e1n habilitar a un tercero para visualizar la <strong>C\u00e9dula de Identificaci\u00f3n Digital<\/strong> desde su perfil en Mi Argentina, permitiendo el uso del veh\u00edculo tanto dentro del pa\u00eds como en salidas temporarias al exterior.<\/p>\n\n\n\n<p><\/p>\n\n\n\n<figure class=\"wp-block-image size-large\"><img decoding=\"async\" src=\"https:\/\/tn.com.ar\/resizer\/v2\/el-gobierno-reglamento-formalmente-la-implementacion-de-la-cedula-azul-digital-en-la-aplicacion-mi-argentina-foto-agencia-nacional-de-seguridad-vial-736N4T2MMXVFMVJ5PTEKX3RXR4.jpg?auth=cb5b619383f4e6689a2c527aa7e9ab8743ac4ab4c544b0049edbf6b40d887829&amp;width=1440\" alt=\"\"\/><\/figure>\n\n\n\n<p><\/p>\n\n\n\n<p><strong><mark style=\"background-color:rgba(0, 0, 0, 0)\" class=\"has-inline-color has-vivid-red-color\">Para habilitar a un tercero, el titular deber\u00e1:<\/mark><\/strong><\/p>\n\n\n\n<ol class=\"wp-block-list\">\n<li>Acceder a la app <strong>Mi Argentina<\/strong> en la secci\u00f3n \u201cMis veh\u00edculos\u201d.<\/li>\n\n\n\n<li>Seleccionar el dominio del veh\u00edculo registrado a su nombre.<\/li>\n\n\n\n<li>Elegir la opci\u00f3n \u201cHabilitar a conducir\u201d desde la c\u00e9dula vigente.<\/li>\n\n\n\n<li>Completar los datos del tercero (nombre, apellido y CUIT, CUIL o CDI).<\/li>\n<\/ol>\n\n\n\n<p><\/p>\n\n\n\n<p>El sistema est\u00e1 respaldado por el <strong>Departamento de Servicios Inform\u00e1ticos<\/strong> y la <strong>Subsecretar\u00eda de Tecnolog\u00edas de la Informaci\u00f3n y las Comunicaciones<\/strong>, garantizando mayor agilidad y simplicidad para los usuarios.<\/p>\n\n\n\n<h3 class=\"wp-block-heading\"><strong><mark style=\"background-color:rgba(0, 0, 0, 0)\" class=\"has-inline-color has-vivid-red-color\">Responsabilidades legales<\/mark><\/strong><\/h3>\n\n\n\n<p>Es importante destacar que esta habilitaci\u00f3n no modifica la <strong>responsabilidad civil del titular registral<\/strong> frente a los da\u00f1os ocasionados con el veh\u00edculo.<\/p>\n\n\n\n<h3 class=\"wp-block-heading\"><strong><mark style=\"background-color:rgba(0, 0, 0, 0)\" class=\"has-inline-color has-vivid-red-color\">Entrada en vigencia<\/mark><\/strong><\/h3>\n\n\n\n<p>La medida entr\u00f3 en vigor este mi\u00e9rcoles. Adem\u00e1s, se notificar\u00e1 a organismos clave como la <strong>Direcci\u00f3n Nacional de Migraciones<\/strong>, el <strong>Ministerio de Seguridad<\/strong> y la <strong>Agencia Nacional de Seguridad Vial<\/strong>, para asegurar su correcta implementaci\u00f3n y funcionamiento.<\/p>\n\n\n\n<p class=\"has-text-align-center\"><strong><a href=\"https:\/\/chat.whatsapp.com\/KWkTmakY3I05kNdd2oZl6d\"><em>\u00daNETE A NUESTRO GRUPO DE WHATSAPP PARA ESTAR INFORMADO<\/em><\/a><\/strong><\/p>\n\n\n\n<iframe src=\"https:\/\/drive.google.com\/file\/d\/139UjqLX8U6L49bEWLZfoTzgcMCONVq9r\/preview\" width=\"640\" height=\"480\" allow=\"autoplay\"><\/iframe>\n","protected":false},"excerpt":{"rendered":"<p>La medida permite a los titulares habilitar a terceros para conducir veh\u00edculos de forma r\u00e1pida y sencilla.<\/p>\n","protected":false},"author":3,"featured_media":64959,"comment_status":"closed","ping_status":"closed","sticky":false,"template":"","format":"standard","meta":{"jnews-multi-image_gallery":[],"jnews_single_post":{"format":"standard"},"jnews_primary_category":[],"jnews_social_meta":[],"jnews_review":[],"enable_review":"","type":"","name":"","summary":"","brand":"","sku":"","good":[],"bad":[],"score_override":"","override_value":"","rating":[],"price":[],"jnews_override_counter":[],"jnews_post_split":[],"footnotes":""},"categories":[58],"tags":[44,2878,6927,20459,17789,45,1746],"class_list":["post-64958","post","type-post","status-publish","format-standard","has-post-thumbnail","hentry","category-argentina","tag-argentina","tag-boletin-oficial","tag-cedula-azul","tag-cedula-azul-digital","tag-mi-argentina","tag-noticias","tag-transito-2"],"amp_enabled":true,"_links":{"self":[{"href":"https:\/\/esreviral.com\/index.php?rest_route=\/wp\/v2\/posts\/64958"}],"collection":[{"href":"https:\/\/esreviral.com\/index.php?rest_route=\/wp\/v2\/posts"}],"about":[{"href":"https:\/\/esreviral.com\/index.php?rest_route=\/wp\/v2\/types\/post"}],"author":[{"embeddable":true,"href":"https:\/\/esreviral.com\/index.php?rest_route=\/wp\/v2\/users\/3"}],"replies":[{"embeddable":true,"href":"https:\/\/esreviral.com\/index.php?rest_route=%2Fwp%2Fv2%2Fcomments&post=64958"}],"version-history":[{"count":0,"href":"https:\/\/esreviral.com\/index.php?rest_route=\/wp\/v2\/posts\/64958\/revisions"}],"wp:featuredmedia":[{"embeddable":true,"href":"https:\/\/esreviral.com\/index.php?rest_route=\/wp\/v2\/media\/64959"}],"wp:attachment":[{"href":"https:\/\/esreviral.com\/index.php?rest_route=%2Fwp%2Fv2%2Fmedia&parent=64958"}],"wp:term":[{"taxonomy":"category","embeddable":true,"href":"https:\/\/esreviral.com\/index.php?rest_route=%2Fwp%2Fv2%2Fcategories&post=64958"},{"taxonomy":"post_tag","embeddable":true,"href":"https:\/\/esreviral.com\/index.php?rest_route=%2Fwp%2Fv2%2Ftags&post=64958"}],"curies":[{"name":"wp","href":"https:\/\/api.w.org\/{rel}","templated":true}]}}