{"id":64955,"date":"2024-11-27T07:45:11","date_gmt":"2024-11-27T12:45:11","guid":{"rendered":"https:\/\/esreviral.com\/?p=64955"},"modified":"2024-11-27T07:45:12","modified_gmt":"2024-11-27T12:45:12","slug":"colombia-habilito-jornadas-para-el-tramite-y-entrega-del-ppt-para-venezolanos-todos-los-detalles","status":"publish","type":"post","link":"https:\/\/esreviral.com\/?p=64955","title":{"rendered":"Colombia habilit\u00f3 jornadas para el tr\u00e1mite y entrega del PPT para venezolanos: Todos los detalles"},"content":{"rendered":"\n<p><strong>Migraci\u00f3n Colombia <\/strong>anunci\u00f3 una <strong>jornada especial para la entrega del Permiso por Protecci\u00f3n Temporal (PPT) <\/strong>a <strong>migrantes venezolanos en Medell\u00edn<\/strong>, programada para los d\u00edas <strong>28, 29 y 30 de noviembre de 2024<\/strong>. El tr\u00e1mite se realizar\u00e1 en el Coliseo Carlos Mauro Hoyos, ubicado en el sector Guayabal.<\/p>\n\n\n\n<p>Adem\u00e1s, este 27 de noviembre de 2024, se llevar\u00e1 a cabo una Feria de Servicios en Bogot\u00e1, destinada a facilitar diversos tr\u00e1mites migratorios. La actividad tendr\u00e1 lugar en la calle 104 del sector Pasadena, entre las 8:00 a. m. y las 3:00 p. m.<\/p>\n\n\n\n<p class=\"has-text-align-center\"><em><strong><em><strong><em><strong><em><strong><a href=\"https:\/\/t.me\/esreviral\">\u00daNETE A NUESTRO CANAL DE TELEGRAM PARA ESTAR INFORMADO<\/a><\/strong><\/em><\/strong><\/em><\/strong><\/em><\/strong><\/em><\/p>\n\n\n\n<figure class=\"wp-block-image size-large\"><img decoding=\"async\" src=\"https:\/\/eldiario.com\/wp-content\/uploads\/2024\/11\/Migracion-Colombia-1-1536x1118.jpg.webp\" alt=\"\"\/><\/figure>\n\n\n\n<p><\/p>\n\n\n\n<p><strong><mark style=\"background-color:rgba(0, 0, 0, 0)\" class=\"has-inline-color has-vivid-red-color\">Servicios disponibles<\/mark><\/strong><\/p>\n\n\n\n<h3 class=\"wp-block-heading\"><strong><mark style=\"background-color:rgba(0, 0, 0, 0)\" class=\"has-inline-color has-vivid-red-color\">En ambas jornadas, los migrantes podr\u00e1n<\/mark><\/strong>:<\/h3>\n\n\n\n<ul class=\"wp-block-list\">\n<li>Realizar el registro biom\u00e9trico y validar datos.<\/li>\n\n\n\n<li>Recibir el PPT.<\/li>\n\n\n\n<li>Reportar incidencias como duplicados o errores en el documento.<\/li>\n\n\n\n<li>Acceder a informaci\u00f3n y asistencia en el stand de Atenci\u00f3n al Migrante.<\/li>\n<\/ul>\n\n\n\n<h3 class=\"wp-block-heading\"><strong><mark style=\"background-color:rgba(0, 0, 0, 0)\" class=\"has-inline-color has-vivid-red-color\">Beneficios del PPT<\/mark><\/strong><\/h3>\n\n\n\n<p>El PPT es un documento clave para los migrantes venezolanos, ya que les permite:<\/p>\n\n\n\n<ul class=\"wp-block-list\">\n<li>Acceder a servicios b\u00e1sicos como salud, educaci\u00f3n y empleo.<\/li>\n\n\n\n<li>Realizar operaciones bancarias.<\/li>\n\n\n\n<li>Ingresar al Sistema de Identificaci\u00f3n de Potenciales Beneficiarios de Programas Sociales (Sisben).<\/li>\n<\/ul>\n\n\n\n<p>Con una vigencia de 10 a\u00f1os, el PPT tambi\u00e9n garantiza el tr\u00e1nsito legal dentro de Colombia, contribuyendo al registro y organizaci\u00f3n del flujo migratorio.<\/p>\n\n\n\n<h3 class=\"wp-block-heading\"><strong><mark style=\"background-color:rgba(0, 0, 0, 0)\" class=\"has-inline-color has-vivid-red-color\">Importancia de la documentaci\u00f3n<\/mark><\/strong><\/h3>\n\n\n\n<p>Las autoridades han destacado la necesidad de que todos los migrantes regularicen su estatus. Hasta diciembre de 2022, Migraci\u00f3n Colombia report\u00f3 la entrada de 2,48 millones de venezolanos, cifra que aument\u00f3 a 2,86 millones seg\u00fan R4V en junio de 2023. Esto convierte a Colombia en el principal destino para migrantes venezolanos.<\/p>\n\n\n\n<figure class=\"wp-block-image size-large\"><img decoding=\"async\" src=\"https:\/\/eldiario.com\/wp-content\/uploads\/2024\/11\/Migracion-Colombia-2-1536x1152.jpg.webp\" alt=\"\"\/><\/figure>\n\n\n\n<h3 class=\"wp-block-heading\"><strong><mark style=\"background-color:rgba(0, 0, 0, 0)\" class=\"has-inline-color has-vivid-red-color\">Llamado a los migrantes<\/mark><\/strong><\/h3>\n\n\n\n<p>Migraci\u00f3n Colombia inst\u00f3 a los venezolanos a consultar su p\u00e1gina web para verificar si est\u00e1n agendados para retirar el PPT y aprovechar las jornadas especiales. La instituci\u00f3n tambi\u00e9n ofrece charlas virtuales a trav\u00e9s de sus cuentas en Facebook y YouTube para orientar a los interesados.<\/p>\n\n\n\n<p>\u201cEsta medida es fundamental para garantizar la integraci\u00f3n de los migrantes venezolanos ante la crisis en su pa\u00eds\u201d, subrayaron desde la Canciller\u00eda colombiana, recordando que el PPT est\u00e1 destinado a quienes ingresaron regularmente al territorio o cuentan con permisos previos como el PEP.<\/p>\n\n\n\n<p>Con estas iniciativas, Colombia refuerza su compromiso de apoyar a los migrantes venezolanos y garantizarles una mejor calidad de vida.<\/p>\n\n\n\n<p class=\"has-text-align-center\"><strong><a href=\"https:\/\/chat.whatsapp.com\/KWkTmakY3I05kNdd2oZl6d\"><em>\u00daNETE A NUESTRO GRUPO DE WHATSAPP PARA ESTAR INFORMADO<\/em><\/a><\/strong><\/p>\n","protected":false},"excerpt":{"rendered":"<p>El tr\u00e1mite podr\u00e1 hacerse los d\u00edas 28, 29 y 30 de noviembre en el Coliseo Carlos Mauro Hoyos, en Medell\u00edn | Foto principal: Migraci\u00f3n Colombia<\/p>\n","protected":false},"author":3,"featured_media":64956,"comment_status":"closed","ping_status":"closed","sticky":false,"template":"","format":"standard","meta":{"jnews-multi-image_gallery":[],"jnews_single_post":{"format":"standard"},"jnews_primary_category":[],"jnews_social_meta":[],"jnews_review":[],"enable_review":"","type":"","name":"","summary":"","brand":"","sku":"","good":[],"bad":[],"score_override":"","override_value":"","rating":[],"price":[],"jnews_override_counter":[],"jnews_post_split":[],"footnotes":""},"categories":[54,88],"tags":[283,6594,2052,20458,45,20457],"class_list":["post-64955","post","type-post","status-publish","format-standard","has-post-thumbnail","hentry","category-inmigracion","category-internacionales","tag-colombia","tag-migracion-colombia","tag-migrantes-venezolanos","tag-migrantes-venezolanos-en-medellin","tag-noticias","tag-permiso-por-proteccion-temporal"],"amp_enabled":true,"_links":{"self":[{"href":"https:\/\/esreviral.com\/index.php?rest_route=\/wp\/v2\/posts\/64955"}],"collection":[{"href":"https:\/\/esreviral.com\/index.php?rest_route=\/wp\/v2\/posts"}],"about":[{"href":"https:\/\/esreviral.com\/index.php?rest_route=\/wp\/v2\/types\/post"}],"author":[{"embeddable":true,"href":"https:\/\/esreviral.com\/index.php?rest_route=\/wp\/v2\/users\/3"}],"replies":[{"embeddable":true,"href":"https:\/\/esreviral.com\/index.php?rest_route=%2Fwp%2Fv2%2Fcomments&post=64955"}],"version-history":[{"count":0,"href":"https:\/\/esreviral.com\/index.php?rest_route=\/wp\/v2\/posts\/64955\/revisions"}],"wp:featuredmedia":[{"embeddable":true,"href":"https:\/\/esreviral.com\/index.php?rest_route=\/wp\/v2\/media\/64956"}],"wp:attachment":[{"href":"https:\/\/esreviral.com\/index.php?rest_route=%2Fwp%2Fv2%2Fmedia&parent=64955"}],"wp:term":[{"taxonomy":"category","embeddable":true,"href":"https:\/\/esreviral.com\/index.php?rest_route=%2Fwp%2Fv2%2Fcategories&post=64955"},{"taxonomy":"post_tag","embeddable":true,"href":"https:\/\/esreviral.com\/index.php?rest_route=%2Fwp%2Fv2%2Ftags&post=64955"}],"curies":[{"name":"wp","href":"https:\/\/api.w.org\/{rel}","templated":true}]}}