{"id":64761,"date":"2024-11-25T07:28:41","date_gmt":"2024-11-25T12:28:41","guid":{"rendered":"https:\/\/esreviral.com\/?p=64761"},"modified":"2024-11-25T07:28:42","modified_gmt":"2024-11-25T12:28:42","slug":"la-fiscalia-francesa-pide-la-pena-maxima-para-dominique-pelicot","status":"publish","type":"post","link":"https:\/\/esreviral.com\/?p=64761","title":{"rendered":"La fiscal\u00eda francesa pide la pena m\u00e1xima para Dominique Pelicot"},"content":{"rendered":"\n<p>La fiscal\u00eda solicit\u00f3 este lunes <strong>20 a\u00f1os de prisi\u00f3n para Dominique Pelicot, un jubilado franc\u00e9s acusado de drogar, violar y permitir que m\u00e1s de 51 hombres abusaran de su esposa Gis\u00e8le en su propia cama.<\/strong> El caso, ocurrido en Mazan, un peque\u00f1o pueblo de la Provence, ha conmocionado al pa\u00eds y se ha convertido en s\u00edmbolo de la lucha contra la <strong>violencia de g\u00e9nero<\/strong>.<\/p>\n\n\n\n<h3 class=\"wp-block-heading\"><strong><mark style=\"background-color:rgba(0, 0, 0, 0)\" class=\"has-inline-color has-vivid-red-color\">Un caso de abuso sistem\u00e1tico<\/mark><\/strong><\/h3>\n\n\n\n<p><strong>Pelicot,<\/strong> detenido desde noviembre de 2020, enfrenta<strong> cargos por violaciones agravadas cometidas entre 2011 y 2020, as\u00ed como por difundir im\u00e1genes \u00edntimas de su hija Caroline y de sus dos nueras, quienes se divorciaron de sus hijos tras los hechos<\/strong>. Entre las agravantes destacan que los abusos fueron realizados en grupo, bajo subyugaci\u00f3n qu\u00edmica y siendo \u00e9l el c\u00f3nyuge de la v\u00edctima.<\/p>\n\n\n\n<p><strong>Gis\u00e8le Pelicot<\/strong>, de 71 a\u00f1os de edad, ha alzado la voz y rechazado el anonimato, convirti\u00e9ndose en un<strong> \u00edcono feminista que busca cambios en la legislaci\u00f3n sobre la violaci\u00f3n en Francia<\/strong>. Su testimonio ha movilizado a miles de personas, que corearon su nombre en la Plaza de la Bastilla el pasado s\u00e1bado.<\/p>\n\n\n\n<p class=\"has-text-align-center\"><em><strong><em><strong><em><strong><em><strong><a href=\"https:\/\/t.me\/esreviral\">\u00daNETE A NUESTRO CANAL DE TELEGRAM PARA ESTAR INFORMADO<\/a><\/strong><\/em><\/strong><\/em><\/strong><\/em><\/strong><\/em><\/p>\n\n\n<div class=\"wp-block-image\">\n<figure class=\"aligncenter size-large\"><img decoding=\"async\" src=\"https:\/\/www.latercera.com\/resizer\/v2\/XA3YZAMCLNF37IYWVKRCQ7E44M.jpg?quality=80&amp;smart=true&amp;auth=b5626f89047dd827bd148ff1977e6b842403c7217b0a33491a9eafc83e781eac&amp;width=690&amp;height=502\" alt=\"\"\/><\/figure><\/div>\n\n\n<h3 class=\"wp-block-heading\"><strong><mark style=\"background-color:rgba(0, 0, 0, 0)\" class=\"has-inline-color has-vivid-red-color\">\u00abPersistencia de comportamientos desviados\u00bb<\/mark><\/strong><\/h3>\n\n\n\n<p>Durante las audiencias, la fiscal Laure Chabaud destac\u00f3 que los cr\u00edmenes de Pelicot no se limitaron a su esposa. \u201c<strong><em>Demostr\u00f3 una conducta criminal persistente por d\u00e9cadas<\/em><\/strong>\u201d, afirm\u00f3, aludiendo a los delitos cometidos contra su hija y nueras. Aunque Pelicot niega haber drogado y abusado de su hija, las pruebas gr\u00e1ficas difundidas en redes libertinas alimentan las sospechas.<\/p>\n\n\n\n<h3 class=\"wp-block-heading\"><strong><mark style=\"background-color:rgba(0, 0, 0, 0)\" class=\"has-inline-color has-vivid-red-color\">El testimonio de los acusados<\/mark><\/strong><\/h3>\n\n\n\n<p>El juicio tambi\u00e9n involucra a 50 coacusados, quienes aseguran haber sido enga\u00f1ados por Pelicot. Algunos afirmaron creer que Gis\u00e8le participaba voluntariamente, mientras otros admitieron su responsabilidad. La fiscal\u00eda se enfrenta ahora al desaf\u00edo de individualizar las penas, que podr\u00edan alcanzar los<strong> 20 a\u00f1os de c\u00e1rcel.<\/strong><\/p>\n\n\n\n<p>El caso, que finalizar\u00e1 el 20 de diciembre, ha sacudido a la sociedad francesa, reabriendo debates sobre la violencia sexual y el consentimiento. Pelicot, por su parte, se ha declarado culpable: <strong><em>\u201cSoy un violador. Arruin\u00e9 todo. Tengo que pagar<\/em><\/strong>\u201d, confes\u00f3 en la corte.<\/p>\n\n\n\n<h3 class=\"wp-block-heading\"><strong><mark style=\"background-color:rgba(0, 0, 0, 0)\" class=\"has-inline-color has-vivid-red-color\">Un juicio con impacto global<\/mark><\/strong><\/h3>\n\n\n\n<p>El fiscal Jean-Fran\u00e7ois Mayet se\u00f1al\u00f3 que este proceso busca cambiar las relaciones entre hombres y mujeres. \u201cEs una oportunidad para reflexionar sobre el consentimiento y nuestras emociones m\u00e1s \u00edntimas\u201d, afirm\u00f3.<\/p>\n\n\n\n<p>El veredicto promete ser un hito en la lucha contra la violencia de g\u00e9nero, en un juicio que ha puesto de manifiesto la necesidad de reformas legales y sociales.<\/p>\n\n\n\n<p class=\"has-text-align-center\"><strong><a href=\"https:\/\/chat.whatsapp.com\/KWkTmakY3I05kNdd2oZl6d\"><em>\u00daNETE A NUESTRO GRUPO DE WHATSAPP PARA ESTAR INFORMADO<\/em><\/a><\/strong><\/p>\n","protected":false},"excerpt":{"rendered":"<p>La fiscal\u00eda pidi\u00f3 20 a\u00f1os de prisi\u00f3n \u201cpor sus acciones despreciables\u201d.<br \/>\nEl acusado, un franc\u00e9s jubilado, drog\u00f3, viol\u00f3 e hizo violar a Gis\u00e8le, su esposa, en su propia cama, por m\u00e1s de 51 hombres.<\/p>\n","protected":false},"author":3,"featured_media":64762,"comment_status":"closed","ping_status":"closed","sticky":false,"template":"","format":"standard","meta":{"jnews-multi-image_gallery":[],"jnews_single_post":{"format":"standard"},"jnews_primary_category":[],"jnews_social_meta":[],"jnews_review":[],"enable_review":"","type":"","name":"","summary":"","brand":"","sku":"","good":[],"bad":[],"score_override":"","override_value":"","rating":[],"price":[],"jnews_override_counter":[],"jnews_post_split":[],"footnotes":""},"categories":[88,64],"tags":[20245,87,20246,1887,45,310],"class_list":["post-64761","post","type-post","status-publish","format-standard","has-post-thumbnail","hentry","category-internacionales","category-sucesos","tag-dominique-pelicot","tag-francia","tag-gisele-pelicot-2","tag-juicio","tag-noticias","tag-violencia-de-genero"],"amp_enabled":true,"_links":{"self":[{"href":"https:\/\/esreviral.com\/index.php?rest_route=\/wp\/v2\/posts\/64761"}],"collection":[{"href":"https:\/\/esreviral.com\/index.php?rest_route=\/wp\/v2\/posts"}],"about":[{"href":"https:\/\/esreviral.com\/index.php?rest_route=\/wp\/v2\/types\/post"}],"author":[{"embeddable":true,"href":"https:\/\/esreviral.com\/index.php?rest_route=\/wp\/v2\/users\/3"}],"replies":[{"embeddable":true,"href":"https:\/\/esreviral.com\/index.php?rest_route=%2Fwp%2Fv2%2Fcomments&post=64761"}],"version-history":[{"count":0,"href":"https:\/\/esreviral.com\/index.php?rest_route=\/wp\/v2\/posts\/64761\/revisions"}],"wp:featuredmedia":[{"embeddable":true,"href":"https:\/\/esreviral.com\/index.php?rest_route=\/wp\/v2\/media\/64762"}],"wp:attachment":[{"href":"https:\/\/esreviral.com\/index.php?rest_route=%2Fwp%2Fv2%2Fmedia&parent=64761"}],"wp:term":[{"taxonomy":"category","embeddable":true,"href":"https:\/\/esreviral.com\/index.php?rest_route=%2Fwp%2Fv2%2Fcategories&post=64761"},{"taxonomy":"post_tag","embeddable":true,"href":"https:\/\/esreviral.com\/index.php?rest_route=%2Fwp%2Fv2%2Ftags&post=64761"}],"curies":[{"name":"wp","href":"https:\/\/api.w.org\/{rel}","templated":true}]}}